{"id":108963,"date":"2021-01-08T12:33:43","date_gmt":"2021-01-08T17:33:43","guid":{"rendered":"https:\/\/linitiative.ca\/International\/la-campagne-de-vaccination-sera-lancee-quand-le-maroc-recevra-les-livraisons-necessaires\/"},"modified":"2021-01-08T12:33:43","modified_gmt":"2021-01-08T17:33:43","slug":"la-campagne-de-vaccination-sera-lancee-quand-le-maroc-recevra-les-livraisons-necessaires","status":"publish","type":"post","link":"https:\/\/linitiative.ca\/International\/la-campagne-de-vaccination-sera-lancee-quand-le-maroc-recevra-les-livraisons-necessaires\/","title":{"rendered":"La campagne de vaccination sera lanc\u00e9e quand le Maroc recevra  les livraisons n\u00e9cessaires"},"content":{"rendered":"<p class=\"c2\"><strong>Entretien exclusif avec le Professeur Khalid Ait Taleb, ministre de la Sant\u00e9<\/strong><\/p>\n<p class=\"c3\"><strong>Propos recueillis par Najib Amrani et Abdelaziz Ouardirhi<\/strong><\/p>\n<p><strong>Alors que le gouvernement a d\u00e9cid\u00e9 de prolonger d\u2019un mois l\u2019\u00e9tat d\u2019urgence sanitaire et les restrictions dict\u00e9es par la pand\u00e9mie du Covid-19, les Marocains, lass\u00e9s et us\u00e9s apr\u00e8s 10 mois de privation, se demandent sur l\u2019avancement de la campagne de vaccination et surtout sur efficacit\u00e9 pour tourner la page du coronavirus\u00a0 et retrouver un mode de vie normal.<\/strong><\/p>\n<p>Pour faire le point sur l\u2019\u00e9volution de la situation sanitaire au Maroc et les derniers pr\u00e9paratifs de la campagne de vaccination, la r\u00e9daction d\u2019Al Bayane est all\u00e9e \u00e0 la rencontre du Pr Khalid Ait Taleb, ministre de la Sant\u00e9. Entretien.<\/p>\n<p><strong><em>Monsieur le ministre, o\u00f9 en sommes-nous aujourd\u2019hui dans la lutte contre la pand\u00e9mie due \u00e0 la Covid-19\u00a0?<\/em><\/strong><\/p>\n<p>Merci de me permettre de porter un \u00e9clairage concernant l\u2019\u00e9volution de la lutte contre la pand\u00e9mie. Le Maroc avait pr\u00f4n\u00e9 depuis le d\u00e9but de cette crise une approche proactive et anticipative conform\u00e9ment aux orientations de S.M le Roi Mohammed VI.<\/p>\n<p>D\u00e8s le d\u00e9but, nous avons pr\u00e9conis\u00e9 le confinement, qui \u00e9tait d\u00e9cri\u00e9 par certains et appr\u00e9ci\u00e9 par d\u2019autres, mais il nous a permis d\u2019\u00eatre pr\u00eats pour circonscrire les difficult\u00e9s qu\u2019allait entrainer cette \u00e9pid\u00e9mie, sachant que le Maroc a un syst\u00e8me de sant\u00e9 assez vuln\u00e9rable avec\u00a0 beaucoup d\u2019insuffisances \u00e0 cause d\u2019un lourd h\u00e9ritage qui ne date pas de ces derni\u00e8res ann\u00e9es, mais qui r\u00e9sulte d\u2019un cumul de plusieurs d\u00e9cennies dont l\u2019insuffisance majeure concerne les ressources humaines.<\/p>\n<p>Marg\u00e9 tout cela, cette approche nous a permis d\u2019augmenter la capacit\u00e9 liti\u00e8re pour prendre en charge les personnes atteintes de Covid et aussi les malades non Covid. Car, faut-il le rappeler, il n\u2019y a pas aujourd\u2019hui \u00a0que les cas Covid qui posent probl\u00e8me pour notre syst\u00e8me de sant\u00e9.<\/p>\n<p>Nous avons ainsi d\u00e9di\u00e9 des structures hospitali\u00e8res pour les malades Covid, \u00a0augment\u00e9 la capacit\u00e9 liti\u00e8re des services de r\u00e9animation qui est pass\u00e9e \u00e9tait de 987 lits \u00e0 3168 lits de r\u00e9animation. C\u2019est une \u00e9volution est tr\u00e8s importante pour notre syst\u00e8me de sant\u00e9.<\/p>\n<p>Mais le vrai probl\u00e8me qui s\u2019est pos\u00e9 concerne l\u2019insuffisance du nombre des m\u00e9decin-anesth\u00e9siste et r\u00e9animateurs.<\/p>\n<p>Et pour y faire face, \u00a0nous avons d\u00e9cid\u00e9 de s\u2019organiser autour d\u2019un certains nombre de p\u00f4les d\u2019activit\u00e9s. C\u2019est les groupements des r\u00e9animateurs au niveau de centres hospitaliers. Nous avons d\u00e9sign\u00e9 et list\u00e9 les services de r\u00e9animations au niveau des grandes villes, o\u00f9 sont concentr\u00e9s un grand nombre de r\u00e9animateurs et l\u00e0 on a pu installer des circuits de r\u00e9gulation des patients.<\/p>\n<p>Cette action tr\u00e8s int\u00e9ressante nous a permis de faire face au flux massif des patients.<\/p>\n<p>Pour la prise en charge des malades et le traitement qui est prescrit, nous avons pr\u00e9conis\u00e9 un protocole\u00a0 que certaines personnes ont vu d\u2019un mauvais \u0153il\u00a0: la chloroquine. Les r\u00e9sultats sont l\u00e0 et confortent la pertinence de ce choix. Il faut rappeler, que ce traitement existait depuis longtemps au Maroc et il \u00e9tait prescrit pour le paludisme.<\/p>\n<p>Aujourd\u2019hui, nous importons la mati\u00e8re premi\u00e8re et nous fabriquons l\u2019 Hydroxychloroquine chez nous, ce choix a \u00e9t\u00e9 fait par conviction scientifique. C\u2019est un m\u00e9dicament efficace qui permet de diminuer la charge virale et la contagion\u2026<\/p>\n<p>Le nombre de cas actifs au Maroc repr\u00e9sente aujourd\u2019hui pratiquement le 1\/10<sup>\u00e8me<\/sup> \u00a0des cas actifs au niveau de certains pays qui sont au niveau de notre voisinage. Par cons\u00e9quent, on peut reconnaitre que la situation sur le plan \u00e9pid\u00e9miologique est sous contr\u00f4le, avec un taux de l\u00e9talit\u00e9 qui est des plus bas avec 1,7\u00a0 versus 2, 6 au niveau mondial.<\/p>\n<p>C\u2019est vrai que la situation n\u2019est pas encore stable \u00e0 l\u2019\u00e9chelon national, on assiste \u00e0 des petits rebonds par ci et par l\u00e0, mais nous avons pu maitriser la situation avec les mesures que nous avions pr\u00e9conis\u00e9es sur le terrain.<\/p>\n<p>Le Maroc avait enregistr\u00e9 quand m\u00eame un rebond pendant les trois derniers mois (septembre, octobre et novembre) \u00e0 cause de la mobilit\u00e9 des citoyens ( NDLR\u00a0: f\u00eates et vacances), ce qui a fait que le nombre des cas grave a augment\u00e9, mais maintenant tout le monde peut le constater, \u00a0le nombre des cas est entrain de baisser, le nombre des malades graves se stabilise et le nombre des cas actifs diminue, ce qui plaide en faveur d\u2019une bonne \u00e9volution de la strat\u00e9gie nationale de lutte contre la pand\u00e9mie due au Covid-19. Au mois de mars, on \u00e9tait a plus de 23 % aujourd\u2019hui nous sommes \u00e0 9,3%, il y a donc une \u00e9volution favorable.<\/p>\n<p>Toutes les mesures ont apport\u00e9 leurs fruits et nous pouvons dire que notre syst\u00e8me avec toutes les contraintes et tous les inconv\u00e9nients, a quand m\u00eame pu faire face \u00e0 cette situation \u00e9pid\u00e9miologique avec toutes les difficult\u00e9s rencontr\u00e9es sur le terrain et aussi tous les risques que les professionnels de sant\u00e9 ont encouru. Certains sont tomb\u00e9s malades, d\u2019autres sont d\u00e9c\u00e9d\u00e9s, \u00a0Dieu ait leurs \u00e2mes. A l\u2019\u00e9vidence, il y a une souffrance, il y a essoufflement et malgr\u00e9 tout cela, les professionnels de la sant\u00e9 sont aujourd\u2019hui encore attendus pour organiser et r\u00e9ussir la campagne de vaccination.<\/p>\n<p><strong>Qu\u2019en est-il de la nouvelle variante du virus qui inqui\u00e8te le monde entier aujourd\u2019hui\u00a0?<\/strong><\/p>\n<p>Aujourd\u2019hui, nous pr\u00e9conisons un maximum de vigilance par rapport \u00e0 cette nouvelle variante. Nous savons qu\u2019elle est essentiellement se transmet surtout au sein des jeunes adolescents tr\u00e8s actifs. Nous sommes entrain de faire quand m\u00eame des d\u00e9pistages pour chercher l\u2019existence cette de souche au Maroc, et en m\u00eame temps nous avons fait une \u00e9tude g\u00e9nomique des diff\u00e9rentes souches qui existent sur les cas positifs.<\/p>\n<p>A valeur d\u2019aujourd\u2019hui, les premiers r\u00e9sultats montrent qu\u2019il n\u2019y a pas de variante au Maroc, mais ceci ne veut pas dire que nous\u00a0 sommes \u00e0 l\u2019abri d\u2019une propagation de cette nouvelle variante.<\/p>\n<p>Toujours est-il que la vigilance doit \u00eatre maintenue au maximum \u00a0pour essayer d\u2019accompagner cette veille g\u00e9nomique. Cette mutation du\u00a0 virus ne doit pas entra\u00eener un rebond ou un revirement de la situation au Maroc, la campagne de vaccination doit se passer dans d\u2019excellentes conditions meilleure et optimale; car la finalit\u00e9 de la vaccination c\u2019est l\u2019immunit\u00e9 collective qui ne peut pas bien s\u00fbre \u00a0\u00eatre acquise s\u2019il y a un taux de positivit\u00e9 important.<\/p>\n<p><strong><em>Vous avez sign\u00e9 mercredi\u00a0 dernier l\u2019autorisation d\u2019utilisation temporaire d\u2019urgence de 12 mois du vaccin AstraZeneca. Pouvez-vous nous parler de ce vaccin\u00a0?<\/em><\/strong><\/p>\n<p>A propos de la vaccination en g\u00e9n\u00e9ral, le Maroc avait anticip\u00e9 cette question, sous les Hautes Instructions de Sa Majest\u00e9 le Roi qui \u00e9tait visionnaire sur ce sujet, depuis le mois d\u2019avril. Nous nous sommes attel\u00e9s sur cette question et toutes les mesures, toutes les solutions ont \u00e9t\u00e9 pr\u00e9conis\u00e9es mais sans pouvoir atteindre les r\u00e9sultats escompt\u00e9s.<\/p>\n<p>Il n\u2019y avait pas de rem\u00e8de pour le coronavirus, il n\u2019y avait que des traitements symptomatiques et la chloroquine est juste un traitement qui aide \u00e0 diminuer la charge virale.<\/p>\n<p>Je ne dis pas que le vaccin est la panac\u00e9e, c\u2019est la solution qui reste. On esp\u00e8re que la vaccination puisse diminuer la contagion, supprimer les formes graves, vu qu\u2019avec l\u2019immunisation l\u2019efficacit\u00e9 s\u2019\u00e9l\u00e8ve \u00e0 100% contre ces derni\u00e8res, et s\u2019il reste quand m\u00eame des cas d\u2019infections mineures elles seront g\u00e9rables.<\/p>\n<p>Sachant que chaque pays \u00e0 un syst\u00e8me de sant\u00e9 qui lui est sp\u00e9cifique, le Maroc avait pist\u00e9 six voies, avec six partenaires diff\u00e9rents. Sachant que le vaccin est une denr\u00e9e rare et que la capacit\u00e9 de production mondiale ne suffira pas pour r\u00e9pondre \u00e0 la demande de tous les pays, le Maroc, qui ne produit de vaccins \u2013 c\u2019est d\u2019ailleurs une le\u00e7on \u00e0 retenir pour l\u2019avenir- , devait se positionner pour en disposer parmi les premiers pays, pour limiter les effets n\u00e9gatifs de cette pand\u00e9mie. On a travaill\u00e9 avec AstraZeneca, Sinopharm, CanSino Bio, Pfizer et Johnson &amp; Johnson et derni\u00e8rement avec Moderna.<\/p>\n<p>Mais on a opt\u00e9 en priorit\u00e9 pour Sinopharm, qui est un vaccin \u00e0 virus inactiv\u00e9, \u00e0 travers un accord strat\u00e9gique en trois axes : Transfert technologique avec la construction, dans la r\u00e9gion du nord, d\u2019une usine de production du vaccin dans les mois \u00e0 venir ; Transfert d\u2019expertise\u00a0\u00a0 puisque le Maroc a fait pour la premi\u00e8re fois a fait les essais vaccinaux et enfin l\u2019approvisionnement privil\u00e9gi\u00e9 en quantit\u00e9 suffisante en vaccin Sinopharm.<\/p>\n<p>D\u2019un autre c\u00f4t\u00e9, il y avait un accord avec AstraZeneva, qu\u2019on connait tr\u00e8s bien. Le choix de ce deux vaccins est aussi dict\u00e9 par des consid\u00e9rations logistiques. Le Maroc connait\u00a0 les deux pr\u00e9-requis de gestion de ces deux vaccins, \u00e0 savoir la conservation \u00e0 des tempr\u00e9taures de +2 \u00e0 +8. Car, il faut rappeler que le Maroc ne peut pas faire une campagne de vaccination en masse durant une p\u00e9riode courte avec un vaccin qui n\u00e9cessite des conditions logistiques difficiles.\u00a0\u00a0<\/p>\n<p>Alors pour utiliser ces vaccins, il faut passer par les proc\u00e9dures r\u00e9glementaires par le comit\u00e9 des m\u00e9dicaments. C\u2019est un comit\u00e9 qui octroie l\u2019autorisation soit en situation d\u2019urgence selon les proc\u00e9dures de l\u2019OMS, soit une autorisation de mise sur le march\u00e9.<\/p>\n<p>Pourquoi\u00a0 on ne donne pas d\u2019autorisation d\u00e9finitive de mise sur le march\u00e9, parce que tout simplement, tous les projets de vaccins qui existent aujourd\u2019hui\u00a0\u00a0 sont en phase 3 des essais et ont \u00e9t\u00e9 valid\u00e9s sur la base des r\u00e9sultats pr\u00e9liminaires et non d\u00e9finitifs.<\/p>\n<p>La phase 3 des essais de tous les vaccins ne peut \u00eatre valid\u00e9e qu\u2019au bout d\u2019une ann\u00e9e. Donc personne ne peut aujourd\u2019hui autoriser la commercialisation d\u2019un vaccin. Les chinois sont peut-\u00eatre en avance sur les autres puisqu\u2019ils ont commenc\u00e9 avant et qu\u2019ils ont achev\u00e9 tous les r\u00e9sultats.<\/p>\n<p>Concernant la vaccination Astra Zeneca nous a fourni toutes les donn\u00e9es scientifiques n\u00e9cessaires, le comit\u00e9 scientifique de la vaccination, c\u2019est attel\u00e9 sur cette question, ainsi que sur le vaccin chinois de\u00a0 Sinopharm, comme ce vaccin on le connait tr\u00e8s bien, parce qu\u2019il a fait l\u2019objet quand m\u00eame des tests vaccinaux que nous connaissons son efficacit\u00e9 et son innocuit\u00e9 et maintenant que nous poss\u00e9dons tout l\u2019arsenal scientifique et r\u00e8glementaire par lequel il est autoris\u00e9 par les instances internationales en Angleterre et en Inde, le Maroc lui aussi de son cot\u00e9 puisqu\u2019il va utiliser ces produits, il autorise d\u2019abord le premier et nous sommes entrain d\u2019\u00e9tudier le deuxi\u00e8me pour qu\u2019il soit utilis\u00e9 selon un programme et une strat\u00e9gie bien d\u00e9finie assurant la disponibilit\u00e9\u00a0et l\u2019\u00e9quit\u00e9 au niveau territorial.<\/p>\n<p><strong><em>Peut-on avoir une id\u00e9e sur la date de la campagne de vaccination\u00a0?<\/em><\/strong><\/p>\n<p>La vaccination sera lanc\u00e9e quand le vaccin sera sur place, le minist\u00e8re de la Sant\u00e9 n\u2019a pas encore re\u00e7u les livraisons n\u00e9cessaires pour le d\u00e9marrage de la campagne de vaccination. Une fois le vaccin re\u00e7u, nous ferons une annonce officielle.<\/p>\n<p><strong><em>Qu\u2019en est-il de la partie logistique de cette campagne de vaccination\u00a0?<\/em><\/strong><\/p>\n<p>L\u2019organisation de la campagne de vaccination est une op\u00e9ration complexe et de grande envergure. Nous travaillons de concert avec le minist\u00e8re de l\u2019Int\u00e9rieur et le minist\u00e8re des Affaires \u00e9trang\u00e8res pour l\u2019approvisionnement. Il va falloir une flotte a\u00e9rienne pour acheminer le vaccin vers le Maroc.<\/p>\n<p>Une fois sur place, il faudra mettre en place un arsenal pour acheminer le produit vers la r\u00e9gie de stockage selon les pr\u00e9-requis et un monotoring et une surveillance \u00e0 distance et un tracking par GPS des v\u00e9hicules pour contr\u00f4ler le du transport du vaccin vers les 3047 stations de vaccination \u00e0 l\u2019\u00e9chelle nationale. Ces stations vont fonctionner selon le mode fixe pour accueillir les populations qui seront inform\u00e9es par SMS selon un registre \u00e9tabli sur la base des num\u00e9ros de CIN. Il y a aura \u00e9galement un mode mobile pour les personnes vuln\u00e9rables. Les \u00e9quipes de vaccination se d\u00e9placeront chez cette cat\u00e9gorie.<\/p>\n<p>L\u2019op\u00e9ration de vaccination n\u00e9cessite l\u2019implication de toutes les forces vives du pays. La vaccination se fera en deux doses et il ne faut surtout pas rater le 2<sup>e<\/sup> rendez-vous et entre les deux il faut un maximum de vigilance. Une recrudescence des cas pendant la campagne de vaccination risquerait de compliquer la situation.<\/p>\n<p>Il faut surtout g\u00e9rer la p\u00e9riode de post-vaccination qui est plus importante que la vaccination. Car avec le manque de recul, si on connait l\u2019efficacit\u00e9 de ce vaccin, on ne connait pas aujourd\u2019hui sa dur\u00e9e de protection.<\/p>\n<p><strong><em>Au niveau de la coop\u00e9ration internationale, quelle est la place du Maroc\u00a0 dans ce concert de la recherche et d\u00e9veloppement dans le domaine sanitaire\u00a0?<\/em><\/strong><\/p>\n<p>Aujourd\u2019hui, si vous faites le tour des CHU, chacun travaille de son c\u00f4t\u00e9, parce que c\u2019est des \u00e9tablissements qui sont autonomes et qui ont la possibilit\u00e9 en toute ind\u00e9pendance de contracter des relations \u00a0avec n\u2019importe quels autres pays. C\u2019est ce \u00a0qui existe d\u2019ailleurs \u00a0\u00a0au niveau du CHU de F\u00e8s, j\u2019avais m\u00eame contact\u00e9 des conventions de coop\u00e9ration internationale avec pas mal de pays. Mais, il faut dire que cela doit compl\u00e8tement changer. Il faut \u0153uvrer \u00e0 tisser des conventions s de coop\u00e9ration dans un cadre plus harmonieux \u00a0dont la finalit\u00e9 est celle de r\u00e9pondre aux besoins n\u00e9cessaires de la population.<\/p>\n<p>Aujourd\u2019hui, nous sommes en train de\u00a0 parler de la r\u00e9gionalisation du syst\u00e8me de sant\u00e9. Un syst\u00e8me de sant\u00e9 qui ne s\u2019adapte pas par rapport au contexte actuel de la population avec toutes les contraintes existantes, n\u2019est point \u00a0un syst\u00e8me de sant\u00e9 qui est \u00e0 m\u00eame d\u2019\u00eatre \u00e9volutif et d\u2019\u00eatre r\u00e9silient. Je pense qu\u2019on peut donner un mode de gouvernance ou encore un statut, mais il s\u2019agit uniquement des outils.<\/p>\n<p>Cependant, \u00a0la r\u00e9gionalisation doit \u00eatre une approche sur le terrain pour r\u00e9pondre exactement \u00e0 l\u2019ensemble des attentes. Car quand vous ouvrez un CHU dans une r\u00e9gion, cela signifie l\u2019installation de toutes les \u00a0institutions annexes. Vous pouvez ainsi dispenser une formation adapt\u00e9e aux besoins de la population, former autant de postes, de profils n\u00e9cessaires par rapport \u00e0 la population.<\/p>\n<p>Qu\u2019est-ce qui se passe aujourd\u2019hui ? Les formations sont centralis\u00e9es, vous faites des formations, il y a des \u00ab numerus clausus \u00bb pour certains, alors que pour d\u2019autres non\u2026 Ainsi, alors que le besoin est important vous avez des profils qui ch\u00f4ment. Pourquoi ? Parce qu\u2019il n\u2019y a pas une ad\u00e9quation entre les cursus de formation et la r\u00e9alit\u00e9 du terrain.<\/p>\n<p>Par contre avec l\u2019approche r\u00e9gionale, on pourra proposer une formation sur mesure et augmenter notre effectif de formation en fonction du besoin.<\/p>\n<p>A ce niveau, \u00a0on assistera \u00e0 une sorte de comp\u00e9tition entre les r\u00e9gions.\u00a0Cette comp\u00e9titivit\u00e9 permettra \u00e9videment de \u00a0faire \u00e9voluer une concurrence positive. Chose qui permettra de garantir une am\u00e9lioration de l\u2019offre sanitaire.<\/p>\n<p><strong><em>Depuis le d\u00e9but de la crise sanitaire, le priv\u00e9 a \u00e9t\u00e9 d\u00e9cri\u00e9, , vous avez fait des d\u00e9clarations et m\u00eame des interventions pour recadrer les choses\u00a0\u2026<\/em><\/strong><\/p>\n<p>Aujourd\u2019hui j\u2019estime que mon r\u00f4le est d\u2019\u00eatre f\u00e9d\u00e9rateur. Nous sommes \u00e0 la veille d\u2019un changement du syst\u00e8me de sant\u00e9. Il faudrait \u00a0que tout le monde y contribue pour qu\u2019on puisse avancer ensemble et en finir avec la p\u00e9riode du cloisonnement, de la stigmatisation.<\/p>\n<p>Nous voulons parler de syst\u00e8me de sant\u00e9 avec l\u2019ensemble des composantes, public et priv\u00e9 et interm\u00e9diaire. Le partenariat public-priv\u00e9 a toute sa place.<\/p>\n<p>Grosso modo, le secteur priv\u00e9 a sa place et\u00a0 le secteur public a aussi sa place, il l\u2019a montr\u00e9 d\u2019ailleurs lors de la gestion de la pand\u00e9mie. Mais, ensemble on peut faire mieux.<\/p>\n<p>La question qui s\u2019impose est celle de savoir si les budgets qui existent sont suffisants pour pouvoir \u00a0r\u00e9pondre \u00e0 l\u2019ensemble des besoins en mati\u00e8re d\u2019\u00e9quipements n\u00e9cessaires\u2026 pour la radiologie, par exemple. Mais, on peut \u00a0mutualiser les moyens\u2026.<\/p>\n<p>Cette mutualisation va apporter \u00a0un meilleur service au citoyen et permettre de faire des \u00e9conomies d\u2019\u00e9chelles notamment en mati\u00e8re de maintenance et d\u2019investissements. Cet esprit l\u00e0 on peut le faire \u00e9ventuellement \u00a0avec le priv\u00e9 et le secteur interm\u00e9diaire.<\/p>\n<p>Je cite un autre exemple, il y a des comp\u00e9tences pour des sp\u00e9cialit\u00e9s\u00a0 qui n\u2019existent pas au Maroc\u2026. La diaspora marocaine voulant rentrer au Maroc, mais elle ne dispose pas d\u2019un cadre incitatif pour qu\u2019elle puisse rentrer. \u00a0Ces sp\u00e9cialistes marocains d\u2019ailleurs quand ils rentrent aux pays, et bien sur que le pays a besoin d\u2019eux,\u2026 on doit leurs offrir quand m\u00eame une proc\u00e9dure facile pour qu\u2019ils puissent int\u00e9grer le secteur public.<\/p>\n<p>Par ailleurs, nous sommes en marasme au niveau des ressources humaines et il y a des gens qui sont \u00e0 la veille de \u00a0\u00a0la retraite, mais ils disposent d\u2019une expertise et m\u00eame \u00a0la possibilit\u00e9 de fournir encore \u00a0d\u2019efforts. On peut les garder.<\/p>\n<p>Je pense qu\u2019on est tr\u00e8s en de\u00e7\u00e0 de la normalisation du secteur, il y un gap important.<\/p>\n<p>D\u2019o\u00f9 la n\u00e9cessit\u00e9 de concilier tous les efforts et toutes les solutions, les faire converger pour que l\u2019on puisse atteindre les ratios demand\u00e9es. A ce moment l\u00e0 on peut parler de normalisation.<\/p>\n<p><strong><em>Actuellement, il\u00a0 y a plusieurs\u00a0 \u00e9coles priv\u00e9es qui forment des profils int\u00e9ressants mais quand il s\u2019agit de trouver un travail, c\u2019est le parcours d\u2019un combattant. Le d\u00e9partement de tutelle a-t-il\u00a0 mis en place une strat\u00e9gie pour les int\u00e9grer dans fonction m\u00e9dicale\u00a0?<\/em><\/strong><\/p>\n<p>La formation param\u00e9dicale, telle qu\u2019elle existe aujourd\u2019hui, manque d\u2019esprit, parce que, on consid\u00e8re que les infirmiers form\u00e9s, sont des m\u00e9decins rat\u00e9s. Car par rapport au concours de m\u00e9decine, celui qui n\u2019arrive pas \u00e0 r\u00e9ussir l\u2019examen, il passe le concours des infirmiers.<\/p>\n<p>Cela est de nature \u00e0 cr\u00e9er une tension \u00e0 l\u2019int\u00e9rieur des h\u00f4pitaux. On a en face des infirmiers qui veulent am\u00e9liorer leur situation en poursuivant leurs \u00e9tudes sup\u00e9rieures (LMS). Cela rel\u00e8ve \u00e9videment\u00a0 de leurs droits, mais\u00a0 qui fera les soins infirmiers.<\/p>\n<p>Je pense qu\u2019on a fait une erreur du fait qu\u2019on a abandonn\u00e9 les adjoints de sant\u00e9 brevet\u00e9s. Le hic, c\u2019est qu\u2019il y a un manque important et des gens qui ch\u00f4ment.<\/p>\n<p>C\u2019est des gens qui ont eu une formation par des institutions qui sont reconnues par l\u2019Etat. S\u2019il y a un probl\u00e8me au niveau de la formation, on peut rectifier le tir en adoptant des formations cibl\u00e9es, mais il faut qu\u2019ils soient recrut\u00e9s. Il faut cr\u00e9er un syst\u00e8me de reconnaissance ou d\u2019\u00e9quivalence qui permettra \u00e9ventuellement d\u2019assainir cette situation. J\u2019estime que cela doit \u00eatre r\u00e9gl\u00e9 au plus vite, il s\u2019agit d\u2019une conviction personnelle.<\/p>\n<p>Auteur: M&rsquo;hammed rahal<br \/>\n<a href=\"http:\/\/albayane.press.ma\/la-campagne-de-vaccination-sera-lancee-quand-le-maroc-recevra-les-livraisons-necessaires.html\">Cliquez ici pour lire l&rsquo;article depuis sa source.<\/a><\/p>\n","protected":false},"excerpt":{"rendered":"<p>Entretien exclusif avec le Professeur Khalid Ait Taleb, ministre de la Sant\u00e9 Propos recueillis par Najib Amrani et Abdelaziz Ouardirhi Alors que le gouvernement a d\u00e9cid\u00e9 de prolonger d\u2019un mois l\u2019\u00e9tat d\u2019urgence sanitaire et les restrictions dict\u00e9es par la pand\u00e9mie du Covid-19, les Marocains, lass\u00e9s et us\u00e9s apr\u00e8s 10 mois de privation, se demandent sur [&hellip;]<\/p>\n","protected":false},"author":1760,"featured_media":0,"comment_status":"closed","ping_status":"closed","sticky":false,"template":"","format":"standard","meta":{"fifu_image_url":"","fifu_image_alt":"","footnotes":""},"categories":[73,54],"tags":[],"class_list":["post-108963","post","type-post","status-publish","format-standard","hentry","category-actualite","category-maroc"],"_links":{"self":[{"href":"https:\/\/linitiative.ca\/International\/wp-json\/wp\/v2\/posts\/108963","targetHints":{"allow":["GET"]}}],"collection":[{"href":"https:\/\/linitiative.ca\/International\/wp-json\/wp\/v2\/posts"}],"about":[{"href":"https:\/\/linitiative.ca\/International\/wp-json\/wp\/v2\/types\/post"}],"author":[{"embeddable":true,"href":"https:\/\/linitiative.ca\/International\/wp-json\/wp\/v2\/users\/1760"}],"replies":[{"embeddable":true,"href":"https:\/\/linitiative.ca\/International\/wp-json\/wp\/v2\/comments?post=108963"}],"version-history":[{"count":0,"href":"https:\/\/linitiative.ca\/International\/wp-json\/wp\/v2\/posts\/108963\/revisions"}],"wp:attachment":[{"href":"https:\/\/linitiative.ca\/International\/wp-json\/wp\/v2\/media?parent=108963"}],"wp:term":[{"taxonomy":"category","embeddable":true,"href":"https:\/\/linitiative.ca\/International\/wp-json\/wp\/v2\/categories?post=108963"},{"taxonomy":"post_tag","embeddable":true,"href":"https:\/\/linitiative.ca\/International\/wp-json\/wp\/v2\/tags?post=108963"}],"curies":[{"name":"wp","href":"https:\/\/api.w.org\/{rel}","templated":true}]}}