{"id":108964,"date":"2021-01-09T04:54:33","date_gmt":"2021-01-09T09:54:33","guid":{"rendered":"https:\/\/linitiative.ca\/International\/reduction-de-12-du-deficit-de-la-balance-denergie-primaire\/"},"modified":"2021-01-09T04:54:33","modified_gmt":"2021-01-09T09:54:33","slug":"reduction-de-12-du-deficit-de-la-balance-denergie-primaire","status":"publish","type":"post","link":"https:\/\/linitiative.ca\/International\/reduction-de-12-du-deficit-de-la-balance-denergie-primaire\/","title":{"rendered":"R\u00e9duction de 12% du d\u00e9ficit de la balance d\u2019\u00e9nergie primaire"},"content":{"rendered":"<h2>Le d\u00e9ficit de la balance d\u2019\u00e9nergie primaire s\u2019est r\u00e9duit de 12%, pour atteindre 4,6 millions de tonnes \u00e9quivalent p\u00e9trole (tep), au cours des 11 mois de 2020. Et ce contre un d\u00e9ficit de 5,2 millions de tep, au cours de la m\u00eame p\u00e9riode de 2019. Affirme le\u00a0<a href=\"http:\/\/fr.tunisie.gov.tn\/annuaire\/21\/9-minist%C3%A8re-de-l-%C3%A9nergie-des-mines-et-de-la-transition-%C3%A9nerg%C3%A9tique.htm\" target=\"_blank\" rel=\"noopener noreferrer\">rapport mensuel<\/a>\u00a0de la situation du secteur \u00e9nerg\u00e9tique du mois de novembre 2020.<\/h2>\n<p>Commentant le d\u00e9ficit, le rapport affirme que le taux d\u2019ind\u00e9pendance \u00e9nerg\u00e9tique s\u2019est ainsi, am\u00e9lior\u00e9, pour atteindre 43% contre 41% au cours de la m\u00eame p\u00e9riode de 2019, d\u2019apr\u00e8s la page Facebook du minist\u00e8re de l\u2019Industrie, de l\u2019Energie et des Mines. Une baisse de 2% des ressources nationales en \u00e9nergie est enregistr\u00e9e, lors des 11 mois de 2020, par rapport \u00e0 la m\u00eame p\u00e9riode de 2019.<\/p>\n<p>Les ressources nationales en \u00e9nergie ont atteint pr\u00e8s de 3,5 millions de TEP. Et ce, \u00e0 la fin du mois de novembre 2020, \u00e0 cause de la baisse de la production nationale en p\u00e9trole brut.<\/p>\n<p>Le rapport a fait ressortir une baisse de la demande globale sur l\u2019\u00e9nergie primaire de 8% par rapport \u00e0 la m\u00eame p\u00e9riode de l\u2019ann\u00e9e pr\u00e9c\u00e9dente, pour atteindre 8,1 millions de tep, suite aux mesures prises pour lutter contre la pand\u00e9mie du\u00a0<a href=\"http:\/\/www.leconomistemaghrebin.com\/2021\/01\/08\/le-vaccin-anti-covid-19-conviendrait-il-a-la-femme-enceinte\/\" target=\"_blank\" rel=\"noopener noreferrer\">COVID-19<\/a>, lesquelles ont influenc\u00e9 de mani\u00e8re directe la consommation de l\u2019\u00e9nergie. La consommation des produits p\u00e9troliers a baiss\u00e9 de 11% alors que la demande sur le gaz naturel a baiss\u00e9 de 5%.<\/p>\n<p>Avec TAP<\/p>\n<div class=\"wp-post-author-wrap wp-post-author-shortcode left\">\n<h3 class=\"awpa-title\"\/>\n<div class=\"wp-post-author\">\n<div class=\"awpa-img awpa-author-block square\"><a href=\"http:\/\/lexpertjournal.net\/fr\/?author=5\"><img loading=\"lazy\" decoding=\"async\" alt=\"\" src=\"http:\/\/0.gravatar.com\/avatar\/97f8e10a1c1125ba104a76514ee07b16?s=150&amp;d=mm&amp;r=g\" srcset=\"http:\/\/0.gravatar.com\/avatar\/97f8e10a1c1125ba104a76514ee07b16?s=300&amp;d=mm&amp;r=g 2x\" class=\"avatar avatar-150 photo\" height=\"150\" width=\"150\"\/><\/a><\/div>\n<\/div>\n<\/div>\n<aside class=\"mashsb-container mashsb-main mashsb-stretched\">\n<\/aside>\n<p>Auteur: L&rsquo;expert<br \/>\n<a href=\"http:\/\/lexpertjournal.net\/fr\/?p=18017\">Cliquez ici pour lire l&rsquo;article depuis sa source.<\/a><\/p>\n","protected":false},"excerpt":{"rendered":"<p>Le d\u00e9ficit de la balance d\u2019\u00e9nergie primaire s\u2019est r\u00e9duit de 12%, pour atteindre 4,6 millions de tonnes \u00e9quivalent p\u00e9trole (tep), au cours des 11 mois de 2020. Et ce contre un d\u00e9ficit de 5,2 millions de tep, au cours de la m\u00eame p\u00e9riode de 2019. Affirme le\u00a0rapport mensuel\u00a0de la situation du secteur \u00e9nerg\u00e9tique du mois [&hellip;]<\/p>\n","protected":false},"author":1775,"featured_media":0,"comment_status":"closed","ping_status":"closed","sticky":false,"template":"","format":"standard","meta":{"fifu_image_url":"http:\/\/0.gravatar.com\/avatar\/97f8e10a1c1125ba104a76514ee07b16?s=150&d=mm&r=g","fifu_image_alt":"R\u00e9duction de 12% du d\u00e9ficit de la balance d\u2019\u00e9nergie primaire","footnotes":""},"categories":[78,55],"tags":[],"class_list":["post-108964","post","type-post","status-publish","format-standard","hentry","category-economie","category-tunisie"],"_links":{"self":[{"href":"https:\/\/linitiative.ca\/International\/wp-json\/wp\/v2\/posts\/108964","targetHints":{"allow":["GET"]}}],"collection":[{"href":"https:\/\/linitiative.ca\/International\/wp-json\/wp\/v2\/posts"}],"about":[{"href":"https:\/\/linitiative.ca\/International\/wp-json\/wp\/v2\/types\/post"}],"author":[{"embeddable":true,"href":"https:\/\/linitiative.ca\/International\/wp-json\/wp\/v2\/users\/1775"}],"replies":[{"embeddable":true,"href":"https:\/\/linitiative.ca\/International\/wp-json\/wp\/v2\/comments?post=108964"}],"version-history":[{"count":0,"href":"https:\/\/linitiative.ca\/International\/wp-json\/wp\/v2\/posts\/108964\/revisions"}],"wp:attachment":[{"href":"https:\/\/linitiative.ca\/International\/wp-json\/wp\/v2\/media?parent=108964"}],"wp:term":[{"taxonomy":"category","embeddable":true,"href":"https:\/\/linitiative.ca\/International\/wp-json\/wp\/v2\/categories?post=108964"},{"taxonomy":"post_tag","embeddable":true,"href":"https:\/\/linitiative.ca\/International\/wp-json\/wp\/v2\/tags?post=108964"}],"curies":[{"name":"wp","href":"https:\/\/api.w.org\/{rel}","templated":true}]}}