{"id":108965,"date":"2021-01-09T04:57:54","date_gmt":"2021-01-09T09:57:54","guid":{"rendered":"https:\/\/linitiative.ca\/International\/la-tunisie-et-le-fmi-ont-convenu-de-la-mise-en-place-dun-programme-de-reformes-economiques-precis\/"},"modified":"2021-01-09T04:57:54","modified_gmt":"2021-01-09T09:57:54","slug":"la-tunisie-et-le-fmi-ont-convenu-de-la-mise-en-place-dun-programme-de-reformes-economiques-precis","status":"publish","type":"post","link":"https:\/\/linitiative.ca\/International\/la-tunisie-et-le-fmi-ont-convenu-de-la-mise-en-place-dun-programme-de-reformes-economiques-precis\/","title":{"rendered":"La Tunisie et le FMI ont convenu de la mise en place d\u2019un programme de r\u00e9formes \u00e9conomiques pr\u00e9cis"},"content":{"rendered":"<h2>La Tunisie et le FMI ont convenu de la mise en place d\u2019un programme de\u00a0<a href=\"https:\/\/www.imf.org\/external\/french\/index.htm\" target=\"_blank\" rel=\"noopener noreferrer\">r\u00e9formes \u00e9conomiques pr\u00e9cis<\/a>. Ce programme s\u2019adapterait \u00e0 la vision et aux priorit\u00e9s du gouvernement, ainsi qu\u2019\u00e0 ses capacit\u00e9s financi\u00e8res. Et ce lors d\u2019une rencontre virtuelle, tenue vendredi soir, entre le chef du Gouvernement,\u00a0<a href=\"http:\/\/www.leconomistemaghrebin.com\/2021\/01\/06\/mechichi-donne-les-raisons-du-limogeage-du-ministre-de-linterieur\/\" target=\"_blank\" rel=\"noopener noreferrer\">Hichem Mechichi<\/a>\u00a0et une mission d\u2019experts du Fonds.<\/h2>\n<p>\u00ab\u00a0Mechichi a not\u00e9, \u00e0 cette occasion, que la Tunisie s\u2019appr\u00eate \u00e0 lancer des r\u00e9formes \u00e9conomiques et sociales structurelles. Et ce, apr\u00e8s avoir mis en place les institutions et les instances qui confortent le processus d\u00e9mocratique \u00ab\u00a0. A fait savoir la pr\u00e9sidence du gouvernement, dans un communiqu\u00e9.<\/p>\n<p class=\"td-modal-image\"><a class=\"\" href=\"https:\/\/i1.wp.com\/www.leconomistemaghrebin.com\/wp-content\/uploads\/2021\/01\/137205810_2833704606911377_3095912920858250468_o-1.jpg\"><img loading=\"lazy\" decoding=\"async\" class=\"alignleft wp-image-367938 jetpack-lazy-image jetpack-lazy-image--handled\" src=\"https:\/\/i1.wp.com\/www.leconomistemaghrebin.com\/wp-content\/uploads\/2021\/01\/137205810_2833704606911377_3095912920858250468_o-1.jpg?resize=696,478\" alt=\"FMI\" width=\"696\" height=\"478\" data-recalc-dims=\"1\" data-lazy-loaded=\"1\"\/><\/a><\/p>\n<p>En effet, la mission d\u2019experts du FMI a salu\u00e9 la d\u00e9termination de notre pays \u00e0 respecter tous ses engagements. Ainsi que la volont\u00e9 du gouvernement d\u2019instituer des r\u00e9formes structurelles en mesure de soutenir l\u2019\u00e9conomie.<\/p>\n<p>Ont pris part \u00e0 cette rencontre \u00e0 distance le ministre de l\u2019\u00c9conomie, des Finances et de l\u2019Appui \u00e0 l\u2019investissement, Ali Kooli, et le conseiller \u00e9conomique aupr\u00e8s du chef du Gouvernement, Abdessalem Abassi.<\/p>\n<p>Avec TAP<\/p>\n<div class=\"wp-post-author-wrap wp-post-author-shortcode left\">\n<h3 class=\"awpa-title\"\/>\n<div class=\"wp-post-author\">\n<div class=\"awpa-img awpa-author-block square\"><a href=\"http:\/\/lexpertjournal.net\/fr\/?author=5\"><img loading=\"lazy\" decoding=\"async\" alt=\"\" src=\"http:\/\/0.gravatar.com\/avatar\/97f8e10a1c1125ba104a76514ee07b16?s=150&amp;d=mm&amp;r=g\" srcset=\"http:\/\/0.gravatar.com\/avatar\/97f8e10a1c1125ba104a76514ee07b16?s=300&amp;d=mm&amp;r=g 2x\" class=\"avatar avatar-150 photo\" height=\"150\" width=\"150\"\/><\/a><\/div>\n<\/div>\n<\/div>\n<aside class=\"mashsb-container mashsb-main mashsb-stretched\">\n<\/aside>\n<p>Auteur: L&rsquo;expert<br \/>\n<a href=\"http:\/\/lexpertjournal.net\/fr\/?p=18020\">Cliquez ici pour lire l&rsquo;article depuis sa source.<\/a><\/p>\n","protected":false},"excerpt":{"rendered":"<p>La Tunisie et le FMI ont convenu de la mise en place d\u2019un programme de\u00a0r\u00e9formes \u00e9conomiques pr\u00e9cis. Ce programme s\u2019adapterait \u00e0 la vision et aux priorit\u00e9s du gouvernement, ainsi qu\u2019\u00e0 ses capacit\u00e9s financi\u00e8res. Et ce lors d\u2019une rencontre virtuelle, tenue vendredi soir, entre le chef du Gouvernement,\u00a0Hichem Mechichi\u00a0et une mission d\u2019experts du Fonds. \u00ab\u00a0Mechichi a [&hellip;]<\/p>\n","protected":false},"author":1775,"featured_media":0,"comment_status":"closed","ping_status":"closed","sticky":false,"template":"","format":"standard","meta":{"fifu_image_url":"https:\/\/i1.wp.com\/www.leconomistemaghrebin.com\/wp-content\/uploads\/2021\/01\/137205810_2833704606911377_3095912920858250468_o-1.jpg?resize=696,478","fifu_image_alt":"La Tunisie et le FMI ont convenu de la mise en place d\u2019un programme de r\u00e9formes \u00e9conomiques pr\u00e9cis","footnotes":""},"categories":[78,55],"tags":[],"class_list":["post-108965","post","type-post","status-publish","format-standard","hentry","category-economie","category-tunisie"],"_links":{"self":[{"href":"https:\/\/linitiative.ca\/International\/wp-json\/wp\/v2\/posts\/108965","targetHints":{"allow":["GET"]}}],"collection":[{"href":"https:\/\/linitiative.ca\/International\/wp-json\/wp\/v2\/posts"}],"about":[{"href":"https:\/\/linitiative.ca\/International\/wp-json\/wp\/v2\/types\/post"}],"author":[{"embeddable":true,"href":"https:\/\/linitiative.ca\/International\/wp-json\/wp\/v2\/users\/1775"}],"replies":[{"embeddable":true,"href":"https:\/\/linitiative.ca\/International\/wp-json\/wp\/v2\/comments?post=108965"}],"version-history":[{"count":0,"href":"https:\/\/linitiative.ca\/International\/wp-json\/wp\/v2\/posts\/108965\/revisions"}],"wp:attachment":[{"href":"https:\/\/linitiative.ca\/International\/wp-json\/wp\/v2\/media?parent=108965"}],"wp:term":[{"taxonomy":"category","embeddable":true,"href":"https:\/\/linitiative.ca\/International\/wp-json\/wp\/v2\/categories?post=108965"},{"taxonomy":"post_tag","embeddable":true,"href":"https:\/\/linitiative.ca\/International\/wp-json\/wp\/v2\/tags?post=108965"}],"curies":[{"name":"wp","href":"https:\/\/api.w.org\/{rel}","templated":true}]}}