{"id":108970,"date":"2021-01-08T17:51:40","date_gmt":"2021-01-08T22:51:40","guid":{"rendered":"https:\/\/linitiative.ca\/International\/la-frmf-donne-son-aval-a-la-creation-de-lacademie-de-locs\/"},"modified":"2021-01-08T17:51:40","modified_gmt":"2021-01-08T22:51:40","slug":"la-frmf-donne-son-aval-a-la-creation-de-lacademie-de-locs","status":"publish","type":"post","link":"https:\/\/linitiative.ca\/International\/la-frmf-donne-son-aval-a-la-creation-de-lacademie-de-locs\/","title":{"rendered":"La FRMF donne son aval \u00e0 la cr\u00e9ation de l\u2019acad\u00e9mie de l\u2019OCS"},"content":{"rendered":"<div class=\"single-featured\"><img alt=\"\" data-src=\"http:\/\/www.mapmarrakech.ma\/map\/uploads\/2021\/01\/academie-ocs-copier.jpg\"\/><\/div>\n<div class=\"single-post-excerpt post-excerpt-bc\" readability=\"35\">\n<p>Safi \u2013 La F\u00e9d\u00e9ration royale marocaine de football (FRMF) a donn\u00e9 son aval au projet de la cr\u00e9ation de l\u2019acad\u00e9mie de l\u2019Olympique de Safi (OCS) pour la formation des jeunes talents issus de la province, a annonc\u00e9 le club safiot.<\/p>\n<\/div>\n<div class=\"entry-content clearfix single-post-content\" readability=\"59\">\n<p>Cette d\u00e9cision a \u00e9t\u00e9 prise \u00e0 l\u2019issue d\u2019une r\u00e9union tenue, jeudi, entre le pr\u00e9sident de la FRMF, M. Fouzi Lekja\u00e2 et le pr\u00e9sident de l\u2019OCS, section football, M. Anouar Dbira Tlem\u00e7ani, a indiqu\u00e9 le club safiot, ajoutant que cette r\u00e9union s\u2019inscrit dans le cadre du souci du club de d\u00e9velopper sa strat\u00e9gie sportive fond\u00e9e sur la formation et l\u2019insertion des jeunes dans ce sport conform\u00e9ment \u00e0 la strat\u00e9gie de la F\u00e9d\u00e9ration.<\/p>\n<p>Lors cette r\u00e9union, M. Dbira Tlem\u00e7ani a remerci\u00e9 M. Lekja\u00e2 pour son interaction et son accompagnement de toutes les \u00e9tapes de cr\u00e9ation de cette structure sportive, a relev\u00e9 la m\u00eame source.<\/p>\n<p>L\u2019acad\u00e9mie de l\u2019OCS pour la formation des jeunes talents sera r\u00e9alis\u00e9e sur 6 ha dans l\u2019espace Karting selon les normes et crit\u00e8res internationaux les plus modernes dans le domaine de la formation.<\/p>\n<p>Cette structure sportive, qui comportera toutes les installations sportives n\u00e9cessaires \u00e0 une formation \u00ab\u00a0saine et ad\u00e9quate\u00a0\u00bb des jeunes footballeurs issus de la province,\u00a0sera d\u2019une grande valeur ajout\u00e9e pour la ville et un saut qualitatif au niveau des structures sportives du club et de la ville, a soulign\u00e9 le club safiot.<\/p>\n<\/div>\n<p>Auteur: Meriem IGASS<br \/>\n<a href=\"http:\/\/www.mapmarrakech.ma\/fr\/la-frmf-donne-son-aval-a-la-creation-de-lacademie-de-locs\/\">Cliquez ici pour lire l&rsquo;article depuis sa source.<\/a><\/p>\n","protected":false},"excerpt":{"rendered":"<p>Safi \u2013 La F\u00e9d\u00e9ration royale marocaine de football (FRMF) a donn\u00e9 son aval au projet de la cr\u00e9ation de l\u2019acad\u00e9mie de l\u2019Olympique de Safi (OCS) pour la formation des jeunes talents issus de la province, a annonc\u00e9 le club safiot. Cette d\u00e9cision a \u00e9t\u00e9 prise \u00e0 l\u2019issue d\u2019une r\u00e9union tenue, jeudi, entre le pr\u00e9sident de [&hellip;]<\/p>\n","protected":false},"author":1788,"featured_media":0,"comment_status":"closed","ping_status":"closed","sticky":false,"template":"","format":"standard","meta":{"fifu_image_url":"http:\/\/www.mapmarrakech.ma\/map\/uploads\/2021\/01\/academie-ocs-copier.jpg","fifu_image_alt":"La FRMF donne son aval \u00e0 la cr\u00e9ation de l\u2019acad\u00e9mie de l\u2019OCS","footnotes":""},"categories":[54,76],"tags":[],"class_list":["post-108970","post","type-post","status-publish","format-standard","hentry","category-maroc","category-regions"],"_links":{"self":[{"href":"https:\/\/linitiative.ca\/International\/wp-json\/wp\/v2\/posts\/108970","targetHints":{"allow":["GET"]}}],"collection":[{"href":"https:\/\/linitiative.ca\/International\/wp-json\/wp\/v2\/posts"}],"about":[{"href":"https:\/\/linitiative.ca\/International\/wp-json\/wp\/v2\/types\/post"}],"author":[{"embeddable":true,"href":"https:\/\/linitiative.ca\/International\/wp-json\/wp\/v2\/users\/1788"}],"replies":[{"embeddable":true,"href":"https:\/\/linitiative.ca\/International\/wp-json\/wp\/v2\/comments?post=108970"}],"version-history":[{"count":0,"href":"https:\/\/linitiative.ca\/International\/wp-json\/wp\/v2\/posts\/108970\/revisions"}],"wp:attachment":[{"href":"https:\/\/linitiative.ca\/International\/wp-json\/wp\/v2\/media?parent=108970"}],"wp:term":[{"taxonomy":"category","embeddable":true,"href":"https:\/\/linitiative.ca\/International\/wp-json\/wp\/v2\/categories?post=108970"},{"taxonomy":"post_tag","embeddable":true,"href":"https:\/\/linitiative.ca\/International\/wp-json\/wp\/v2\/tags?post=108970"}],"curies":[{"name":"wp","href":"https:\/\/api.w.org\/{rel}","templated":true}]}}