{"id":108971,"date":"2021-01-09T13:47:42","date_gmt":"2021-01-09T18:47:42","guid":{"rendered":"https:\/\/linitiative.ca\/International\/aref-if-partenariat-pour-lamelioration-du-niveau-de-la-langue-francaise\/"},"modified":"2021-01-09T13:47:42","modified_gmt":"2021-01-09T18:47:42","slug":"aref-if-partenariat-pour-lamelioration-du-niveau-de-la-langue-francaise","status":"publish","type":"post","link":"https:\/\/linitiative.ca\/International\/aref-if-partenariat-pour-lamelioration-du-niveau-de-la-langue-francaise\/","title":{"rendered":"AREF\/IF: Partenariat pour l\u2019am\u00e9lioration du niveau de la langue fran\u00e7aise"},"content":{"rendered":"<div readability=\"38\">\n<p>Marrakech \u2013 L\u2019Acad\u00e9mie R\u00e9gionale de l\u2019Education et de la Formation (AREF) de Marrakech-Safi et l\u2019Institut Fran\u00e7ais (IF) de la cit\u00e9 ocre ont sign\u00e9, vendredi, une nouvelle convention de partenariat visant l\u2019am\u00e9lioration du niveau de la langue fran\u00e7aise dans tous les cycles d\u2019enseignement et de la formation des enseignants, des formateurs et des inspecteurs dans diff\u00e9rents domaines.<\/p>\n<\/div>\n<div readability=\"72\">\n<p>Paraph\u00e9e, lors d\u2019une c\u00e9r\u00e9monie organis\u00e9e \u00e0 l\u2019IF, par le directeur de l\u2019AREF, My Ahmed Karimi et le directeur de l\u2019Institut Fran\u00e7ais de Marrakech, Christophe Chaillot, en pr\u00e9sence du Consul g\u00e9n\u00e9ral de France dans la cit\u00e9 ocre, Philippe Casenave, cette convention s\u2019inscrit dans le cadre de la coop\u00e9ration \u00e9ducative men\u00e9e au plan national par le minist\u00e8re de l\u2019Education nationale et l\u2019ambassade de France au Maroc et \u00e0 la suite de la loi-cadre 51.17, indique un communiqu\u00e9 conjoint des deux parties.<\/p>\n<p>Elle pr\u00e9voit ainsi que l\u2019AREF et l\u2019IF \u0153uvrent, dans le cadre d\u2019une strat\u00e9gie commune, pour l\u2019am\u00e9lioration du niveau de la langue fran\u00e7aise dans tous les cycles d\u2019enseignement et de la formation des enseignants, des formateurs et des inspecteurs dans les domaines des disciplines non linguistiques, du pr\u00e9scolaire public, du num\u00e9rique \u00e9ducatif, des classes pr\u00e9paratoires, de la lecture publique et des m\u00e9diath\u00e8ques, de l\u2019alphab\u00e9tisation, de l\u2019\u00e9ducation non-formelle et des \u00e9coles de la 2\u00e8me chance ainsi que de la culture scientifique et technique.<\/p>\n<p>Par ailleurs, diff\u00e9rents \u00e9v\u00e8nements culturels tels que les concours de lecture, les rencontres d\u2019auteurs ou d\u2019artistes, les festivals scientifiques ou encore les visites du mus\u00e9e num\u00e9rique de l\u2019Institut Fran\u00e7ais sont propos\u00e9s \u00e0 l\u2019ensemble des acteurs \u00e9ducatifs de la r\u00e9gion, souligne le document.<\/p>\n<p>A l\u2019issue de la c\u00e9r\u00e9monie de signature, le directeur de l\u2019Institut Fran\u00e7ais a fait d\u00e9couvrir au directeur de l\u2019AREF et \u00e0 son \u00e9quipe le nouveau mus\u00e9e num\u00e9rique Micro-folie, conclut la m\u00eame source.<\/p>\n<\/div>\n<p>Auteur: Meriem IGASS<br \/>\n<a href=\"http:\/\/www.mapmarrakech.ma\/fr\/larefet-lif-sallient-pour-lamelioration-du-niveau-de-la-langue-francaise\/\">Cliquez ici pour lire l&rsquo;article depuis sa source.<\/a><\/p>\n","protected":false},"excerpt":{"rendered":"<p>Marrakech \u2013 L\u2019Acad\u00e9mie R\u00e9gionale de l\u2019Education et de la Formation (AREF) de Marrakech-Safi et l\u2019Institut Fran\u00e7ais (IF) de la cit\u00e9 ocre ont sign\u00e9, vendredi, une nouvelle convention de partenariat visant l\u2019am\u00e9lioration du niveau de la langue fran\u00e7aise dans tous les cycles d\u2019enseignement et de la formation des enseignants, des formateurs et des inspecteurs dans diff\u00e9rents [&hellip;]<\/p>\n","protected":false},"author":1788,"featured_media":0,"comment_status":"closed","ping_status":"closed","sticky":false,"template":"","format":"standard","meta":{"fifu_image_url":"","fifu_image_alt":"","footnotes":""},"categories":[54,76],"tags":[],"class_list":["post-108971","post","type-post","status-publish","format-standard","hentry","category-maroc","category-regions"],"_links":{"self":[{"href":"https:\/\/linitiative.ca\/International\/wp-json\/wp\/v2\/posts\/108971","targetHints":{"allow":["GET"]}}],"collection":[{"href":"https:\/\/linitiative.ca\/International\/wp-json\/wp\/v2\/posts"}],"about":[{"href":"https:\/\/linitiative.ca\/International\/wp-json\/wp\/v2\/types\/post"}],"author":[{"embeddable":true,"href":"https:\/\/linitiative.ca\/International\/wp-json\/wp\/v2\/users\/1788"}],"replies":[{"embeddable":true,"href":"https:\/\/linitiative.ca\/International\/wp-json\/wp\/v2\/comments?post=108971"}],"version-history":[{"count":0,"href":"https:\/\/linitiative.ca\/International\/wp-json\/wp\/v2\/posts\/108971\/revisions"}],"wp:attachment":[{"href":"https:\/\/linitiative.ca\/International\/wp-json\/wp\/v2\/media?parent=108971"}],"wp:term":[{"taxonomy":"category","embeddable":true,"href":"https:\/\/linitiative.ca\/International\/wp-json\/wp\/v2\/categories?post=108971"},{"taxonomy":"post_tag","embeddable":true,"href":"https:\/\/linitiative.ca\/International\/wp-json\/wp\/v2\/tags?post=108971"}],"curies":[{"name":"wp","href":"https:\/\/api.w.org\/{rel}","templated":true}]}}