{"id":108972,"date":"2021-01-08T11:00:00","date_gmt":"2021-01-08T16:00:00","guid":{"rendered":"https:\/\/linitiative.ca\/International\/trois-questions-a-kamel-aouij-organisateur-du-festival-du-court-metrage-panorama-international-short-film\/"},"modified":"2021-01-08T11:00:00","modified_gmt":"2021-01-08T16:00:00","slug":"trois-questions-a-kamel-aouij-organisateur-du-festival-du-court-metrage-panorama-international-short-film","status":"publish","type":"post","link":"https:\/\/linitiative.ca\/International\/trois-questions-a-kamel-aouij-organisateur-du-festival-du-court-metrage-panorama-international-short-film\/","title":{"rendered":"Trois questions \u00e0 Kamel Aouij, organisateur du  festival du court m\u00e9trage \u00ab Panorama  international short film \u00bb"},"content":{"rendered":"<p class=\"p1 c5\"><span class=\"c4\"><span class=\"c3\"><span class=\"s1 c2\"><strong>Le Temps- Lamia CHERIF<\/strong><\/span><\/span><\/span><\/p>\n<p class=\"p1 c5\"><span class=\"c4\"><span class=\"c3\"><strong>La cin\u00e9math\u00e8que tunisienne accueillera du 02 au 04 f\u00e9vrier 2021, la 6\u00e8me<span class=\"Apple-converted-space\">\u00a0<\/span> \u00e9dition du Festival international du court m\u00e9trage qu\u2019organise \u00e0 Tunis<span class=\"Apple-converted-space\">\u00a0<\/span> Kamel<span class=\"Apple-converted-space\">\u00a0<\/span> Aouij depuis<span class=\"Apple-converted-space\">\u00a0<\/span> 2016. La manifestation<span class=\"Apple-converted-space\">\u00a0<\/span> donne \u00e0 voir les derni\u00e8res productions cin\u00e9matographiques r\u00e9alis\u00e9es par des jeunes cin\u00e9astes tunisiens et \u00e9trangers. Kamel Aouij nous en parle.<\/strong><\/span><\/span><\/p>\n<p class=\"p1 c5\"><span class=\"c4\"><span class=\"c3\"><strong>Le Temps : Pr\u00e9sentez-nous cette nouvelle \u00e9dition ?<span class=\"Apple-converted-space\">\u00a0<\/span><\/strong><\/span><\/span><\/p>\n<p class=\"p1 c5\"><span class=\"c4\"><span class=\"c3\">Kamel Aouij : la 6\u00e8me \u00e9dition du \u2018\u2019Panorama international short film festival\u2019\u2019, se d\u00e9roulera du 02 au 04 f\u00e9vrier 2021 \u00e0 la salle Tahar Ch\u00e9riaa, en partenariat avec la Cin\u00e9math\u00e8que tunisienne et l&rsquo;APAHT (Association des Parents et Amis des Handicap\u00e9s de Tunis). Cette \u00e9dition s\u2019engage \u00e0 mettre en \u0153uvre un protocole sanitaire qu\u2019on fera respecter. Seuls 50% de la capacit\u00e9 d\u2019accueil de la salle seront investis du public.<span class=\"Apple-converted-space\">\u00a0<\/span><\/span><\/span><\/p>\n<p class=\"p1 c5\"><span class=\"c4\"><span class=\"c3\"><strong>&#8211; Pouvez-vous nous donner une id\u00e9e sur les films programm\u00e9s cette ann\u00e9e ?<\/strong><\/span><\/span><\/p>\n<p class=\"p1 c5\"><span class=\"c4\"><span class=\"c3\">&#8211; Le comit\u00e9 de s\u00e9lection a choisi 22 films, 11<span class=\"Apple-converted-space\">\u00a0<\/span> court- m\u00e9trages et 11 documentaires dont<span class=\"Apple-converted-space\">\u00a0<\/span> quatre travaux tunisiens.<\/span><\/span><\/p>\n<p class=\"p1 c5\"><span class=\"c4\"><span class=\"c3\">Le coup d\u2019envoi de la manifestation sera donn\u00e9<span class=\"Apple-converted-space\">\u00a0<\/span> avec<span class=\"Apple-converted-space\">\u00a0<\/span> le film tunisien \u00ab La dame et le roi \u00bb, du jeune<span class=\"Apple-converted-space\">\u00a0<\/span> r\u00e9alisateur Anis Absi.<span class=\"Apple-converted-space\">\u00a0<\/span><\/span><\/span><\/p>\n<p class=\"p1 c5\"><span class=\"c4\"><span class=\"c3\">Le film relate l\u2019histoire de Leila, une fille de 11 ans qui vit en France et retourne une fois par an<span class=\"Apple-converted-space\">\u00a0<\/span> pour passer les vacances d&rsquo;\u00e9t\u00e9 en famille. Ahmed est son<span class=\"Apple-converted-space\">\u00a0<\/span> seul ami tunisien.<span class=\"Apple-converted-space\">\u00a0<\/span> Elle<span class=\"Apple-converted-space\">\u00a0<\/span> d\u00e9cide de l\u2019aider \u00e0 obtenir un visa<span class=\"Apple-converted-space\">\u00a0<\/span> pour aller vivre \u00e0 l\u2019\u00e9tranger.<\/span><\/span><\/p>\n<p class=\"p1 c5\"><span class=\"c4\"><span class=\"c3\"><strong>&#8211;<span class=\"Apple-converted-space\">\u00a0<\/span> Vous avez r\u00e9ussi, tout de m\u00eame, \u00e0 donner un aspect international \u00e0 cette manifestation<span class=\"Apple-converted-space\">\u00a0<\/span><\/strong><\/span><\/span><\/p>\n<p class=\"p1 c5\"><span class=\"c4\"><span class=\"c3\">Oui, tout \u00e0 fait. On accueillera des participants venant<span class=\"Apple-converted-space\">\u00a0<\/span> d\u2019Alg\u00e9rie, Maroc, Egypte, Syrie, Palestine, Iraq, Bahrain,<span class=\"Apple-converted-space\">\u00a0<\/span> Angleterre, France, Br\u00e9sil\u2026<\/span><\/span><\/p>\n<p class=\"p1 c5\"><span class=\"c4\"><span class=\"c3\">Le Jury de cette \u00e9dition sera compos\u00e9 de la grande productrice<span class=\"Apple-converted-space\">\u00a0<\/span> tunisienne Dorra Bouchoucha, L\u2019acteur Lassaad Jamoussi, l\u2019artiste<span class=\"Apple-converted-space\">\u00a0<\/span> alg\u00e9rien Hassan Kachach et l&rsquo;actrice tunisienne Amel Olwane.<\/span><\/span><\/p>\n<p class=\"p1 c5\"><span class=\"c4\"><span class=\"c3\">Le programme d\u00e9taill\u00e9 sera d\u00e9voil\u00e9 lors d\u2019une conf\u00e9rence de presse qui se tiendra le 19 janvier 2021 \u00e0 la Cit\u00e9 de la culture.<\/span><\/span><\/p>\n<p class=\"p1 c5\">\u00a0<\/p>\n<p class=\"p2 c6\"><span class=\"c4\"><span class=\"c3\"><strong>L.C<\/strong><\/span><\/span><\/p>\n<p>Auteur: letemps1<br \/>\n<a href=\"http:\/\/www.letemps.com.tn\/article\/118816\/trois-questions-%C3%A0-kamel-aouij-organisateur-du-festival-du-court-m%C3%A9trage-%C2%AB-panorama\">Cliquez ici pour lire l&rsquo;article depuis sa source.<\/a><\/p>\n","protected":false},"excerpt":{"rendered":"<p>Le Temps- Lamia CHERIF La cin\u00e9math\u00e8que tunisienne accueillera du 02 au 04 f\u00e9vrier 2021, la 6\u00e8me\u00a0 \u00e9dition du Festival international du court m\u00e9trage qu\u2019organise \u00e0 Tunis\u00a0 Kamel\u00a0 Aouij depuis\u00a0 2016. La manifestation\u00a0 donne \u00e0 voir les derni\u00e8res productions cin\u00e9matographiques r\u00e9alis\u00e9es par des jeunes cin\u00e9astes tunisiens et \u00e9trangers. Kamel Aouij nous en parle. Le Temps : [&hellip;]<\/p>\n","protected":false},"author":1773,"featured_media":0,"comment_status":"closed","ping_status":"closed","sticky":false,"template":"","format":"standard","meta":{"fifu_image_url":"","fifu_image_alt":"","footnotes":""},"categories":[73,55],"tags":[],"class_list":["post-108972","post","type-post","status-publish","format-standard","hentry","category-actualite","category-tunisie"],"_links":{"self":[{"href":"https:\/\/linitiative.ca\/International\/wp-json\/wp\/v2\/posts\/108972","targetHints":{"allow":["GET"]}}],"collection":[{"href":"https:\/\/linitiative.ca\/International\/wp-json\/wp\/v2\/posts"}],"about":[{"href":"https:\/\/linitiative.ca\/International\/wp-json\/wp\/v2\/types\/post"}],"author":[{"embeddable":true,"href":"https:\/\/linitiative.ca\/International\/wp-json\/wp\/v2\/users\/1773"}],"replies":[{"embeddable":true,"href":"https:\/\/linitiative.ca\/International\/wp-json\/wp\/v2\/comments?post=108972"}],"version-history":[{"count":0,"href":"https:\/\/linitiative.ca\/International\/wp-json\/wp\/v2\/posts\/108972\/revisions"}],"wp:attachment":[{"href":"https:\/\/linitiative.ca\/International\/wp-json\/wp\/v2\/media?parent=108972"}],"wp:term":[{"taxonomy":"category","embeddable":true,"href":"https:\/\/linitiative.ca\/International\/wp-json\/wp\/v2\/categories?post=108972"},{"taxonomy":"post_tag","embeddable":true,"href":"https:\/\/linitiative.ca\/International\/wp-json\/wp\/v2\/tags?post=108972"}],"curies":[{"name":"wp","href":"https:\/\/api.w.org\/{rel}","templated":true}]}}