{"id":108973,"date":"2021-01-08T11:00:00","date_gmt":"2021-01-08T16:00:00","guid":{"rendered":"https:\/\/linitiative.ca\/International\/tension-accrue-entre-linde-et-le-pakistan\/"},"modified":"2021-01-08T11:00:00","modified_gmt":"2021-01-08T16:00:00","slug":"tension-accrue-entre-linde-et-le-pakistan","status":"publish","type":"post","link":"https:\/\/linitiative.ca\/International\/tension-accrue-entre-linde-et-le-pakistan\/","title":{"rendered":"Tension accrue entre l\u2019Inde et le Pakistan"},"content":{"rendered":"<p class=\"p1 c5\"><span class=\"c4\"><span class=\"c3\"><span class=\"s1 c2\"><strong>Le Temps- Agences-<\/strong><\/span> <strong>Obus et balles fusent plus que jamais entre les forces indiennes et pakistanaises de part et d&rsquo;autre de la ligne de cessez-le-feu au Cachemire sous une tension accrue, o\u00f9 les morts et les bless\u00e9s tombent \u00e0 un rythme in\u00e9dit dans ce conflit interminable.<\/strong><\/span><\/span><\/p>\n<p class=\"p1 c6\"><span class=\"c4\"><span class=\"c3\">Zameer Ahmad b\u00e2tissait un abri communautaire dans le village de Simari, situ\u00e9 du c\u00f4t\u00e9 indien de la fronti\u00e8re contest\u00e9e au Cachemire, quand une balle provenant du territoire contr\u00f4l\u00e9 par le Pakistan, est all\u00e9e se ficher dans le sol.<\/span><\/span><\/p>\n<p class=\"p1 c6\"><span class=\"c4\"><span class=\"c3\">Ahmad et son coll\u00e8gue se sont d&rsquo;abord empress\u00e9s de s&rsquo;abriter derri\u00e8re un mur mais ont pr\u00e9f\u00e9r\u00e9 vite d\u00e9camper. Mais \u00ab\u00a0nous avons tous les deux \u00e9t\u00e9 bless\u00e9s\u00a0\u00bb, raconte le jeune homme de 26 ans qui a pris une balle dans l&rsquo;estomac. Depuis, il porte une poche de colostomie et son compagnon Sadakat Hussain, 23 ans, bless\u00e9 au pied, est d\u00e9sormais boiteux.<\/span><\/span><\/p>\n<p class=\"p1 c6\"><span class=\"c4\"><span class=\"c3\">\u00ab\u00a0C&rsquo;est effrayant, nous ignorons ce qui a provoqu\u00e9 ces tirs\u00a0\u00bb, confie Hussain.<\/span><\/span><\/p>\n<p class=\"p1 c6\"><span class=\"c4\"><span class=\"c3\">Le Cachemire est divis\u00e9 entre l&rsquo;Inde et le Pakistan depuis leur ind\u00e9pendance de la Couronne britannique et la partition de 1947. Il a \u00e9t\u00e9 \u00e0 l&rsquo;origine de deux des trois guerres qui les ont oppos\u00e9s depuis.<\/span><\/span><\/p>\n<p class=\"p1 c6\"><span class=\"c4\"><span class=\"c3\">Les deux pays r\u00e9clament l&rsquo;int\u00e9gralit\u00e9 de cette r\u00e9gion majoritairement peupl\u00e9e de musulmans o\u00f9 l&rsquo;Inde fait en outre face depuis plus de trente ans \u00e0 une insurrection s\u00e9paratiste ayant fait des dizaines de milliers de morts, principalement des civils.<\/span><\/span><\/p>\n<p class=\"p1 c6\"><span class=\"c4\"><span class=\"c3\">Alors que le dialogue est plus que jamais compliqu\u00e9 entre ces deux puissances nucl\u00e9aires voisines, les histoires semblables \u00e0 celle de Ahmad et Hussain se r\u00e9p\u00e8tent des deux c\u00f4t\u00e9s de la ligne d\u00e9marcation.<\/span><\/span><\/p>\n<p class=\"p1 c6\"><span class=\"c4\"><span class=\"c3\">Des dizaines de civils y ont \u00e9t\u00e9 tu\u00e9s cette ann\u00e9e, et une voiture de la mission d&rsquo;observation des Nations unies a m\u00eame \u00e9t\u00e9 touch\u00e9e par une balle en d\u00e9cembre.<\/span><\/span><\/p>\n<p class=\"p1 c6\"><span class=\"c4\"><span class=\"c3\">L&rsquo;Inde a affirm\u00e9 que dix de ses soldats avaient \u00e9t\u00e9 tu\u00e9s par des obus ou de tirs en provenance du Cachemire sous contr\u00f4le pakistanais depuis le d\u00e9but du mois de novembre.<\/span><\/span><\/p>\n<p class=\"p1 c6\"><span class=\"c4\"><span class=\"c3\">Elle accuse le Pakistan d&rsquo;avoir viol\u00e9 l&rsquo;accord de cessez-le-feu de 2003 plus de 5.000 fois l&rsquo;an dernier, un record depuis son entr\u00e9e en vigueur, et d\u00e9plore la mort d&rsquo;une vingtaine de civils.<\/span><\/span><\/p>\n<p class=\"p1 c6\"><span class=\"c4\"><span class=\"c3\">De son c\u00f4t\u00e9, le Pakistan reproche \u00e0 l&rsquo;Inde plus de 3.000 violations de l&rsquo;accord en 12 mois, d\u00e9nombrant 29 morts et 250 bless\u00e9s parmi les civils, et des centaines d&rsquo;habitations ab\u00eem\u00e9es ou d\u00e9truites.<\/span><\/span><\/p>\n<p class=\"p1 c6\"><span class=\"c4\"><span class=\"c3\">Jura, localit\u00e9 situ\u00e9e \u00e0 quatre kilom\u00e8tres de la ligne de d\u00e9marcation dans la vall\u00e9e de Neelum, a \u00e9t\u00e9 la plus touch\u00e9e, c\u00f4t\u00e9 pakistanais, selon les autorit\u00e9s. Les bombardements durent des heures et parfois m\u00eame des jours, t\u00e9moignent certains habitants. La moiti\u00e9 des maisons ont \u00e9t\u00e9 endommag\u00e9es et les terres agricoles sont parsem\u00e9es de crat\u00e8res.<\/span><\/span><\/p>\n<p class=\"p1 c6\"><span class=\"c4\"><span class=\"c3\">\u00ab\u00a0La plupart du temps, nous restons enferm\u00e9s dans notre maison. C&rsquo;est une guerre contre nous\u00a0\u00bb, se lamente Amna Bibi, 40 ans, en lavant du linge devant chez elle.<\/span><\/span><\/p>\n<p class=\"p1 c6\"><span class=\"c4\"><span class=\"c3\">Les 500 habitants de Chilyana, le village voisin, s&rsquo;aventurent peu au dehors. \u00ab\u00a0Quand nous partons le matin pour ouvrir notre magasin, nous ne savons pas si nous rentrerons\u00a0\u00bb, confie pour sa part Khawaja Zubair Ahmad.<\/span><\/span><\/p>\n<p class=\"p1 c6\"><span class=\"c4\"><span class=\"c3\">C\u00f4t\u00e9 indien, certains disent que le Pakistan a d\u00e9lib\u00e9r\u00e9ment coup\u00e9 l&rsquo;approvisionnement en eau de leurs fermes. Du c\u00f4t\u00e9 pakistanais, on d\u00e9plore la fermeture d&rsquo;un pont qui, jusqu&rsquo;\u00e0 l&rsquo;ann\u00e9e derni\u00e8re, permettait de r\u00e9unir des familles s\u00e9par\u00e9es.<\/span><\/span><\/p>\n<p class=\"p1 c6\"><span class=\"c4\"><span class=\"c3\">Khaleel ul Rahman, chef de village \u00e0 Sudhpura du c\u00f4t\u00e9 indien, se r\u00e9fugie dans son \u00e9table, lorsqu&rsquo;un couvre-feu s&rsquo;annonce, pour rester avec ses b\u00eates. Son village souffre particuli\u00e8rement, avec un tiers de son territoire enclav\u00e9 en territoire pakistanais.<\/span><\/span><\/p>\n<p class=\"p1 c6\"><span class=\"c4\"><span class=\"c3\">Des obus s&rsquo;abattent les jours de march\u00e9 et lorsque les enfants sont \u00e0 l&rsquo;\u00e9cole. \u00ab\u00a0Les gens sont simplement pris de panique. Et soudain c&rsquo;est sauve-qui-peut\u00a0\u00bb, raconte Mansoor Ahmad, le directeur de l&rsquo;\u00e9cole locale.<\/span><\/span><\/p>\n<p class=\"p1 c6\"><span class=\"c4\"><span class=\"c3\">Alors que les deux camps se rejettent mutuellement la faute, les \u00e9changes de tirs atteignent \u00e0 nouveau des niveaux inqui\u00e9tants. Les habitants affirment que les tensions se sont accrues depuis f\u00e9vrier 2019, lorsque l&rsquo;Inde a organis\u00e9 une attaque a\u00e9rienne sur le territoire pakistanais en repr\u00e9sailles d&rsquo;une action kamikaze qui s&rsquo;\u00e9tait sold\u00e9e par la mort de 40 soldats indiens au Cachemire.<\/span><\/span><\/p>\n<p class=\"p1 c6\"><span class=\"c4\"><span class=\"c3\">L&rsquo;Inde affirme que les bombardements pakistanais servent \u00e0 couvrir des tentatives d&rsquo;infiltration, d&rsquo;ailleurs en recrudescence, de l&rsquo;autre c\u00f4t\u00e9 de la ligne de d\u00e9marcation pour fomenter une insurrection contre le pouvoir indien.<\/span><\/span><\/p>\n<p class=\"p1 c6\"><span class=\"c4\"><span class=\"c3\">La r\u00e9vocation en 2019 par l&rsquo;Inde du statut semi-autonome du Cachemire \u00e0 majorit\u00e9 musulmane est \u00ab\u00a0une mesure qu&rsquo;Islamabad a consid\u00e9r\u00e9e comme une provocation particuli\u00e8rement grave\u00a0\u00bb, estime Michael Kugelman, un sp\u00e9cialiste de l&rsquo;Asie du Sud au sein du groupe de r\u00e9flexion Wilson Center \u00e0 Washington.<\/span><\/span><\/p>\n<p class=\"p1 c6\"><span class=\"c4\"><span class=\"c3\">Selon les observateurs, ni l&rsquo;Inde ni le Pakistan ne sont press\u00e9s de trouver une solution. Le gouvernement nationaliste hindou de New Delhi et l&rsquo;administration musulmane d&rsquo;Islamabad campent sur leurs positions.<\/span><\/span><\/p>\n<p class=\"p1 c5\">\u00a0<\/p>\n<p class=\"p1 c6\"><span class=\"c4\"><span class=\"c3\">\u00ab\u00a0L&rsquo;histoire des relations indo-pakistanaises a connu bien plus de bas que de hauts, mais actuellement il s&rsquo;agit d&rsquo;un bas, particuli\u00e8rement affreux et qui tend \u00e0 durer\u00a0\u00bb, rel\u00e8ve M. Kugelman, \u00ab\u00a0il n&rsquo;y a gu\u00e8re d&rsquo;incitation, de part et d&rsquo;autre, \u00e0 r\u00e9duire les tensions\u00a0\u00bb.<\/span><\/span><\/p>\n<p>Auteur: letemps1<br \/>\n<a href=\"http:\/\/www.letemps.com.tn\/article\/118817\/tension-accrue-entre-l%E2%80%99inde-et-le-pakistan\">Cliquez ici pour lire l&rsquo;article depuis sa source.<\/a><\/p>\n","protected":false},"excerpt":{"rendered":"<p>Le Temps- Agences- Obus et balles fusent plus que jamais entre les forces indiennes et pakistanaises de part et d&rsquo;autre de la ligne de cessez-le-feu au Cachemire sous une tension accrue, o\u00f9 les morts et les bless\u00e9s tombent \u00e0 un rythme in\u00e9dit dans ce conflit interminable. Zameer Ahmad b\u00e2tissait un abri communautaire dans le village [&hellip;]<\/p>\n","protected":false},"author":1773,"featured_media":0,"comment_status":"closed","ping_status":"closed","sticky":false,"template":"","format":"standard","meta":{"fifu_image_url":"","fifu_image_alt":"","footnotes":""},"categories":[73,55],"tags":[],"class_list":["post-108973","post","type-post","status-publish","format-standard","hentry","category-actualite","category-tunisie"],"_links":{"self":[{"href":"https:\/\/linitiative.ca\/International\/wp-json\/wp\/v2\/posts\/108973","targetHints":{"allow":["GET"]}}],"collection":[{"href":"https:\/\/linitiative.ca\/International\/wp-json\/wp\/v2\/posts"}],"about":[{"href":"https:\/\/linitiative.ca\/International\/wp-json\/wp\/v2\/types\/post"}],"author":[{"embeddable":true,"href":"https:\/\/linitiative.ca\/International\/wp-json\/wp\/v2\/users\/1773"}],"replies":[{"embeddable":true,"href":"https:\/\/linitiative.ca\/International\/wp-json\/wp\/v2\/comments?post=108973"}],"version-history":[{"count":0,"href":"https:\/\/linitiative.ca\/International\/wp-json\/wp\/v2\/posts\/108973\/revisions"}],"wp:attachment":[{"href":"https:\/\/linitiative.ca\/International\/wp-json\/wp\/v2\/media?parent=108973"}],"wp:term":[{"taxonomy":"category","embeddable":true,"href":"https:\/\/linitiative.ca\/International\/wp-json\/wp\/v2\/categories?post=108973"},{"taxonomy":"post_tag","embeddable":true,"href":"https:\/\/linitiative.ca\/International\/wp-json\/wp\/v2\/tags?post=108973"}],"curies":[{"name":"wp","href":"https:\/\/api.w.org\/{rel}","templated":true}]}}