{"id":108974,"date":"2021-01-08T11:00:00","date_gmt":"2021-01-08T16:00:00","guid":{"rendered":"https:\/\/linitiative.ca\/International\/biden-au-chevet-dune-amerique-meurtrie-et-divisee\/"},"modified":"2021-01-08T11:00:00","modified_gmt":"2021-01-08T16:00:00","slug":"biden-au-chevet-dune-amerique-meurtrie-et-divisee","status":"publish","type":"post","link":"https:\/\/linitiative.ca\/International\/biden-au-chevet-dune-amerique-meurtrie-et-divisee\/","title":{"rendered":"Biden au chevet d&rsquo;une Am\u00e9rique meurtrie et divis\u00e9e"},"content":{"rendered":"<p class=\"p1 c4\"><span class=\"c3\"><span class=\"s1 c2\"><strong>Le Temps-Agences-<\/strong><\/span> <strong>Au lendemain des violences du Capitole, qui ont isol\u00e9 encore un peu plus Donald Trump, Joe Biden endosse d\u00e9j\u00e0 le r\u00f4le du dirigeant charg\u00e9 de panser les plaies d&rsquo;une Am\u00e9rique meurtrie et divis\u00e9e.<\/strong><\/span><\/p>\n<p class=\"p1 c4\"><span class=\"c3\"><strong>Le prochain pr\u00e9sident am\u00e9ricain, qui s&rsquo;installera \u00e0 la Maison Blanche dans 13 jours, doit s&rsquo;exprimer en d\u00e9but d&rsquo;apr\u00e8s-midi depuis son fief de Wilmington, \u00e0 un peu de moins de 200 kilom\u00e8tres de Washington qui se remet, sous un soleil hivernal, d&rsquo;une journ\u00e9e de chaos inimaginable.<\/strong><\/span><\/p>\n<p class=\"p1 c5\"><span class=\"c3\">Sa victoire (306 grands \u00e9lecteurs contre 232) a \u00e9t\u00e9 certifi\u00e9e au milieu de la nuit par le vice-pr\u00e9sident Mike Pence devant les deux chambres du Congr\u00e8s r\u00e9unies pour une session extraordinaire.<\/span><\/p>\n<p class=\"p1 c5\"><span class=\"c3\">Cens\u00e9e \u00eatre une simple formalit\u00e9, cette certification a tourn\u00e9 \u00e0 \u00ab\u00a0l&rsquo;insurrection\u00a0\u00bb, \u00ab\u00a0presque \u00e0 la s\u00e9dition\u00a0\u00bb selon les termes du d\u00e9mocrate, quand une foule de supporteurs du pr\u00e9sident sortant a envahi le Capitole, interrompant les d\u00e9bats.<\/span><\/p>\n<p class=\"p1 c5\"><span class=\"c3\">Les images prises de l&rsquo;int\u00e9rieur du majestueux b\u00e2timent situ\u00e9 au coeur de la capitale f\u00e9d\u00e9rale am\u00e9ricaine marqueront l&rsquo;Histoire: \u00e9lus portant des masques \u00e0 gaz, agents de la police en civil arme au poing, manifestants install\u00e9s dans les bureaux des parlementaires.<\/span><\/p>\n<p class=\"p1 c5\"><span class=\"c3\">Ces sc\u00e8nes ont suscit\u00e9 consternation et indignation \u00e0 travers le monde, et l&rsquo;image des Etats-Unis, qui se posent volontiers en mod\u00e8le d\u00e9mocratique, a \u00e9t\u00e9 durablement abim\u00e9e.<\/span><\/p>\n<p class=\"p1 c5\"><span class=\"c3\">\u00ab\u00a0Notre t\u00e2che aujourd&rsquo;hui et pour les quatre ann\u00e9es \u00e0 venir est (&#8230;) de permettre un renouveau de la politique dont la finalit\u00e9 est de r\u00e9soudre les probl\u00e8mes, pas de souffler sur les flammes de la haine et du chaos\u00a0\u00bb, a d\u00e9clar\u00e9 Joe Biden mercredi lors d&rsquo;une d\u00e9claration solennelle.<\/span><\/p>\n<p class=\"p1 c5\"><span class=\"c3\">\u00ab\u00a0L&rsquo;Am\u00e9rique est b\u00e2tie sur l&rsquo;honneur, la d\u00e9cence, le respect et la tol\u00e9rance\u00a0\u00bb, a insist\u00e9 cet homme un peu fr\u00eale, tr\u00e8s respect\u00e9 \u00e0 Washington, qui prendra les r\u00eanes du pouvoir \u00e0 l&rsquo;issue d&rsquo;une tr\u00e8s longue carri\u00e8re politique.<\/span><\/p>\n<p class=\"p1 c5\"><span class=\"c3\">Temporairement bloqu\u00e9 par Twitter et Facebook, Donald Trump appara\u00eet extraordinairement en retrait.<\/span><\/p>\n<p class=\"p1 c5\"><span class=\"c3\">Il ne s&rsquo;est plus exprim\u00e9 depuis la diffusion d&rsquo;une courte vid\u00e9o dans laquelle il appelait les manifestants \u00e0 \u00ab\u00a0rentrer chez eux\u00a0\u00bb mais o\u00f9 il d\u00e9clarait aussi sans preuves que l&rsquo;\u00e9lection avait \u00e9t\u00e9 \u00ab\u00a0vol\u00e9e\u00a0\u00bb.<\/span><\/p>\n<p class=\"p1 c5\"><span class=\"c3\">Dans un bref communiqu\u00e9, il s&rsquo;est simplement engag\u00e9 depuis \u00e0 un transfert du pouvoir \u00ab\u00a0ordonn\u00e9\u00a0\u00bb, r\u00e9affirmant son \u00ab\u00a0complet d\u00e9saccord\u00a0\u00bb avec le r\u00e9sultat.<\/span><\/p>\n<p class=\"p1 c5\"><span class=\"c3\">Au sein du parti r\u00e9publicain, de son gouvernement, et dans son \u00e9quipe rapproch\u00e9e, le malaise est palpable. Son jusqu&rsquo;au-boutisme a ali\u00e9n\u00e9 une partie de son propre camp.<\/span><\/p>\n<p class=\"p1 c5\"><span class=\"c3\">On y pr\u00e9pare la suite, certains en prenant leur distance, \u00e0 l&rsquo;image de Mick Mulvaney, \u00e9missaire des Etats-Unis en Irlande du Nord, qui a d\u00e9missionn\u00e9.<\/span><\/p>\n<p class=\"p1 c5\"><span class=\"c3\">\u00ab\u00a0Je ne peux pas rester, pas apr\u00e8s hier. On ne peut pas voir ce qui s&rsquo;est pass\u00e9 hier et vouloir en \u00eatre partie prenante d&rsquo;une quelconque fa\u00e7on\u00a0\u00bb, a d\u00e9clar\u00e9 sur CNBC celui qui fut le chef de cabinet du temp\u00e9tueux pr\u00e9sident.<\/span><\/p>\n<p class=\"p1 c5\"><span class=\"c3\">Plusieurs membres du Conseil de s\u00e9curit\u00e9 nationale ont aussi annonc\u00e9 leur d\u00e9part.<\/span><\/p>\n<p class=\"p1 c5\"><span class=\"c3\">Le s\u00e9nateur r\u00e9publicain Lindsey Graham, un proche alli\u00e9 de Donald Trump, a de son c\u00f4t\u00e9 annonc\u00e9 dans la nuit qu&rsquo;il cessait d&#8217;embo\u00eeter le pas du pr\u00e9sident: \u00ab\u00a0Ne comptez plus sur moi. Trop, c&rsquo;est trop.\u00a0\u00bb<\/span><\/p>\n<p class=\"p1 c5\"><span class=\"c3\">Depuis plus de deux mois, l&rsquo;ancien homme d&rsquo;affaires de New York, arriv\u00e9 au pouvoir en 2017 sans la moindre exp\u00e9rience politique, refuse d&rsquo;accepter sa d\u00e9faite et souffle sur les braises de la division en brandissant des th\u00e9ories du complot.<\/span><\/p>\n<p class=\"p1 c5\"><span class=\"c3\">Et les sc\u00e8nes de violence de mercredi sont, pour beaucoup, l&rsquo;aboutissement de cette croisade.<\/span><\/p>\n<p class=\"p1 c5\"><span class=\"c3\">Pour Barack Obama, ces violences sont \u00ab\u00a0un moment de d\u00e9shonneur et de honte\u00a0\u00bb pour l&rsquo;Am\u00e9rique. \u00ab\u00a0Mais pas une surprise.\u00a0\u00bb<\/span><\/p>\n<p class=\"p1 c5\"><span class=\"c3\">La chanceli\u00e8re allemande Angela Merkel s&rsquo;est dite \u00ab\u00a0triste\u00a0\u00bb et \u00ab\u00a0en col\u00e8re\u00a0\u00bb, pointant la responsabilit\u00e9 de l&rsquo;actuel locataire de la Maison Blanche.<\/span><\/p>\n<p class=\"p1 c5\"><span class=\"c3\">Du c\u00f4t\u00e9 des adversaires des Etats-Unis, le pr\u00e9sident iranien Hassan Rohani a estim\u00e9 que ces \u00e9v\u00e8nements montraient que la d\u00e9mocratie occidentale \u00e9tait \u00ab\u00a0fragile et vuln\u00e9rable\u00a0\u00bb.<\/span><\/p>\n<p class=\"p1 c5\"><span class=\"c3\">Arrivant au pouvoir dans un moment difficile de l&rsquo;histoire am\u00e9ricaine, Joe Biden b\u00e9n\u00e9ficiera cependant de tous les leviers du pouvoir pour au moins deux ans.<\/span><\/p>\n<p class=\"p1 c5\"><span class=\"c3\">Les violents incidents sont intervenus au lendemain de deux \u00e9lections partielles en G\u00e9orgie remport\u00e9es par les d\u00e9mocrates, qui ont ainsi repris le contr\u00f4le du S\u00e9nat aux r\u00e9publicains.<\/span><\/p>\n<p class=\"p1 c5\"><span class=\"c3\">Le candidat d\u00e9mocrate Raphael Warnock a battu la s\u00e9natrice r\u00e9publicaine Kelly Loeffler et est entr\u00e9 dans l&rsquo;Histoire en devenant le premier s\u00e9nateur noir \u00e9lu dans cet Etat du Sud traditionnellement conservateur.<\/span><\/p>\n<p class=\"p1 c5\"><span class=\"c3\">Et Jon Ossoff a remport\u00e9 la deuxi\u00e8me s\u00e9natoriale cruciale en G\u00e9orgie. A 33 ans, il va devenir le plus jeune s\u00e9nateur d\u00e9mocrate depuis&#8230; Joe Biden en 1973.<\/span><\/p>\n<p class=\"p1 c4\">\u00a0<\/p>\n<p class=\"p1 c5\"><span class=\"c3\">Les d\u00e9mocrates auront 50 si\u00e8ges au S\u00e9nat, comme les r\u00e9publicains. Mais ainsi que le pr\u00e9voit la Constitution, la future vice-pr\u00e9sidente Kamala Harris aura le pouvoir de d\u00e9partager les votes, et donc de faire pencher la balance du c\u00f4t\u00e9 d\u00e9mocrate.<\/span><\/p>\n<p>Auteur: letemps1<br \/>\n<a href=\"http:\/\/www.letemps.com.tn\/article\/118818\/biden-au-chevet-dune-am%C3%A9rique-meurtrie-et-divis%C3%A9e\">Cliquez ici pour lire l&rsquo;article depuis sa source.<\/a><\/p>\n","protected":false},"excerpt":{"rendered":"<p>Le Temps-Agences- Au lendemain des violences du Capitole, qui ont isol\u00e9 encore un peu plus Donald Trump, Joe Biden endosse d\u00e9j\u00e0 le r\u00f4le du dirigeant charg\u00e9 de panser les plaies d&rsquo;une Am\u00e9rique meurtrie et divis\u00e9e. Le prochain pr\u00e9sident am\u00e9ricain, qui s&rsquo;installera \u00e0 la Maison Blanche dans 13 jours, doit s&rsquo;exprimer en d\u00e9but d&rsquo;apr\u00e8s-midi depuis son [&hellip;]<\/p>\n","protected":false},"author":1773,"featured_media":0,"comment_status":"closed","ping_status":"closed","sticky":false,"template":"","format":"standard","meta":{"fifu_image_url":"","fifu_image_alt":"","footnotes":""},"categories":[73,55],"tags":[],"class_list":["post-108974","post","type-post","status-publish","format-standard","hentry","category-actualite","category-tunisie"],"_links":{"self":[{"href":"https:\/\/linitiative.ca\/International\/wp-json\/wp\/v2\/posts\/108974","targetHints":{"allow":["GET"]}}],"collection":[{"href":"https:\/\/linitiative.ca\/International\/wp-json\/wp\/v2\/posts"}],"about":[{"href":"https:\/\/linitiative.ca\/International\/wp-json\/wp\/v2\/types\/post"}],"author":[{"embeddable":true,"href":"https:\/\/linitiative.ca\/International\/wp-json\/wp\/v2\/users\/1773"}],"replies":[{"embeddable":true,"href":"https:\/\/linitiative.ca\/International\/wp-json\/wp\/v2\/comments?post=108974"}],"version-history":[{"count":0,"href":"https:\/\/linitiative.ca\/International\/wp-json\/wp\/v2\/posts\/108974\/revisions"}],"wp:attachment":[{"href":"https:\/\/linitiative.ca\/International\/wp-json\/wp\/v2\/media?parent=108974"}],"wp:term":[{"taxonomy":"category","embeddable":true,"href":"https:\/\/linitiative.ca\/International\/wp-json\/wp\/v2\/categories?post=108974"},{"taxonomy":"post_tag","embeddable":true,"href":"https:\/\/linitiative.ca\/International\/wp-json\/wp\/v2\/tags?post=108974"}],"curies":[{"name":"wp","href":"https:\/\/api.w.org\/{rel}","templated":true}]}}