{"id":108975,"date":"2021-01-08T11:00:00","date_gmt":"2021-01-08T16:00:00","guid":{"rendered":"https:\/\/linitiative.ca\/International\/larmee-intervient-au-sein-du-parlement-au-ghana\/"},"modified":"2021-01-08T11:00:00","modified_gmt":"2021-01-08T16:00:00","slug":"larmee-intervient-au-sein-du-parlement-au-ghana","status":"publish","type":"post","link":"https:\/\/linitiative.ca\/International\/larmee-intervient-au-sein-du-parlement-au-ghana\/","title":{"rendered":"L\u2019arm\u00e9e intervient au sein du Parlement au Ghana"},"content":{"rendered":"<p class=\"p1 c4\"><span class=\"c3\"><span class=\"s1 c2\">Le Temps- Agences-<\/span> L&rsquo;arm\u00e9e est intervenue, dans la nuit du mercredi 6 janvier au jeudi 7 janvier, dans l&rsquo;enceinte du Parlement pour r\u00e9tablir le calme entre les d\u00e9put\u00e9s du parti au pouvoir et de l&rsquo;opposition.<span class=\"Apple-converted-space\">\u00a0<\/span><\/span><\/p>\n<p class=\"p1 c4\"><span class=\"c3\">La tension est mont\u00e9e au moment de l\u2019\u00e9lection du pr\u00e9sident de la chambre. Des observateurs font d\u00e9j\u00e0 un parall\u00e8le avec la situation aux \u00c9tats-Unis.<\/span><\/p>\n<p class=\"p1 c4\"><span class=\"c3\">Les Ghan\u00e9ens ont assist\u00e9 \u00e0 de v\u00e9ritables sc\u00e8nes de chaos \u00e0 la chambre du Parlement cette nuit. Ils ont vu leurs d\u00e9put\u00e9s se battre entre eux, alors qu\u2019ils \u00e9taient r\u00e9unis pour \u00e9lire leur nouveau pr\u00e9sident. Mais impossible de se mettre d\u2019accord sur la fa\u00e7on d\u2019y parvenir, le parti de la majorit\u00e9, le NPP, voulait que le vote soit transparent alors que l\u2019opposition, le NDC, a insist\u00e9 pour un vote secret. Dans l\u2019impasse, un d\u00e9put\u00e9 du parti au pouvoir a tent\u00e9 de s\u2019emparer de l\u2019urne contenant des bulletins de vote lors de l\u2019\u00e9lection du pr\u00e9sident de la chambre. Et c\u2019est finalement un d\u00e9put\u00e9 de l\u2019opposition, du Congr\u00e8s national d\u00e9mocratique, qui a \u00e9t\u00e9 \u00e9lu.<\/span><\/p>\n<p class=\"p1 c4\"><span class=\"c3\">Certains d\u00e9noncent d\u00e9j\u00e0 une honte pour la d\u00e9mocratie ghan\u00e9enne, car jamais l\u2019arm\u00e9e n\u2019avait d\u00fb intervenir dans la chambre du Parlement pour r\u00e9tablir l\u2019ordre. \u00ab L\u2019arm\u00e9e n\u2019a pas sa place ici \u00bb, ont scand\u00e9 des d\u00e9put\u00e9s de l\u2019opposition qui voient dans cette intervention une tentative du gouvernement de s\u2019accrocher au pouvoir.<\/span><\/p>\n<p class=\"p1 c4\"><span class=\"c3\">Ces \u00e9v\u00e9nements co\u00efncident avec l\u2019investiture, ce jeudi, du pr\u00e9sident Nana Akufo-Addo, pour un deuxi\u00e8me mandat, apr\u00e8s sa victoire aux \u00e9lections du 7 d\u00e9cembre 2020. Une victoire toujours contest\u00e9e par l\u2019opposition qui n\u2019accepte pas sa d\u00e9faite et cela rend la gestion du Parlement compliqu\u00e9e.<\/span><\/p>\n<p class=\"p1 c4\"><span class=\"c3\">En effet, c\u2019est un Parlement hautement divis\u00e9, chaque camp dispose de 137 d\u00e9put\u00e9s \u00e9lus. Ce qui a donn\u00e9 lieu \u00e0 une grande tension. Il y a eu des sc\u00e8nes ahurissantes, comme celle d\u2019une d\u00e9put\u00e9e du camp du pouvoir film\u00e9e en train de s\u2019asseoir sur les genoux de son homologue de l\u2019opposition, car celui-ci \u00e9tait assis de son c\u00f4t\u00e9, du c\u00f4t\u00e9 de la majorit\u00e9.<\/span><\/p>\n<p class=\"p1 c4\"><span class=\"c3\">Des \u00e9v\u00e9nements in\u00e9dits qui rappellent la situation aux \u00c9tats-Unis o\u00f9 Donald Trump refuse de reconna\u00eetre sa d\u00e9faite \u00e0 la mani\u00e8re du NDC au Ghana. Mais c\u2019est l\u00e0 o\u00f9 les parall\u00e8les se terminent. Les Ghan\u00e9ens ne veulent plus suivre l\u2019exemple de Washington. Tout le monde observe aujourd&rsquo;hui la r\u00e9action de la d\u00e9l\u00e9gation am\u00e9ricaine attendue lors de l\u2019investiture de Nana Akufo-Addo pour voir si elle va appeler au respect de la d\u00e9mocratie, alors que le pr\u00e9sident am\u00e9ricain a tant de mal \u00e0 le faire.<\/span><\/p>\n<p>Auteur: letemps1<br \/>\n<a href=\"http:\/\/www.letemps.com.tn\/article\/118819\/l%E2%80%99arm%C3%A9e-intervient-au-sein-du-parlement-au-ghana\">Cliquez ici pour lire l&rsquo;article depuis sa source.<\/a><\/p>\n","protected":false},"excerpt":{"rendered":"<p>Le Temps- Agences- L&rsquo;arm\u00e9e est intervenue, dans la nuit du mercredi 6 janvier au jeudi 7 janvier, dans l&rsquo;enceinte du Parlement pour r\u00e9tablir le calme entre les d\u00e9put\u00e9s du parti au pouvoir et de l&rsquo;opposition.\u00a0 La tension est mont\u00e9e au moment de l\u2019\u00e9lection du pr\u00e9sident de la chambre. Des observateurs font d\u00e9j\u00e0 un parall\u00e8le avec [&hellip;]<\/p>\n","protected":false},"author":1773,"featured_media":0,"comment_status":"closed","ping_status":"closed","sticky":false,"template":"","format":"standard","meta":{"fifu_image_url":"","fifu_image_alt":"","footnotes":""},"categories":[73,55],"tags":[],"class_list":["post-108975","post","type-post","status-publish","format-standard","hentry","category-actualite","category-tunisie"],"_links":{"self":[{"href":"https:\/\/linitiative.ca\/International\/wp-json\/wp\/v2\/posts\/108975","targetHints":{"allow":["GET"]}}],"collection":[{"href":"https:\/\/linitiative.ca\/International\/wp-json\/wp\/v2\/posts"}],"about":[{"href":"https:\/\/linitiative.ca\/International\/wp-json\/wp\/v2\/types\/post"}],"author":[{"embeddable":true,"href":"https:\/\/linitiative.ca\/International\/wp-json\/wp\/v2\/users\/1773"}],"replies":[{"embeddable":true,"href":"https:\/\/linitiative.ca\/International\/wp-json\/wp\/v2\/comments?post=108975"}],"version-history":[{"count":0,"href":"https:\/\/linitiative.ca\/International\/wp-json\/wp\/v2\/posts\/108975\/revisions"}],"wp:attachment":[{"href":"https:\/\/linitiative.ca\/International\/wp-json\/wp\/v2\/media?parent=108975"}],"wp:term":[{"taxonomy":"category","embeddable":true,"href":"https:\/\/linitiative.ca\/International\/wp-json\/wp\/v2\/categories?post=108975"},{"taxonomy":"post_tag","embeddable":true,"href":"https:\/\/linitiative.ca\/International\/wp-json\/wp\/v2\/tags?post=108975"}],"curies":[{"name":"wp","href":"https:\/\/api.w.org\/{rel}","templated":true}]}}