{"id":108976,"date":"2021-01-08T11:00:00","date_gmt":"2021-01-08T16:00:00","guid":{"rendered":"https:\/\/linitiative.ca\/International\/le-tour-de-vis-des-etats-de-lue-et-du-japon\/"},"modified":"2021-01-08T11:00:00","modified_gmt":"2021-01-08T16:00:00","slug":"le-tour-de-vis-des-etats-de-lue-et-du-japon","status":"publish","type":"post","link":"https:\/\/linitiative.ca\/International\/le-tour-de-vis-des-etats-de-lue-et-du-japon\/","title":{"rendered":"Le tour de vis des Etats de l&rsquo;UE et du Japon"},"content":{"rendered":"<p class=\"p1 c5\"><span class=\"c4\"><span class=\"c3\"><span class=\"s1 c2\"><strong>Le Temps-Agences-<\/strong><\/span> <strong>Les pays europ\u00e9ens donnent un tour de vis, pour tenter d&rsquo;endiguer le rebond de la pand\u00e9mie de Covid-19. Le Portugal a d\u00e9cid\u00e9 de prolonger l&rsquo;\u00e9tat d&rsquo;urgence sanitaire, et de mettre en place un couvre-feu, face \u00e0 l&rsquo;envol\u00e9e du nombre de nouveaux cas. Plus de 10 000 personnes suppl\u00e9mentaires se retrouvent infect\u00e9es chaque jour. Un chiffre jamais atteint jusqu&rsquo;\u00e0 pr\u00e9sent dans le pays, o\u00f9 les h\u00f4pitaux sont mis \u00e0 rude \u00e9preuve.<\/strong><\/span><\/span><\/p>\n<p class=\"p1 c6\"><span class=\"c4\"><span class=\"c3\">De son c\u00f4t\u00e9, l&rsquo;Irlande opte pour un confinement encore plus strict, qui comprend d\u00e9sormais la fermeture des \u00e9coles et la mise \u00e0 l&rsquo;arr\u00eat des chantiers pour au moins trois semaines.<\/span><\/span><\/p>\n<p class=\"p1 c6\"><span class=\"c4\"><span class=\"c3\">\u00ab\u00a0Au moment o\u00f9 je vous parle, les h\u00f4pitaux de tout le pays, des \u00eeles britanniques et de toute l&rsquo;Europe sont assi\u00e9g\u00e9s par la maladie\u00a0\u00bb, affirme Micheal Martin, Premier ministre irlandais. \u00ab\u00a0Les professionnels de sant\u00e9, d\u00e9j\u00e0 \u00e9puis\u00e9s, sont aujourd&rsquo;hui confront\u00e9s \u00e0 un tsunami de contaminations encore plus important que lors de la premi\u00e8re vague. Nos h\u00f4pitaux comptent d\u00e9j\u00e0 plus de patients infect\u00e9s qu&rsquo;ils n&rsquo;en ont jamais eu\u00a0\u00bb.<\/span><\/span><\/p>\n<p class=\"p1 c6\"><span class=\"c4\"><span class=\"c3\">En France, aucune lev\u00e9e des restrictions \u00e0 l&rsquo;ordre du jour, lors de la conf\u00e9rence de presse du gouvernement attendue ce jeudi, alors que les critiques se multiplient, face \u00e0 la lenteur de la campagne de vaccination. Les bars, restaurants, et salles de spectacle ne devraient pas rouvrir le 20 janvier. Pas de miracle en vue, non plus, pour les remont\u00e9es m\u00e9caniques, et la liste des d\u00e9partements sous couvre-feu pourrait encore s&rsquo;allonger.<\/span><\/span><\/p>\n<p class=\"p1 c6\"><span class=\"c4\"><span class=\"c3\">Pour \u00e9tendre l&rsquo;immunisation contre le Covid-19, l&rsquo;Agence Europ\u00e9enne du M\u00e9dicament a donn\u00e9 son feu vert \u00e0 l&rsquo;utilisation du vaccin de Moderna, qui va permettre aux 27 de disposer d&rsquo;un deuxi\u00e8me vaccin pour leur population.<\/span><\/span><\/p>\n<p class=\"p1 c6\"><span class=\"c4\"><span class=\"c3\">L&rsquo;Union Europ\u00e9enne a fait l&rsquo;objet de critiques pour la longueur des d\u00e9lais d&rsquo;approbation des vaccins, mais Bruxelles dit avoir sign\u00e9 cinq contrats suppl\u00e9mentaires avec des laboratoires pharmaceutiques pour acqu\u00e9rir \u00e0 terme plusieurs centaines de millions de doses, une fois que les essais cliniques auront fait leurs preuves.<\/span><\/span><\/p>\n<p class=\"p2 c7\">\u00a0<\/p>\n<p class=\"p3 c8\"><span class=\"c4\"><span class=\"c3\"><strong>Paris tente de d\u00e9samorcer<span class=\"Apple-converted-space\">\u00a0<\/span><\/strong><\/span><\/span><\/p>\n<p class=\"p3 c8\"><span class=\"c4\"><span class=\"c3\"><strong>les critiques<\/strong><\/span><\/span><\/p>\n<p class=\"p1 c6\"><span class=\"c4\"><span class=\"c3\">En France, l&rsquo;ex\u00e9cutif tente de d\u00e9samorcer les critiques sur la lenteur au d\u00e9marrage de la campagne vaccinale, alors que le rebond \u00e9pid\u00e9mique se confirme dans l&rsquo;hexagone avec plus de 25 000 nouveaux cas chaque jour.<\/span><\/span><\/p>\n<p class=\"p1 c6\"><span class=\"c4\"><span class=\"c3\">Le pays comptait 12 500 personnes vaccin\u00e9es, contre 5 000 la veille, selon le minist\u00e8re de la sant\u00e9. Un progr\u00e8s certes, mais qui reste insuffisant au vu de l&rsquo;urgence sanitaire.<\/span><\/span><\/p>\n<p class=\"p1 c6\"><span class=\"c4\"><span class=\"c3\">Le gouvernement s&rsquo;est engag\u00e9 \u00e0 \u00e9tendre sans d\u00e9lai la vaccination \u00e0 tous les soignants de plus de 50 ans ou \u00e0 risque, et plus seulement aux r\u00e9sidents et personnels des Ehpad. Les personnes de plus de 75 ans devraient aussi pouvoir se faire vacciner d\u00e8s fin janvier dans des centres d\u00e9di\u00e9s, dont le nombre devrait passer de 100 \u00e0 300 la semaine prochaine, et 500 celle d&rsquo;apr\u00e8s.<\/span><\/span><\/p>\n<p class=\"p1 c6\"><span class=\"c4\"><span class=\"c3\">Pr\u00e8s de 500 000 doses du vaccin Pfizer BioNTech devraient \u00eatre disponibles chaque semaine, et 200 000 de celui de Moderna le premier mois. Un chiffre qui devrait ensuite passer \u00e0 500 000 les mois suivants, alors que 45 % des Fran\u00e7ais disent toujours ne pas avoir l&rsquo;intention de se faire vacciner, d&rsquo;apr\u00e8s un r\u00e9cent sondage.<\/span><\/span><\/p>\n<p class=\"p3 c8\"><span class=\"c4\"><span class=\"c3\"><strong>Nouvel \u00e9tat d&rsquo;urgence<span class=\"Apple-converted-space\">\u00a0<\/span><\/strong><\/span><\/span><\/p>\n<p class=\"p3 c8\"><span class=\"c4\"><span class=\"c3\"><strong>dans le grand Tokyo<\/strong><\/span><\/span><\/p>\n<p class=\"p1 c6\"><span class=\"c4\"><span class=\"c3\">Le Premier ministre japonais a d\u00e9clar\u00e9 hier un nouvel \u00e9tat d&rsquo;urgence dans le grand Tokyo pour contrer la progression de la pand\u00e9mie, mais l&rsquo;ampleur restreinte du dispositif fait craindre des r\u00e9sultats limit\u00e9s.<\/span><\/span><\/p>\n<p class=\"p1 c6\"><span class=\"c4\"><span class=\"c3\">A bient\u00f4t six mois de l&rsquo;ouverture pr\u00e9vue des Jeux olympiques de Tokyo-2020, report\u00e9s l&rsquo;an dernier \u00e0 cause de la pand\u00e9mie, l&rsquo;\u00e9tat d&rsquo;urgence risque de refroidir encore la population japonaise, d\u00e9j\u00e0 majoritairement en faveur d&rsquo;un nouveau report ou de l&rsquo;annulation des JO.<\/span><\/span><\/p>\n<p class=\"p1 c6\"><span class=\"c4\"><span class=\"c3\">\u00ab\u00a0Nous d\u00e9clarons l&rsquo;\u00e9tat d&rsquo;urgence\u00a0\u00bb car \u00ab\u00a0il est \u00e0 craindre que l&rsquo;expansion rapide du nouveau coronavirus dans tout le pays ait un important impact sur la vie des habitants et sur l&rsquo;\u00e9conomie\u00a0\u00bb, a d\u00e9clar\u00e9 Yoshihide Suga en \u00e9voquant un \u00ab\u00a0fort sentiment de crise\u00a0\u00bb.<\/span><\/span><\/p>\n<p class=\"p1 c6\"><span class=\"c4\"><span class=\"c3\">L&rsquo;\u00e9tat d&rsquo;urgence concerne dans un premier temps la capitale et trois r\u00e9gions adjacentes, \u00e0 compter d\u2019aujourd\u2019hui et pour une dur\u00e9e d&rsquo;un mois.<\/span><\/span><\/p>\n<p class=\"p1 c6\"><span class=\"c4\"><span class=\"c3\">M. Suga a lanc\u00e9 un appel particulier aux jeunes en les exhortant \u00e0 respecter les consignes sur l&rsquo;arr\u00eat des sorties nocturnes. \u00ab\u00a0Agissez pour sauver les vies pr\u00e9cieuses de vos parents, de vos grands-parents, de vos amis\u00a0\u00bb, a-t-il dit, alors que plus de la moiti\u00e9 des nouvelles infections dans la r\u00e9gion de Tokyo concerne des moins de 30 ans.<\/span><\/span><\/p>\n<p class=\"p1 c6\"><span class=\"c4\"><span class=\"c3\">Le grand Tokyo, o\u00f9 vivent pr\u00e8s de 37 millions d&rsquo;habitants, soit 30% de la population japonaise, concentre la majorit\u00e9 des nouveaux cas quotidiens actuellement recens\u00e9s au niveau national.<\/span><\/span><\/p>\n<p class=\"p4 c9\">\u00a0<\/p>\n<p class=\"p1 c6\"><span class=\"c4\"><span class=\"c3\">Mais les organisateurs, qui pr\u00e9voyaient d&rsquo;exposer les flammes olympique et paralympique dans divers endroits de la capitale en janvier, ont annonc\u00e9 hier le report sine die de ces \u00e9v\u00e9nements.<\/span><\/span><\/p>\n<p class=\"p1 c6\"><span class=\"c4\"><span class=\"c3\">L&rsquo;utilisation des vaccins contre le Covid-19 command\u00e9s par le Japon n&rsquo;a pas encore re\u00e7u le feu vert des autorit\u00e9s locales, mais M. Suga a r\u00e9p\u00e9t\u00e9 jeudi que la campagne de vaccination pourrait commencer fin f\u00e9vrier.<\/span><\/span><\/p>\n<p class=\"p1 c6\"><span class=\"c4\"><span class=\"c3\">Le premier \u00e9tat d&rsquo;urgence au Japon l&rsquo;an dernier avait d&rsquo;abord vis\u00e9 le grand Tokyo \u00e9galement, avant d&rsquo;\u00eatre \u00e9tendu \u00e0 tout le pays.<\/span><\/span><\/p>\n<p class=\"p1 c5\">\u00a0<\/p>\n<p class=\"p1 c6\"><span class=\"c4\"><span class=\"c3\">Il avait permis temporairement d&rsquo;endiguer la pand\u00e9mie, mais le nombre de cas \u00e9tait beaucoup plus faible et ses mesures plus draconiennes, avec des appels \u00e0 la fermeture totale de magasins, restaurants, cin\u00e9mas et salles de sports, entre autres.<\/span><\/span><\/p>\n<p>Auteur: letemps1<br \/>\n<a href=\"http:\/\/www.letemps.com.tn\/article\/118820\/le-tour-de-vis-des-etats-de-lue-et-du-japon\">Cliquez ici pour lire l&rsquo;article depuis sa source.<\/a><\/p>\n","protected":false},"excerpt":{"rendered":"<p>Le Temps-Agences- Les pays europ\u00e9ens donnent un tour de vis, pour tenter d&rsquo;endiguer le rebond de la pand\u00e9mie de Covid-19. Le Portugal a d\u00e9cid\u00e9 de prolonger l&rsquo;\u00e9tat d&rsquo;urgence sanitaire, et de mettre en place un couvre-feu, face \u00e0 l&rsquo;envol\u00e9e du nombre de nouveaux cas. Plus de 10 000 personnes suppl\u00e9mentaires se retrouvent infect\u00e9es chaque jour. [&hellip;]<\/p>\n","protected":false},"author":1773,"featured_media":0,"comment_status":"closed","ping_status":"closed","sticky":false,"template":"","format":"standard","meta":{"fifu_image_url":"","fifu_image_alt":"","footnotes":""},"categories":[73,55],"tags":[],"class_list":["post-108976","post","type-post","status-publish","format-standard","hentry","category-actualite","category-tunisie"],"_links":{"self":[{"href":"https:\/\/linitiative.ca\/International\/wp-json\/wp\/v2\/posts\/108976","targetHints":{"allow":["GET"]}}],"collection":[{"href":"https:\/\/linitiative.ca\/International\/wp-json\/wp\/v2\/posts"}],"about":[{"href":"https:\/\/linitiative.ca\/International\/wp-json\/wp\/v2\/types\/post"}],"author":[{"embeddable":true,"href":"https:\/\/linitiative.ca\/International\/wp-json\/wp\/v2\/users\/1773"}],"replies":[{"embeddable":true,"href":"https:\/\/linitiative.ca\/International\/wp-json\/wp\/v2\/comments?post=108976"}],"version-history":[{"count":0,"href":"https:\/\/linitiative.ca\/International\/wp-json\/wp\/v2\/posts\/108976\/revisions"}],"wp:attachment":[{"href":"https:\/\/linitiative.ca\/International\/wp-json\/wp\/v2\/media?parent=108976"}],"wp:term":[{"taxonomy":"category","embeddable":true,"href":"https:\/\/linitiative.ca\/International\/wp-json\/wp\/v2\/categories?post=108976"},{"taxonomy":"post_tag","embeddable":true,"href":"https:\/\/linitiative.ca\/International\/wp-json\/wp\/v2\/tags?post=108976"}],"curies":[{"name":"wp","href":"https:\/\/api.w.org\/{rel}","templated":true}]}}