{"id":108978,"date":"2021-01-09T15:14:08","date_gmt":"2021-01-09T20:14:08","guid":{"rendered":"https:\/\/linitiative.ca\/International\/international-bonne-nouvelle-pour-le-milan-ac-et-ibrahimovic\/"},"modified":"2021-01-09T15:14:08","modified_gmt":"2021-01-09T20:14:08","slug":"international-bonne-nouvelle-pour-le-milan-ac-et-ibrahimovic","status":"publish","type":"post","link":"https:\/\/linitiative.ca\/International\/international-bonne-nouvelle-pour-le-milan-ac-et-ibrahimovic\/","title":{"rendered":"International : Bonne nouvelle pour le Milan AC et Ibrahimovic"},"content":{"rendered":"<div readability=\"32\">\n<p>Auteur : <span class=\"time\">samedi 09 janvier 2021 13:43<\/span><\/p>\n<\/div>\n<div id=\"post_core\" readability=\"37\">\n<p>Les Milanais\u00a0re\u00e7oivent le Torino ce soir (20h45) dans le cadre de la 17\u00e8me journ\u00e9e de Serie A. D\u00e9fait mercredi dernier \u00e0 domicile contre la Juventus de Turin (1-3), les rossoneri pourront compter sur leur g\u00e9ant su\u00e9dois pour se relancer et conserver leur premi\u00e8re place devant le rival de l\u2019Inter comme l&rsquo;indique Onzemondial. Cette saison, Zlatan Ibrahimovic a la statistique impressionnante de 10 buts en 6 rencontres de Serie A.<\/p>\n<p><img decoding=\"async\" alt=\"\" src=\"https:\/\/pbs.twimg.com\/media\/ErSjDW4XMAIb06s?format=jpg&amp;name=small\" class=\"c1\" \/><\/p>\n<p><strong>Publi\u00e9 dans :<\/strong> <span>Milan AC<\/span><\/p>\n<\/div>\n<p>Auteur:<br \/>\n<a href=\"http:\/\/www.lebuteur.com\/article\/detail?titre=bonne-nouvelle-pour-le-milan-ac-et-ibrahimovic&#038;id=98637&#038;utm_source=feedburner&#038;utm_medium=feed&#038;utm_campaign=Feed%3A+GalerieFArtciles+%28Les+derniers+articles++-+lebuteur.com%29\">Cliquez ici pour lire l&rsquo;article depuis sa source.<\/a><\/p>\n","protected":false},"excerpt":{"rendered":"<p>Auteur : samedi 09 janvier 2021 13:43 Les Milanais\u00a0re\u00e7oivent le Torino ce soir (20h45) dans le cadre de la 17\u00e8me journ\u00e9e de Serie A. D\u00e9fait mercredi dernier \u00e0 domicile contre la Juventus de Turin (1-3), les rossoneri pourront compter sur leur g\u00e9ant su\u00e9dois pour se relancer et conserver leur premi\u00e8re place devant le rival de [&hellip;]<\/p>\n","protected":false},"author":1738,"featured_media":0,"comment_status":"closed","ping_status":"closed","sticky":false,"template":"","format":"standard","meta":{"fifu_image_url":"\/\/cdn.lebuteur.com\/data\/images\/article\/thumbs\/large-bonne-nouvelle-pour-le-milan-ac-et-ibrahimovic-fa6b5.jpg","fifu_image_alt":"International : Bonne nouvelle pour le Milan AC et Ibrahimovic","footnotes":""},"categories":[53,75],"tags":[],"class_list":["post-108978","post","type-post","status-publish","format-standard","hentry","category-algerie","category-sport"],"_links":{"self":[{"href":"https:\/\/linitiative.ca\/International\/wp-json\/wp\/v2\/posts\/108978","targetHints":{"allow":["GET"]}}],"collection":[{"href":"https:\/\/linitiative.ca\/International\/wp-json\/wp\/v2\/posts"}],"about":[{"href":"https:\/\/linitiative.ca\/International\/wp-json\/wp\/v2\/types\/post"}],"author":[{"embeddable":true,"href":"https:\/\/linitiative.ca\/International\/wp-json\/wp\/v2\/users\/1738"}],"replies":[{"embeddable":true,"href":"https:\/\/linitiative.ca\/International\/wp-json\/wp\/v2\/comments?post=108978"}],"version-history":[{"count":0,"href":"https:\/\/linitiative.ca\/International\/wp-json\/wp\/v2\/posts\/108978\/revisions"}],"wp:attachment":[{"href":"https:\/\/linitiative.ca\/International\/wp-json\/wp\/v2\/media?parent=108978"}],"wp:term":[{"taxonomy":"category","embeddable":true,"href":"https:\/\/linitiative.ca\/International\/wp-json\/wp\/v2\/categories?post=108978"},{"taxonomy":"post_tag","embeddable":true,"href":"https:\/\/linitiative.ca\/International\/wp-json\/wp\/v2\/tags?post=108978"}],"curies":[{"name":"wp","href":"https:\/\/api.w.org\/{rel}","templated":true}]}}