{"id":108979,"date":"2021-01-09T15:14:11","date_gmt":"2021-01-09T20:14:11","guid":{"rendered":"https:\/\/linitiative.ca\/International\/international-le-real-madrid-a-pris-sa-decision-pour-luka-jovic\/"},"modified":"2021-01-09T15:14:11","modified_gmt":"2021-01-09T20:14:11","slug":"international-le-real-madrid-a-pris-sa-decision-pour-luka-jovic","status":"publish","type":"post","link":"https:\/\/linitiative.ca\/International\/international-le-real-madrid-a-pris-sa-decision-pour-luka-jovic\/","title":{"rendered":"International : Le Real Madrid a pris sa d\u00e9cision pour Luka Jovic"},"content":{"rendered":"<div readability=\"32\">\n<p>Auteur : <span class=\"time\">samedi 09 janvier 2021 14:04<\/span><\/p>\n<\/div>\n<div id=\"post_core\" readability=\"47\">\n<p>Sans surprise, le champion d&rsquo;Espagne en titre ne compte absolument pas sur l&rsquo;international serbe, sur le d\u00e9part lors de ce mercato d&rsquo;hiver selon les informations du quotidien madril\u00e8ne Marca que rapporte Maxifoot.<\/p>\n<p>Recrut\u00e9 pour 63 millions d&rsquo;euros en provenance de Francfort lors de l&rsquo;\u00e9t\u00e9 2019, Jovic repr\u00e9sente un immense flop pour les Merengue, qui esp\u00e8rent limiter les d\u00e9g\u00e2ts en le vendant. Mais jusqu&rsquo;\u00e0 maintenant, les pr\u00e9tendants sont rares pour l&rsquo;ancien joueur de Benfica, qui a encha\u00een\u00e9 les probl\u00e8mes physiques ces derniers mois.<\/p>\n<p><strong>Publi\u00e9 dans :<\/strong> <span>real madrid<\/span><\/p>\n<\/div>\n<p>Auteur:<br \/>\n<a href=\"http:\/\/www.lebuteur.com\/article\/detail?titre=le-real-madrid-a-pris-sa-decision-pour-luka-jovic&#038;id=98638&#038;utm_source=feedburner&#038;utm_medium=feed&#038;utm_campaign=Feed%3A+GalerieFArtciles+%28Les+derniers+articles++-+lebuteur.com%29\">Cliquez ici pour lire l&rsquo;article depuis sa source.<\/a><\/p>\n","protected":false},"excerpt":{"rendered":"<p>Auteur : samedi 09 janvier 2021 14:04 Sans surprise, le champion d&rsquo;Espagne en titre ne compte absolument pas sur l&rsquo;international serbe, sur le d\u00e9part lors de ce mercato d&rsquo;hiver selon les informations du quotidien madril\u00e8ne Marca que rapporte Maxifoot. Recrut\u00e9 pour 63 millions d&rsquo;euros en provenance de Francfort lors de l&rsquo;\u00e9t\u00e9 2019, Jovic repr\u00e9sente un [&hellip;]<\/p>\n","protected":false},"author":1738,"featured_media":0,"comment_status":"closed","ping_status":"closed","sticky":false,"template":"","format":"standard","meta":{"fifu_image_url":"\/\/cdn.lebuteur.com\/data\/images\/article\/thumbs\/large-le-real-madrid-a-pris-sa-decision-pour-luka-jovic-1cc79.jpg","fifu_image_alt":"International : Le Real Madrid a pris sa d\u00e9cision pour Luka Jovic","footnotes":""},"categories":[53,75],"tags":[],"class_list":["post-108979","post","type-post","status-publish","format-standard","hentry","category-algerie","category-sport"],"_links":{"self":[{"href":"https:\/\/linitiative.ca\/International\/wp-json\/wp\/v2\/posts\/108979","targetHints":{"allow":["GET"]}}],"collection":[{"href":"https:\/\/linitiative.ca\/International\/wp-json\/wp\/v2\/posts"}],"about":[{"href":"https:\/\/linitiative.ca\/International\/wp-json\/wp\/v2\/types\/post"}],"author":[{"embeddable":true,"href":"https:\/\/linitiative.ca\/International\/wp-json\/wp\/v2\/users\/1738"}],"replies":[{"embeddable":true,"href":"https:\/\/linitiative.ca\/International\/wp-json\/wp\/v2\/comments?post=108979"}],"version-history":[{"count":0,"href":"https:\/\/linitiative.ca\/International\/wp-json\/wp\/v2\/posts\/108979\/revisions"}],"wp:attachment":[{"href":"https:\/\/linitiative.ca\/International\/wp-json\/wp\/v2\/media?parent=108979"}],"wp:term":[{"taxonomy":"category","embeddable":true,"href":"https:\/\/linitiative.ca\/International\/wp-json\/wp\/v2\/categories?post=108979"},{"taxonomy":"post_tag","embeddable":true,"href":"https:\/\/linitiative.ca\/International\/wp-json\/wp\/v2\/tags?post=108979"}],"curies":[{"name":"wp","href":"https:\/\/api.w.org\/{rel}","templated":true}]}}