{"id":108981,"date":"2021-01-09T15:14:16","date_gmt":"2021-01-09T20:14:16","guid":{"rendered":"https:\/\/linitiative.ca\/International\/pros-nice-atal-et-boudaoui-titulaires-face-a-metz-oukidja-est-la-pas-boulaya\/"},"modified":"2021-01-09T15:14:16","modified_gmt":"2021-01-09T20:14:16","slug":"pros-nice-atal-et-boudaoui-titulaires-face-a-metz-oukidja-est-la-pas-boulaya","status":"publish","type":"post","link":"https:\/\/linitiative.ca\/International\/pros-nice-atal-et-boudaoui-titulaires-face-a-metz-oukidja-est-la-pas-boulaya\/","title":{"rendered":"Pros : Nice : Atal et Boudaoui titulaires face \u00e0 Metz. Oukidja est l\u00e0, pas Boulaya"},"content":{"rendered":"<div readability=\"32\">\n<p>Auteur : <span class=\"time\">samedi 09 janvier 2021 20:11<\/span><\/p>\n<\/div>\n<div id=\"post_core\" readability=\"59\">\n<p>L&rsquo;entra\u00eeneur lorrain Fr\u00e9d\u00e9ric Antonetti sera priv\u00e9 de N&rsquo;Doram, Nguette, Udol et Niane, bless\u00e9s. Et Boulaya, test\u00e9 positif au Covid-19, va \u00e9galement manquer ce match. Voici les compositions des deux \u00e9quipes.<\/p>\n<p><strong>Metz :<\/strong> Oukidja &#8211; Centonze, Bronn, Boye (c), Kouyate, Delaine &#8211; Gueye, Angban, Maiga &#8211; Maziz, Leya Iseka.<\/p>\n<p><strong>Nice :<\/strong> Benitez (c) &#8211; Atal, Daniliuc, Saliba, N\u2019Soki, Kamara &#8211; Reine-Ad\u00e9la\u00efde, Thuram, Boudaoui &#8211; Lopes, Gouiri.<\/p>\n<p><strong>Publi\u00e9 dans :<\/strong> <span>Nice<\/span><\/p>\n<\/div>\n<p>Auteur:<br \/>\n<a href=\"http:\/\/www.lebuteur.com\/article\/detail?titre=nice-atal-et-boudaoui-titulaires-face-a-metz-oukidja-est-la-pas-boulaya&#038;id=98640&#038;utm_source=feedburner&#038;utm_medium=feed&#038;utm_campaign=Feed%3A+GalerieFArtciles+%28Les+derniers+articles++-+lebuteur.com%29\">Cliquez ici pour lire l&rsquo;article depuis sa source.<\/a><\/p>\n","protected":false},"excerpt":{"rendered":"<p>Auteur : samedi 09 janvier 2021 20:11 L&rsquo;entra\u00eeneur lorrain Fr\u00e9d\u00e9ric Antonetti sera priv\u00e9 de N&rsquo;Doram, Nguette, Udol et Niane, bless\u00e9s. Et Boulaya, test\u00e9 positif au Covid-19, va \u00e9galement manquer ce match. Voici les compositions des deux \u00e9quipes. Metz : Oukidja &#8211; Centonze, Bronn, Boye (c), Kouyate, Delaine &#8211; Gueye, Angban, Maiga &#8211; Maziz, Leya Iseka. [&hellip;]<\/p>\n","protected":false},"author":1738,"featured_media":0,"comment_status":"closed","ping_status":"closed","sticky":false,"template":"","format":"standard","meta":{"fifu_image_url":"\/\/cdn.lebuteur.com\/data\/images\/article\/thumbs\/large-nice-atal-et-boudaoui-titulaires-face-a-metz-oukidja-est-la-pas-boulaya-d2891.jpg","fifu_image_alt":"Pros : Nice : Atal et Boudaoui titulaires face \u00e0 Metz. Oukidja est l\u00e0, pas Boulaya","footnotes":""},"categories":[53,75],"tags":[],"class_list":["post-108981","post","type-post","status-publish","format-standard","hentry","category-algerie","category-sport"],"_links":{"self":[{"href":"https:\/\/linitiative.ca\/International\/wp-json\/wp\/v2\/posts\/108981","targetHints":{"allow":["GET"]}}],"collection":[{"href":"https:\/\/linitiative.ca\/International\/wp-json\/wp\/v2\/posts"}],"about":[{"href":"https:\/\/linitiative.ca\/International\/wp-json\/wp\/v2\/types\/post"}],"author":[{"embeddable":true,"href":"https:\/\/linitiative.ca\/International\/wp-json\/wp\/v2\/users\/1738"}],"replies":[{"embeddable":true,"href":"https:\/\/linitiative.ca\/International\/wp-json\/wp\/v2\/comments?post=108981"}],"version-history":[{"count":0,"href":"https:\/\/linitiative.ca\/International\/wp-json\/wp\/v2\/posts\/108981\/revisions"}],"wp:attachment":[{"href":"https:\/\/linitiative.ca\/International\/wp-json\/wp\/v2\/media?parent=108981"}],"wp:term":[{"taxonomy":"category","embeddable":true,"href":"https:\/\/linitiative.ca\/International\/wp-json\/wp\/v2\/categories?post=108981"},{"taxonomy":"post_tag","embeddable":true,"href":"https:\/\/linitiative.ca\/International\/wp-json\/wp\/v2\/tags?post=108981"}],"curies":[{"name":"wp","href":"https:\/\/api.w.org\/{rel}","templated":true}]}}