{"id":108982,"date":"2021-01-09T03:30:00","date_gmt":"2021-01-09T08:30:00","guid":{"rendered":"https:\/\/linitiative.ca\/International\/fadhel-abdelkefi-nouveau-chef-dafek-je-me-bats-pour-une-tunisie-meilleure-prospere-et-solidaire\/"},"modified":"2021-01-09T03:30:00","modified_gmt":"2021-01-09T08:30:00","slug":"fadhel-abdelkefi-nouveau-chef-dafek-je-me-bats-pour-une-tunisie-meilleure-prospere-et-solidaire","status":"publish","type":"post","link":"https:\/\/linitiative.ca\/International\/fadhel-abdelkefi-nouveau-chef-dafek-je-me-bats-pour-une-tunisie-meilleure-prospere-et-solidaire\/","title":{"rendered":"Fadhel Abdelk\u00e9fi, nouveau chef d\u2019Afek: Je me bats pour une Tunisie meilleure, prosp\u00e8re et solidaire"},"content":{"rendered":"<p class=\"c4\"><span class=\"c3\"><span class=\"c2\"><em><strong>Propos recueillis par Fatma Hentati &#8211;<\/strong><\/em><\/span><\/span> <strong>Qu\u2019est-ce qui pousse ce quadra financier confirm\u00e9 \u00e0 prendre la pr\u00e9sidence du parti Afek Tounes et se lancer en plein dans la politique ? Fadhel Abdelk\u00e9fi, 50 ans, dipl\u00f4m\u00e9 de Paris I-Panth\u00e9on Sorbonne, ancien pr\u00e9sident de la Bourse de Tunis, et longtemps aux commandes d\u2019un groupe financier pr\u00e9sent dans 25 pays africains (Integra Partners, regroupant notamment Tunisie Valeurs et AfricInvest), a connu un bref passage au gouvernement. Ministre de l\u2019Investissement, du D\u00e9veloppement et de la Coop\u00e9ration internationale en ao\u00fbt 2016 dans le gouvernement Youssef Chahed, il avait cumul\u00e9 par int\u00e9rim, d\u2019avril \u00e0 septembre 2017, les fonctions de ministre des Finances, avant de se retirer, suite \u00e0 une cabale injustement mont\u00e9e contre lui et dont la justice l\u2019a compl\u00e8tement acquitt\u00e9.<br \/>D\u00e8s 2019, son nom n\u2019a cess\u00e9 de revenir au-devant de la sc\u00e8ne politique. Il avait \u00e9t\u00e9 coopt\u00e9 par Habib Jemli, en d\u00e9cembre 2019, pour le poste de ministre des Finances dans le gouvernement qui sera rejet\u00e9 par l\u2019ARP. Il sera alors propos\u00e9 \u00e0 deux reprises par des partis (Tahya Tounes, Ennahdha, etc.) pour diriger les deux gouvernements d\u2019apr\u00e8s, confi\u00e9s finalement \u00e0 Ely\u00e8s Fakhfakh, puis \u00e0 Hichem Mechichi. Changeant de fusil d\u2019\u00e9paule, il s\u2019engage au combat en chef de parti.<br \/>Pourquoi Fadhel Abdelk\u00e9fi veut-il se battre ? Contre qui ? Et avec quelle vision ?<br \/>Interview.<\/strong><\/p>\n<p><span class=\"c6\"><span class=\"c5\"><strong>Pourquoi avez-vous d\u00e9cid\u00e9 de vous battre aujourd\u2019hui?<\/strong><\/span><\/span><\/p>\n<p>Je me suis r\u00e9solu \u00e0 rentrer effectivement dans la vie politique convaincu, apr\u00e8s quelques ann\u00e9es, que la meilleure mani\u00e8re de faire de la politique est de militer dans un parti. J\u2019ai choisi Afek Tounes, d\u2019abord, parce qu\u2019il y a des d\u00e9nominateurs communs au niveau des sujets, notamment le r\u00f4le de l\u2019Etat. Ce parti a souvent \u00e9t\u00e9 injustement tax\u00e9 d\u2019\u00e9litiste. Il est certes constitu\u00e9 au niveau de ses leaders d\u2019une \u00e9lite qui appartient \u00e0 la m\u00e9ritocratie tunisienne. Celle issue de l\u2019\u00e9cole publique de Bourguiba. Ces membres ont majoritairement r\u00e9ussi dans la vie priv\u00e9e et se sont impliqu\u00e9s apr\u00e8s 2011 en cr\u00e9ant ce parti, l\u2019un des rares partis qui peut pr\u00e9tendre \u00e0 une existence aussi riche et dense.<\/p>\n<p>Si vous regardez aujourd\u2019hui l\u2019espace de l\u2019Assembl\u00e9e des repr\u00e9sentants du peuple, tr\u00e8s peu de partis sont demeur\u00e9s actifs et significatifs depuis dix ans. C\u2019est un parti en vrai, et non une machine \u00e9lectorale. Il a connu des succ\u00e8s, comme il est pass\u00e9 par des moments difficiles, notamment les derni\u00e8res \u00e9lections.<\/p>\n<p><span class=\"c6\"><span class=\"c5\"><strong>Comment s\u2019est pass\u00e9e votre accession \u00e0 la pr\u00e9sidence d\u2019Afek Tounes?<\/strong><\/span><\/span><\/p>\n<p>Yassine Brahim a assum\u00e9 personnellement et enti\u00e8rement la responsabilit\u00e9 de la d\u00e9route \u00e9lectorale, m\u00eame si j\u2019estime que l\u2019\u00e9chec est collectif. En tant que chef, honn\u00eate et modeste, il a consid\u00e9r\u00e9 qu\u2019il devait d\u00e9missionner. Il y avait une vacance au niveau de la pr\u00e9sidence depuis bient\u00f4t un an et le conseil national, r\u00e9cemment r\u00e9uni, m\u2019y a port\u00e9. En fait, j\u2019ai int\u00e9gr\u00e9 ce parti depuis deux mois et \u00e9t\u00e9 directement coopt\u00e9 au sein du bureau politique. J\u2019ai alors effectu\u00e9 une tourn\u00e9e dans les r\u00e9gions, rencontr\u00e9 des militants et \u00e9cout\u00e9 leurs analyses. C\u2019\u00e9tait tr\u00e8s instructif.<\/p>\n<p><span class=\"c6\"><span class=\"c5\"><strong>Pourquoi maintenant, apr\u00e8s tant d\u2019ann\u00e9es?<\/strong><\/span><\/span><\/p>\n<p>Afek Tounes a formul\u00e9 des solutions concr\u00e8tes et pratiques, alors que beaucoup se contentent de th\u00e9oriser avec souvent des slogans creux. Nombreux sont ceux qui pr\u00e9tendent que par un coup de baguette magique, la Tunisie pourrait changer, alors qu\u2019Afek, s\u2019appuyant sur des experts, a \u00e9labor\u00e9 des plans de redressement. Charge \u00e0 nous aujourd\u2019hui d\u2019expliquer ces programmes, de mettre en d\u00e9bat notre vision et de partager notre strat\u00e9gie d\u2019avenir pour le pays.<\/p>\n<p>En outre, je veux et vais me battre pour une Tunisie meilleure. Tout d\u2019abord, je suis parmi ceux qui pensent que la Tunisie jouit d\u2019un \u00e9norme potentiel \u00e9conomique. Nous devons sereinement et d\u2019une mani\u00e8re pragmatique nous recentrer sur les vrais probl\u00e8mes qui concernent de pr\u00e8s les Tunisiens. Il s\u2019agit de probl\u00e9matiques socio\u00e9conomiques, mais aussi institutionnelles et politiques.<\/p>\n<p>J\u2019ai souvent \u00e9voqu\u00e9 une Tunisie agricole qui devrait \u00eatre plus moderne, \u00e0 financer d\u2019une meilleure mani\u00e8re d\u2019\u00eatre sur la cha\u00eene de valeur, exporter vers des pays tr\u00e8s proches. Je me suis \u00e9galement int\u00e9ress\u00e9 \u00e0 la Tunisie industrielle car nous avons des zones industrielles qui travaillent pour l\u2019Europe. Mais malheureusement, on ne peut pas avoir une bonne zone industrielle, m\u00eame si les investisseurs locaux et \u00e9trangers sont contents d\u2019avoir ce personnel tunisien tr\u00e8s qualifi\u00e9 et si la logistique de l\u2019export ne suit pas.<\/p>\n<p class=\"c7\"><img decoding=\"async\" src=\"\/uploads\/FCK_files\/Sans-titre-1(51).jpg\" width=\"100%\" vspace=\"5\" hspace=\"5\" align=\"middle\" alt=\"\"\/><\/p>\n<p>Au niveau des services, la Tunisie peut constituer un centre financier africain, comme le sont devenus d\u2019autres pays, peut-\u00eatre aussi un hub pour la sant\u00e9 et l\u2019\u00e9ducation. Il y a tellement d\u2019opportunit\u00e9s \u00e0 saisir dans le domaine du tourisme. Ainsi une r\u00e9flexion devrait -elle \u00eatre men\u00e9e au niveau du tourisme r\u00e9sidentiel dans notre pays. Des lois ont \u00e9t\u00e9 vot\u00e9es depuis de longues ann\u00e9es, mais n\u2019ont malheureusement pas \u00e9t\u00e9 appliqu\u00e9es. Je voudrais ainsi rappeler la loi de finances de 2007 qui encourageait des ressortissants fran\u00e7ais \u00e0 venir s\u2019installer en Tunisie avec un gain fiscal du c\u00f4t\u00e9 fran\u00e7ais. C\u2019est gr\u00e2ce \u00e0 cette loi tr\u00e8s comparable que le Maroc a pu d\u00e9coller au niveau du tourisme r\u00e9sidentiel, d\u00e9veloppant des villes comme Marrakech, Tanger, F\u00e8s et d\u2019autres cit\u00e9s marocaines. Un centre de tourisme r\u00e9sidentiel qu\u2019on a vu d\u2019ailleurs un peu partout dans le bassin m\u00e9diterran\u00e9en, \u00e0 Malte, en Espagne, et ailleurs.<\/p>\n<p class=\"c7\"><img decoding=\"async\" src=\"\/uploads\/FCK_files\/Yassine-Brahim---FAdhel.jpg\" width=\"100%\" vspace=\"5\" hspace=\"5\" align=\"middle\" alt=\"\"\/><\/p>\n<p>Les sp\u00e9cialistes consid\u00e8rent qu\u2019un touriste r\u00e9sidentiel \u00e9quivaut \u00e0 7 ou 8 touristes de passage. Il y a tellement de choses \u00e0 faire, mais il faudrait red\u00e9finir le r\u00f4le de l\u2019Etat. Il faudrait dire \u00e0 quel point la Tunisie a besoin de revoir les textes r\u00e9glementaires qui r\u00e9gissent la vie et le climat des affaires. Pour les textes r\u00e9glementaires, je le disais hier encore, il y en a qui datent du d\u00e9but du si\u00e8cle. On a des textes qui datent de 1950 et 1960, certains demeurent valables, mais d\u2019autres sont aujourd\u2019hui obsol\u00e8tes, compliqu\u00e9s \u00e0 appliquer, et cela ne lib\u00e8re pas l\u2019\u00e9nergie de la Tunisie. Je me dis que la Tunisie a besoin d\u2019un big bang. Elle a besoin de gros r\u00e9glages et je pense qu\u2019il y a un \u00e9norme potentiel pour ce pays. A la base, il faudrait consolider la d\u00e9mocratie. Une d\u00e9mocratie qui cr\u00e9\u00e9 et partage la prosp\u00e9rit\u00e9, g\u00e9n\u00e9rant des croissances non inclusives b\u00e9n\u00e9ficiant \u00e0 l\u2019ensemble des Tunisiens.<\/p>\n<p><span class=\"c6\"><span class=\"c5\"><strong>Finalement, en quoi consiste votre combat?<\/strong><\/span><\/span><\/p>\n<p>Mon combat s\u2019\u00e9rige contre une mani\u00e8re de faire de la politique, fond\u00e9e exclusivement sur une forte dose de populisme, de contrev\u00e9rit\u00e9s et de faux d\u00e9bats aujourd\u2019hui d\u00e9pass\u00e9s. Je mentionnerai \u00e0 titre d\u2019exemple la question de l\u2019identit\u00e9 tunisienne, pouvant \u00eatre clivant. Elle a \u00e9t\u00e9 tranch\u00e9e par la nouvelle Constitution. La controverse \u00e0 ce sujet est close.<\/p>\n<p><span class=\"c6\"><span class=\"c5\"><strong>Qu\u2019est-ce qui vous interpelle le plus ?<\/strong><\/span><\/span><\/p>\n<p>La d\u00e9gradation de la situation sociale et \u00e9conomique. Le taux de pauvret\u00e9 extr\u00eame a augment\u00e9, celui du ch\u00f4mage aussi. Les finances publiques sont en tr\u00e8s grande difficult\u00e9, le secteur priv\u00e9 est \u00e0 la peine. Ajoutez \u00e0 cela la crise mondiale du Covid-19. Le secteur priv\u00e9, malgr\u00e9 sa r\u00e9silience, commence \u00e0 en p\u00e2tir gravement. Je me bats, en somme, pour une Tunisie meilleure, d\u00e9mocratique, prosp\u00e8re et solidaire.<\/p>\n<p class=\"c8\"><em>Propos recueillis par<\/em><br \/><strong>Fatma Hentati<\/strong><\/p>\n<p>Auteur:<br \/>\n<a href=\"https:\/\/www.leaders.com.tn\/article\/31222-fadhel-abdelkefi-nouveau-chef-d-afek-je-me-bats-pour-une-tunisie-meilleure-prospere-et-solidaire\">Cliquez ici pour lire l&rsquo;article depuis sa source.<\/a><\/p>\n","protected":false},"excerpt":{"rendered":"<p>Propos recueillis par Fatma Hentati &#8211; Qu\u2019est-ce qui pousse ce quadra financier confirm\u00e9 \u00e0 prendre la pr\u00e9sidence du parti Afek Tounes et se lancer en plein dans la politique ? Fadhel Abdelk\u00e9fi, 50 ans, dipl\u00f4m\u00e9 de Paris I-Panth\u00e9on Sorbonne, ancien pr\u00e9sident de la Bourse de Tunis, et longtemps aux commandes d\u2019un groupe financier pr\u00e9sent dans [&hellip;]<\/p>\n","protected":false},"author":1772,"featured_media":0,"comment_status":"closed","ping_status":"closed","sticky":false,"template":"","format":"standard","meta":{"fifu_image_url":"\/uploads\/FCK_files\/Sans-titre-1(51).jpg","fifu_image_alt":"Fadhel Abdelk\u00e9fi, nouveau chef d\u2019Afek: Je me bats pour une Tunisie meilleure, prosp\u00e8re et solidaire","footnotes":""},"categories":[73,55],"tags":[],"class_list":["post-108982","post","type-post","status-publish","format-standard","hentry","category-actualite","category-tunisie"],"_links":{"self":[{"href":"https:\/\/linitiative.ca\/International\/wp-json\/wp\/v2\/posts\/108982","targetHints":{"allow":["GET"]}}],"collection":[{"href":"https:\/\/linitiative.ca\/International\/wp-json\/wp\/v2\/posts"}],"about":[{"href":"https:\/\/linitiative.ca\/International\/wp-json\/wp\/v2\/types\/post"}],"author":[{"embeddable":true,"href":"https:\/\/linitiative.ca\/International\/wp-json\/wp\/v2\/users\/1772"}],"replies":[{"embeddable":true,"href":"https:\/\/linitiative.ca\/International\/wp-json\/wp\/v2\/comments?post=108982"}],"version-history":[{"count":0,"href":"https:\/\/linitiative.ca\/International\/wp-json\/wp\/v2\/posts\/108982\/revisions"}],"wp:attachment":[{"href":"https:\/\/linitiative.ca\/International\/wp-json\/wp\/v2\/media?parent=108982"}],"wp:term":[{"taxonomy":"category","embeddable":true,"href":"https:\/\/linitiative.ca\/International\/wp-json\/wp\/v2\/categories?post=108982"},{"taxonomy":"post_tag","embeddable":true,"href":"https:\/\/linitiative.ca\/International\/wp-json\/wp\/v2\/tags?post=108982"}],"curies":[{"name":"wp","href":"https:\/\/api.w.org\/{rel}","templated":true}]}}