{"id":108983,"date":"2021-01-09T04:30:00","date_gmt":"2021-01-09T09:30:00","guid":{"rendered":"https:\/\/linitiative.ca\/International\/yassine-brahim-plusieurs-batailles-sont-a-mener-video\/"},"modified":"2021-01-09T04:30:00","modified_gmt":"2021-01-09T09:30:00","slug":"yassine-brahim-plusieurs-batailles-sont-a-mener-video","status":"publish","type":"post","link":"https:\/\/linitiative.ca\/International\/yassine-brahim-plusieurs-batailles-sont-a-mener-video\/","title":{"rendered":"Yassine Brahim: Plusieurs batailles sont \u00e0 mener&#8230; (Vid\u00e9o)"},"content":{"rendered":"<p><span class=\"c2\"><strong>Par Yassine Brahim.<\/strong> <em>Ing\u00e9nieur centralien, ancien ministre, ancien chef du parti Afek Toun\u00e8s &#8211;<\/em><\/span><\/p>\n<p><span class=\"c4\"><span class=\"c3\"><strong>Que retenez-vous le plus de ces dix derni\u00e8res ann\u00e9es?<\/strong><\/span><\/span><\/p>\n<p><img decoding=\"async\" src=\"\/uploads\/FCK_files\/Couv-Dix-ans__.jpg\" alt=\"\" width=\"40%\" vspace=\"5\" hspace=\"5\" align=\"right\"\/>La libert\u00e9 d\u2019expression : tous ceux qui ont v\u00e9cu adultes int\u00e9ress\u00e9s par la chose publique avant le 14 janvier 2011 mesurent l\u2019importance de ce privil\u00e8ge aujourd\u2019hui.<\/p>\n<p>Beaucoup critiquent aujourd\u2019hui ce qu\u2019ils appellent les \u00abd\u00e9bordements\u00bb de cette libert\u00e9 : manifestations, sit-in, etc., qui ont parfois des cons\u00e9quences touchant la libert\u00e9 d\u2019autrui, le droit au travail, le fonctionnement d\u2019institutions ou de sites de production vitaux, etc.<\/p>\n<p>Que la frustration perdure aussi longtemps et se manifeste du coup de mani\u00e8re r\u00e9guli\u00e8re n\u2019est pas surprenant si nous regardons l\u2019histoire des r\u00e9volutions depuis des si\u00e8cles et notamment les plus r\u00e9centes dans les pays d\u2019Europe de l\u2019Est. Les origines des frustrations cumul\u00e9es pendant des dizaines d\u2019ann\u00e9es ne peuvent pas dispara\u00eetre juste parce que le peuple a retrouv\u00e9 la libert\u00e9. M\u00eame quand celle-ci va assez vite au-del\u00e0 de la parole, et permet de choisir ses repr\u00e9sentants pour g\u00e9rer les affaires publiques. La d\u00e9mocratie est l\u2019une des fondations de la traduction de la libert\u00e9. Le peuple choisit qui va le repr\u00e9senter pour g\u00e9rer les affaires et services publics de la communaut\u00e9. Ainsi se composent une majorit\u00e9 pour exercer ce pouvoir et une minorit\u00e9 qui exercera un contre-pouvoir, l\u2019opposition. Les \u00ab gagnants \u00bb en d\u00e9mocratie, si leur majorit\u00e9 est confortable, peuvent ex\u00e9cuter leur programme mais les contre-pouvoirs seront l\u00e0 pour sensibiliser l\u2019opinion publique, le peuple, sur les \u00e9ventuels m\u00e9faits de ce programme. Ceux qui ont la manette surveillent ainsi toujours l\u2019opinion publique et r\u00e9fl\u00e9chiront plus, avant d\u2019entamer des actions sans convaincre cette opinion m\u00eame si quelques mois ou ann\u00e9es plus t\u00f4t ils ont eu une majorit\u00e9.<\/p>\n<p class=\"c5\"><iframe loading=\"lazy\" src=\"https:\/\/www.youtube.com\/embed\/z7WP0VIIKLk\" allow=\"accelerometer; autoplay; clipboard-write; encrypted-media; gyroscope; picture-in-picture\" allowfullscreen=\"\" width=\"560\" height=\"315\" frameborder=\"0\">[embedded content]<\/iframe><\/p>\n<p>En deux mots, la gouvernance publique dans un syst\u00e8me d\u00e9mocratique est bien plus complexe et \u00e9labor\u00e9e qu\u2019elle l\u2019est dans les autocraties telles que celles dans lesquelles nous avons v\u00e9cu avant. La d\u00e9mocratie est une voie naturelle pour les peuples libres, et nous avons, je pense et j\u2019esp\u00e8re, d\u00e9pass\u00e9 la ligne de non-retour en arri\u00e8re. Les syst\u00e8mes d\u00e9mocratiques ne sont cependant pas fig\u00e9s et sont m\u00eame en train d\u2019\u00e9voluer en Occident, nous sommes presque chanceux de devenir un pays d\u00e9mocratique \u00e0 ce moment de l\u2019histoire o\u00f9 des d\u00e9bats existent sur la mani\u00e8re d\u2019am\u00e9liorer le rapport entre les peuples et leurs gouvernants un peu partout dans le monde.<\/p>\n<p>Pour revenir \u00e0 nos dix ans, nous avons recul\u00e9 sur le plan des services publics, que ce soit dans les administrations ou les entreprises publiques. Ces organismes faisaient souvent preuve de rigueur, de discipline, de respect de la hi\u00e9rarchie, avant la r\u00e9volution, probablement en grande majorit\u00e9 par peur des repr\u00e9sailles d\u2019un syst\u00e8me autoritaire. Le suremploi d\u00e9j\u00e0 existant avant la r\u00e9volution et accentu\u00e9 dans cette phase d\u2019achat du calme par distribution de postes non productifs a accentu\u00e9 la non-efficience de ces services. Enfin, l\u2019impunit\u00e9 impos\u00e9e de fait, devenue une culture parfois d\u00e9fendue par les syndicats, a fait baisser les bras des managers les plus comp\u00e9tents et rigoureux au sein de la fonction publique et des entreprises publiques.<\/p>\n<p><span class=\"c4\"><span class=\"c3\"><strong>Pensez-vous que la d\u00e9mocratie demeure la v\u00e9ritable voie d\u2019avenir et \u00e0 quelles conditions ?\u00a0<\/strong><\/span><\/span><\/p>\n<p>Nous n\u2019\u00e9tions aucunement pr\u00e9par\u00e9s \u00e0 cette d\u00e9mocratie soudaine, et la maturit\u00e9 des offres politiques et celle des citoyens est encore au stade quasi initial. Une constituante, les trois premi\u00e8res ann\u00e9es, ayant cr\u00e9\u00e9 de grandes craintes de nous retrouver dans une voie sombre bien pire qu\u2019avant. Puis \u00e0 la naissance d\u2019un nouvel espoir fin 2014, trois attentats sont venus tuer l\u2019\u00e9lan d\u00e8s 2015. Sue le plan g\u00e9opolitique, ces dix derni\u00e8res ann\u00e9es ont \u00e9t\u00e9 aussi tr\u00e8s difficiles. Une guerre qui dure chez nos fr\u00e8res libyens o\u00f9 les combattants sont entra\u00een\u00e9s, et une image d\u00e9plorable, et malheureusement factuelle, d\u2019un pays exportateur de terroristes en Syrie. En cons\u00e9quence, notre \u00e9conomie n\u2019a pas pu bouger sur cette p\u00e9riode, avec un recul important des investissements et du tourisme.<\/p>\n<p>La tentative de consensus politique entre progressistes et islamistes a \u00e9chou\u00e9. Une deuxi\u00e8me exp\u00e9rience apr\u00e8s celle de la Tro\u00efka o\u00f9 ils dominaient, montrant que m\u00eame battus, les islamistes r\u00e9ussissent \u00e0 diviser leurs adversaires et les affaiblir jusqu\u2019\u00e0 reprendre la main.\u00a0 Ils ont m\u00eame fini par utiliser les fils pour renverser le p\u00e8re les deux derni\u00e8res ann\u00e9es o\u00f9 l\u2019\u00e9quipe au pouvoir \u00e9tait plus riv\u00e9e sur l\u2019\u00e9ch\u00e9ance suivante et les tentatives d\u2019\u00e9limination des adversaires que la gestion des affaires concr\u00e8tes et nombreuses qu\u2019attendait la population. Enfin, des \u00e9lections en 2019 qui ont donn\u00e9 un r\u00e9sultat \u00e9clat\u00e9 ne permettant pas de composer une majorit\u00e9 \u00abnaturelle\u00bb obligeant des consensus qui ne tiennent pas, et du coup donnant un pouvoir \u00ab virtuel \u00bb de blocage \u00e0 un Pr\u00e9sident \u00e9lu comme celui qu\u2019a exerc\u00e9 Ennahdha de 2014 \u00e0 2019 avec BCE, paix \u00e0 son \u00e2me.<\/p>\n<p>Comment s\u2019en sortir sur le plan politique ? Vaste et difficile question. En g\u00e9n\u00e9ral, toutes les phases postr\u00e9volutionnaires ont v\u00e9cu une restauration. Il semble que nous nous y dirigeons si nous n\u2019y sommes pas d\u00e9j\u00e0. Un mouvement r\u00e9ellement progressiste alliant tradition et modernisme doit pouvoir s\u2019installer aupr\u00e8s des trois tendances conservatrices assez extr\u00e9mistes chacune \u00e0 sa mani\u00e8re qui dominent la sc\u00e8ne politique actuelle. Encore faut-il que l\u2019\u00e9lite progressiste ne baisse pas les bras et ne revienne pas \u00e0 la position confortable de spectateur par rapport aux affaires publiques.<\/p>\n<p>Sur un plan plus positif en termes de bilan, on ne le dit pas assez, beaucoup d\u2019acteurs ont fait avancer les choses ces dix derni\u00e8res ann\u00e9es. Avant tout, les cr\u00e9ations culturelles : le cin\u00e9ma tunisien impressionne de plus en plus, le th\u00e9\u00e2tre, la musique, la peinture, les livres, les expositions, les festivals, etc. Les start-up fleurissent partout, la plupart travaillent \u00e0 l\u2019export. Les investissements priv\u00e9s ont persist\u00e9 dans les moments les plus difficiles. Certes la croissance a stagn\u00e9 sur cette longue p\u00e9riode et les foyers tunisiens se sont appauvris sur le plan mon\u00e9taire, mais la vigueur du secteur priv\u00e9 nous a permis de limiter les d\u00e9g\u00e2ts.<\/p>\n<p>La soci\u00e9t\u00e9 civile s\u2019est aussi d\u00e9velopp\u00e9e de mani\u00e8re int\u00e9ressante. Regardez le nombre d\u2019initiatives de solidarit\u00e9 sur le plan national, r\u00e9gional et local, qui ont \u00e9merg\u00e9 pendant la crise du Covid-19. Le nombre de programmes de coop\u00e9ration internationale pour la soci\u00e9t\u00e9 civile s\u2019est aussi beaucoup d\u00e9velopp\u00e9 dans le domaine de la gouvernance locale, de la sant\u00e9, de l\u2019environnement, de l\u2019\u00e9ducation, de la citoyennet\u00e9, etc.<\/p>\n<p>Notre attention est toujours riv\u00e9e sur le gouvernement, le parlement, Carthage, parfois les municipalit\u00e9s, mais une soci\u00e9t\u00e9 ne se d\u00e9veloppe pas juste par la bonne gouvernance de ses gouvernants publics, elle se d\u00e9veloppe aussi par la performance de ses op\u00e9rateurs priv\u00e9s et le d\u00e9veloppement de son tiers secteur, soci\u00e9t\u00e9 civile, coop\u00e9ratives, mutuelles, etc. Certes tout est interd\u00e9pendant, une gouvernance publique performante et transparente facilite beaucoup le d\u00e9veloppement des op\u00e9rateurs priv\u00e9s et le tiers secteur. Et c\u2019est l\u00e0 notre plus grande marge de progression.<\/p>\n<p><span class=\"c4\"><span class=\"c3\"><strong>\u00cates-vous confiant pour les dix prochaines ann\u00e9es?<\/strong><\/span><\/span><\/p>\n<p>M\u00eame si je suis de nature optimiste, j\u2019avoue que j\u2019ai ces derniers temps, comme beaucoup de Tunisiens, des hauts et des bas quant \u00e0 l\u2019avenir \u00e0 court terme, car comme nous l\u2019avons v\u00e9cu, dix ann\u00e9es c\u2019est long mais le temps passe vite.<\/p>\n<p>Les facteurs exog\u00e8nes influeront toujours notre avenir. J\u2019esp\u00e8re qu\u2019ils seront plus positifs les dix prochaines ann\u00e9es qu\u2019ils ne l\u2019ont \u00e9t\u00e9 durant les dix derni\u00e8res. Des voisins plus stables, une meilleure anticipation et ma\u00eetrise des groupes terroristes par nos forces de s\u00e9curit\u00e9, une Europe plus ouverte et collaborative, un Moyen-Orient moins intrusif, une Am\u00e9rique plus apais\u00e9e et plus consciente des risques que repr\u00e9sentent les mouvements m\u00e9langeant religion et politique, en qui ils croyaient et soutenaient en 2011.\u00a0\u00a0<\/p>\n<p>Quant \u00e0 ce qui est entre nos mains, je me limiterais \u00e0 trois sujets essentiels qui peuvent rendre ces dix prochaines ann\u00e9es bien meilleures que celles d\u2019avant.<\/p>\n<p>Le premier \u00e9tant la reprise par nos forces vives, et pas seulement l\u2019\u00c9tat, du chantier de l\u2019\u00e9ducation de nos enfants. L\u2019investissement premier de Bourguiba \u00e0 l\u2019ind\u00e9pendance doit revenir en force et se mettre \u00e0 l\u2019air du temps. Le syst\u00e8me \u00e9ducatif chez nous a bien souffert ces 20 derni\u00e8res ann\u00e9es. La soci\u00e9t\u00e9 civile doit s\u2019en m\u00ealer plus fortement. Des associations de parents d\u2019\u00e9l\u00e8ve partout. L\u2019acc\u00e8s \u00e0 l\u2019\u00e9ducation est le premier service de l\u2019\u00c9tat certes, mais la soci\u00e9t\u00e9 civile peut beaucoup aider pour limiter les sorties du cursus scolaire et donner une chance \u00e0 chacun pour acc\u00e9der \u00e0 la connaissance et prendre l\u2019ascenseur social. Le secteur public doit faire le maximum, augmenter en efficacit\u00e9, et am\u00e9liorer la qualit\u00e9 des enseignants et des conditions de travail des \u00e9l\u00e8ves.<\/p>\n<p>Le secteur priv\u00e9 a aussi son r\u00f4le \u00e0 jouer. Les pays les plus d\u00e9velopp\u00e9s au monde et qui r\u00e9ussissent \u00e0 limiter la pauvret\u00e9 ne comptent pas uniquement sur l\u2019\u00c9tat pour l\u2019\u00e9ducation de leurs enfants. Le secteur priv\u00e9 \u00e9ducatif accueille les enfants des familles ais\u00e9es certes. Il doit aussi accueillir des \u00e9l\u00e8ves issus de classes sociales n\u2019ayant pas les moyens mais qui m\u00e9riteraient d\u2019avoir acc\u00e8s aux meilleures \u00e9coles et universit\u00e9 du pays, en montant des structures de financement pour pouvoir les int\u00e9grer.<\/p>\n<p>Le deuxi\u00e8me chantier est celui de la remise en selle de l\u2019\u00c9tat, son administration et ses entreprises publiques, sans plus tarder. Son r\u00f4le et ses priorit\u00e9s doivent \u00eatre discut\u00e9s avec l\u2019Ugtt et un accord sur 10 ans ent\u00e9rin\u00e9. Nous avons pass\u00e9 dix ans \u00e0 fuir cette discussion, nous ne pouvons d\u00e9sormais plus le faire, les caisses se sont vid\u00e9es et le ras-le-bol vis \u00e0 vis du service public est au summum.<\/p>\n<p>Je vois un \u00c9tat concentr\u00e9 sur l\u2019essentiel. L\u2019\u00e9ducation, la sant\u00e9, la s\u00e9curit\u00e9, la justice, les ressources essentielles, notamment l\u2019eau et l\u2019\u00e9nergie, et enfin l\u2019infrastructure fluidifiant la circulation des hommes et des marchandises. Tout le reste est dispersion et perte de temps et d\u2019argent pour l\u2019\u00c9tat.<\/p>\n<p>Enfin, la troisi\u00e8me action que je vois importante pour les dix ans \u00e0 venir : nous avons une vraie discussion\/n\u00e9gociation \u00e0 mener avec l\u2019Europe. Depuis le d\u00e9but de notre existence, notre lien avec l\u2019Europe, par notre proximit\u00e9 g\u00e9ographique, a \u00e9t\u00e9 tr\u00e8s fort. Nous sommes cependant aujourd\u2019hui, si on ram\u00e8ne les mesures au pouvoir d\u2019achat, trois ou quatre fois plus pauvre que les Europ\u00e9ens. Il est donc normal que nos jeunes, n\u2019ayant pas une chance de trouver un travail ou d\u2019autres ambitieux au-del\u00e0 de ce que peut leur proposer le march\u00e9 tunisien, aspirent \u00e0 \u00e9migrer en Europe. Par ailleurs, l\u2019Europe vieillit, l\u2019\u00e2ge m\u00e9dian est de 43 ans. Elle a besoin de force vive. L\u2019Europe a besoin de l\u2019immigration mais elle ne veut pas la subir de mani\u00e8re al\u00e9atoire. Nous non plus. Voir nos cerveaux partir tous les ans, et nos jeunes ch\u00f4meurs mourir en mer par d\u00e9sespoir nous fait mal.<\/p>\n<p>Je pense qu\u2019il y a mati\u00e8re \u00e0 trouver un win-win deal avec l\u2019Europe sur ce sujet. Nous l\u2019avions fait dans les ann\u00e9es soixante-dix quand l\u2019Europe avait besoin d\u2019ouvriers. Jusqu\u2019\u00e0 ce jour beaucoup de villes et villages en Tunisie vivent encore des transferts des parents et enfants d\u2019\u00e9migr\u00e9s bas\u00e9s en Europe. Cette source de devises a \u00e9t\u00e9 la premi\u00e8re pour le pays les ann\u00e9es de souffrance dans le tourisme, comme cette ann\u00e9e, au-del\u00e0 de cinq mille millions de dinars.<\/p>\n<p>L\u2019Europe nous demande l\u00e9gitimement de mieux g\u00e9rer nos fronti\u00e8res maritimes pour \u00e9viter l\u2019\u00e9migration clandestine, et de rapatrier ceux qui r\u00e9ussissent \u00e0 \u00e9chapper \u00e0 nos garde-fronti\u00e8res. Je suis certain qu\u2019elle sera pr\u00eate en contrepartie \u00e0 n\u00e9gocier pour certains m\u00e9tiers une \u00e9migration choisie. A nos gouvernants de s\u2019atteler \u00e0 cette n\u00e9gociation.<\/p>\n<p>En conclusion, avec notre emplacement g\u00e9ographique assez exceptionnel, dans une Afrique du Nord en pleine effervescence d\u00e9mographique, au nord de l\u2019Afrique, le continent au plus fort potentiel \u00e9conomique, au Sud de l\u2019Europe, le continent moteur historique du monde libre, avec la qualit\u00e9 du syst\u00e8me \u00e9ducatif mis en place par les b\u00e2tisseurs de la Tunisie ind\u00e9pendante et gr\u00e2ce enfin \u00e0 la libert\u00e9 acquise il y a dix ans qui a permis l\u2019installation enfin de la d\u00e9mocratie dans notre pays, tous les ingr\u00e9dients sont l\u00e0 pour que notre pays d\u00e9colle.<\/p>\n<p>Plusieurs batailles sont \u00e0 mener pour ce faire et les plus importantes \u00e9tant celles contre le fatalisme et l\u2019inertie.<\/p>\n<p class=\"c6\"><span class=\"c2\"><strong>Tunisie, Dix ans et dans Dix ans<\/strong><\/span><br \/><em>Ouvrage collectif sous la direction de Taoufik Habaieb<\/em><br \/>Editions Leaders, janvier 2021, 240 pages, 25 DT<\/p>\n<p class=\"c6\"><span class=\"c8\"><a href=\"http:\/\/www.leadersbooks.com.tn\"><span class=\"c7\">www.leadersbooks.com.tn<\/span><\/a><\/span><\/p>\n<p class=\"c9\"><strong>Yassine Brahim<\/strong><br \/><em>Ing\u00e9nieur centralien, ancien ministre, ancien chef du parti Afek Toun\u00e8s<\/em><\/p>\n<p><strong>Lire aussi:<\/strong><\/p>\n<p><a href=\"https:\/\/www.leaders.com.tn\/article\/31218-mustapha-ben-jaafar-est-ce-l-heure-du-sursaut\" target=\"_blank\" rel=\"noopener\">Mustapha Ben Jaafar: Est-ce l\u2019heure du sursaut ?<\/a><\/p>\n<p><a href=\"https:\/\/www.leaders.com.tn\/article\/31221-yassine-brahim-plusieurs-batailles-sont-a-mener\" target=\"_blank\" rel=\"noopener\">Yassine Brahim: Plusieurs batailles sont \u00e0 mener&#8230; (Vid\u00e9o)<\/a><\/p>\n<p><a href=\"https:\/\/www.leaders.com.tn\/article\/31220-kamel-jendoubi-le-courage-d-un-peuple\" target=\"_blank\" rel=\"noopener\">Kamel Jendoubi: Le courage d\u2019un peuple<\/a><\/p>\n<p class=\"c6\"><a href=\"https:\/\/www.leaders.com.tn\/article\/31209-yadh-ben-achour-la-revolution-un-rappel-de-memoire\" target=\"_blank\" rel=\"noopener\">Yadh Ben Achour: La r\u00e9volution, un rappel de m\u00e9moire<\/a><\/p>\n<p class=\"c6\"><a href=\"https:\/\/www.leaders.com.tn\/article\/31191-mustapha-kamel-nabli-la-longue-marche-de-la-tunisie-de-l-espoir-fou-vers-le-grand-desespoir\" target=\"_blank\" rel=\"noopener\">Mustapha Kamel Nabli: La longue marche de la Tunisie de l\u2019\u00abespoir fou\u00bb vers le \u00abgrand d\u00e9sespoir\u00bb (Vid\u00e9o)<\/a><\/p>\n<p class=\"c6\"><a href=\"https:\/\/www.leaders.com.tn\/article\/31195-hakim-el-karoui-en-preface-du-livre-tunisie-dix-ans-et-dans-dix-ans-une-tunisie-democratique-libre-et-toujours-debout\" target=\"_blank\" rel=\"noopener\">Hakim El Karoui, en pr\u00e9face du livre Tunisie, Dix ans et dans Dix ans : Une Tunisie d\u00e9mocratique, libre et toujours debout<\/a><\/p>\n<p class=\"c6\"><a href=\"https:\/\/www.leaders.com.tn\/article\/31190-tunisie-2011-2021-ce-qu-il-faut-retenir-et-ce-qu-il-faut-batir-une-serie-d-interviews-video-et-un-ouvrage-collectif\" target=\"_blank\" rel=\"noopener\">Tunisie 2011 \u2013 2021 : Ce qu\u2019il faut retenir et ce qu\u2019il faut b\u00e2tir : une s\u00e9rie d\u2019interviews vid\u00e9o et un ouvrage collectif<\/a><\/p>\n<p class=\"c6\"><a href=\"https:\/\/www.leaders.com.tn\/article\/31189-mustapha-kamel-nabli-une-etroite-voie-de-sortie-existe-a-condition-video\" target=\"_blank\" rel=\"noopener\">Mustapha Kamel Nabli : Une \u00e9troite voie de sortie existe, \u00e0 condition &#8230; (Vid\u00e9o)<\/a><\/p>\n<p>Auteur:<br \/>\n<a href=\"https:\/\/www.leaders.com.tn\/article\/31221-yassine-brahim-plusieurs-batailles-sont-a-mener\">Cliquez ici pour lire l&rsquo;article depuis sa source.<\/a><\/p>\n","protected":false},"excerpt":{"rendered":"<p>Par Yassine Brahim. Ing\u00e9nieur centralien, ancien ministre, ancien chef du parti Afek Toun\u00e8s &#8211; Que retenez-vous le plus de ces dix derni\u00e8res ann\u00e9es? La libert\u00e9 d\u2019expression : tous ceux qui ont v\u00e9cu adultes int\u00e9ress\u00e9s par la chose publique avant le 14 janvier 2011 mesurent l\u2019importance de ce privil\u00e8ge aujourd\u2019hui. Beaucoup critiquent aujourd\u2019hui ce qu\u2019ils appellent [&hellip;]<\/p>\n","protected":false},"author":1772,"featured_media":0,"comment_status":"closed","ping_status":"closed","sticky":false,"template":"","format":"standard","meta":{"fifu_image_url":"\/uploads\/FCK_files\/Couv-Dix-ans__.jpg","fifu_image_alt":"Yassine Brahim: Plusieurs batailles sont \u00e0 mener... (Vid\u00e9o)","footnotes":""},"categories":[73,55],"tags":[],"class_list":["post-108983","post","type-post","status-publish","format-standard","hentry","category-actualite","category-tunisie"],"_links":{"self":[{"href":"https:\/\/linitiative.ca\/International\/wp-json\/wp\/v2\/posts\/108983","targetHints":{"allow":["GET"]}}],"collection":[{"href":"https:\/\/linitiative.ca\/International\/wp-json\/wp\/v2\/posts"}],"about":[{"href":"https:\/\/linitiative.ca\/International\/wp-json\/wp\/v2\/types\/post"}],"author":[{"embeddable":true,"href":"https:\/\/linitiative.ca\/International\/wp-json\/wp\/v2\/users\/1772"}],"replies":[{"embeddable":true,"href":"https:\/\/linitiative.ca\/International\/wp-json\/wp\/v2\/comments?post=108983"}],"version-history":[{"count":0,"href":"https:\/\/linitiative.ca\/International\/wp-json\/wp\/v2\/posts\/108983\/revisions"}],"wp:attachment":[{"href":"https:\/\/linitiative.ca\/International\/wp-json\/wp\/v2\/media?parent=108983"}],"wp:term":[{"taxonomy":"category","embeddable":true,"href":"https:\/\/linitiative.ca\/International\/wp-json\/wp\/v2\/categories?post=108983"},{"taxonomy":"post_tag","embeddable":true,"href":"https:\/\/linitiative.ca\/International\/wp-json\/wp\/v2\/tags?post=108983"}],"curies":[{"name":"wp","href":"https:\/\/api.w.org\/{rel}","templated":true}]}}