{"id":108985,"date":"2021-01-09T06:30:00","date_gmt":"2021-01-09T11:30:00","guid":{"rendered":"https:\/\/linitiative.ca\/International\/maya-ksouri-on-en-est-a-perdre-letat-video\/"},"modified":"2021-01-09T06:30:00","modified_gmt":"2021-01-09T11:30:00","slug":"maya-ksouri-on-en-est-a-perdre-letat-video","status":"publish","type":"post","link":"https:\/\/linitiative.ca\/International\/maya-ksouri-on-en-est-a-perdre-letat-video\/","title":{"rendered":"Maya Ksouri : On en est \u00e0 perdre l\u2019Etat (Vid\u00e9o)"},"content":{"rendered":"<p>\u00ab Quand la justice est noyaut\u00e9e, on ne peut parler d\u2019Etat de droit \u00bb affirme Maya Ksouri. \u00ab La question qu\u2019on se pose d\u00e8s l\u2019ouverture d\u2019une enqu\u00eate judiciaire est de savoir quel est le parti qui en est derri\u00e8re \u00bb, ajoute-t-elle. Ce qui l\u2019ahurit le plus ce sont les n\u00e9gateurs de la d\u00e9mocratie qui tiennent le plus \u00e0 s\u2019en r\u00e9clamer. Plus encore, ces Tunisiens, dont de nombreux jeunes qui d\u00e9fendent les propos r\u00e9ducteurs et offensant du d\u00e9put\u00e9 Jaziri \u00e0 l\u2019\u00e9gard de la femme, justifiant leur soutien par leur attachement \u00e0 la libert\u00e9 d\u2019expression et la d\u00e9mocratie.<\/p>\n<p class=\"c2\"><iframe loading=\"lazy\" src=\"https:\/\/www.youtube.com\/embed\/UOE8KEKj1jc\" allow=\"accelerometer; autoplay; clipboard-write; encrypted-media; gyroscope; picture-in-picture\" allowfullscreen=\"\" width=\"560\" height=\"315\" frameborder=\"0\">[embedded content]<\/iframe><\/p>\n<p>Comme les maniaco-d\u00e9pressifs, la Tunisie est selon Maya Ksouri en alternance continue entre amertume et grand espoir. Ce qu\u2019elle appelle de tous ses v\u0153ux, c\u2019est la pr\u00e9servation de l\u2019Etat. \u00ab Au point o\u00f9 on en est aujourd\u2019hui, on en est \u00e0 perdre l\u2019Etat \u00bb, conclut-elle.<\/p>\n<p><strong>Lire aussi:<\/strong><\/p>\n<p><a href=\"https:\/\/www.leaders.com.tn\/article\/31218-mustapha-ben-jaafar-est-ce-l-heure-du-sursaut\" target=\"_blank\" rel=\"noopener\">Mustapha Ben Jaafar: Est-ce l\u2019heure du sursaut ?<\/a><\/p>\n<p><a href=\"https:\/\/www.leaders.com.tn\/article\/31221-yassine-brahim-plusieurs-batailles-sont-a-mener\" target=\"_blank\" rel=\"noopener\">Yassine Brahim: Plusieurs batailles sont \u00e0 mener&#8230; (Vid\u00e9o)<\/a><\/p>\n<p><a href=\"https:\/\/www.leaders.com.tn\/article\/31220-kamel-jendoubi-le-courage-d-un-peuple\" target=\"_blank\" rel=\"noopener\">Kamel Jendoubi: Le courage d\u2019un peuple<\/a><\/p>\n<p class=\"c3\"><a href=\"https:\/\/www.leaders.com.tn\/article\/31209-yadh-ben-achour-la-revolution-un-rappel-de-memoire\" target=\"_blank\" rel=\"noopener\">Yadh Ben Achour: La r\u00e9volution, un rappel de m\u00e9moire<\/a><\/p>\n<p class=\"c3\"><a href=\"https:\/\/www.leaders.com.tn\/article\/31191-mustapha-kamel-nabli-la-longue-marche-de-la-tunisie-de-l-espoir-fou-vers-le-grand-desespoir\" target=\"_blank\" rel=\"noopener\">Mustapha Kamel Nabli: La longue marche de la Tunisie de l\u2019\u00abespoir fou\u00bb vers le \u00abgrand d\u00e9sespoir\u00bb (Vid\u00e9o)<\/a><\/p>\n<p class=\"c3\"><a href=\"https:\/\/www.leaders.com.tn\/article\/31195-hakim-el-karoui-en-preface-du-livre-tunisie-dix-ans-et-dans-dix-ans-une-tunisie-democratique-libre-et-toujours-debout\" target=\"_blank\" rel=\"noopener\">Hakim El Karoui, en pr\u00e9face du livre Tunisie, Dix ans et dans Dix ans : Une Tunisie d\u00e9mocratique, libre et toujours debout<\/a><\/p>\n<p class=\"c3\"><a href=\"https:\/\/www.leaders.com.tn\/article\/31190-tunisie-2011-2021-ce-qu-il-faut-retenir-et-ce-qu-il-faut-batir-une-serie-d-interviews-video-et-un-ouvrage-collectif\" target=\"_blank\" rel=\"noopener\">Tunisie 2011 \u2013 2021 : Ce qu\u2019il faut retenir et ce qu\u2019il faut b\u00e2tir : une s\u00e9rie d\u2019interviews vid\u00e9o et un ouvrage collectif<\/a><\/p>\n<p class=\"c3\"><a href=\"https:\/\/www.leaders.com.tn\/article\/31189-mustapha-kamel-nabli-une-etroite-voie-de-sortie-existe-a-condition-video\" target=\"_blank\" rel=\"noopener\">Mustapha Kamel Nabli : Une \u00e9troite voie de sortie existe, \u00e0 condition &#8230; (Vid\u00e9o)<\/a><\/p>\n<p>Auteur:<br \/>\n<a href=\"https:\/\/www.leaders.com.tn\/article\/31219-maya-ksouri-on-en-est-a-perdre-l-etat-video\">Cliquez ici pour lire l&rsquo;article depuis sa source.<\/a><\/p>\n","protected":false},"excerpt":{"rendered":"<p>\u00ab Quand la justice est noyaut\u00e9e, on ne peut parler d\u2019Etat de droit \u00bb affirme Maya Ksouri. \u00ab La question qu\u2019on se pose d\u00e8s l\u2019ouverture d\u2019une enqu\u00eate judiciaire est de savoir quel est le parti qui en est derri\u00e8re \u00bb, ajoute-t-elle. Ce qui l\u2019ahurit le plus ce sont les n\u00e9gateurs de la d\u00e9mocratie qui tiennent [&hellip;]<\/p>\n","protected":false},"author":1772,"featured_media":0,"comment_status":"closed","ping_status":"closed","sticky":false,"template":"","format":"standard","meta":{"fifu_image_url":"","fifu_image_alt":"","footnotes":""},"categories":[73,55],"tags":[],"class_list":["post-108985","post","type-post","status-publish","format-standard","hentry","category-actualite","category-tunisie"],"_links":{"self":[{"href":"https:\/\/linitiative.ca\/International\/wp-json\/wp\/v2\/posts\/108985","targetHints":{"allow":["GET"]}}],"collection":[{"href":"https:\/\/linitiative.ca\/International\/wp-json\/wp\/v2\/posts"}],"about":[{"href":"https:\/\/linitiative.ca\/International\/wp-json\/wp\/v2\/types\/post"}],"author":[{"embeddable":true,"href":"https:\/\/linitiative.ca\/International\/wp-json\/wp\/v2\/users\/1772"}],"replies":[{"embeddable":true,"href":"https:\/\/linitiative.ca\/International\/wp-json\/wp\/v2\/comments?post=108985"}],"version-history":[{"count":0,"href":"https:\/\/linitiative.ca\/International\/wp-json\/wp\/v2\/posts\/108985\/revisions"}],"wp:attachment":[{"href":"https:\/\/linitiative.ca\/International\/wp-json\/wp\/v2\/media?parent=108985"}],"wp:term":[{"taxonomy":"category","embeddable":true,"href":"https:\/\/linitiative.ca\/International\/wp-json\/wp\/v2\/categories?post=108985"},{"taxonomy":"post_tag","embeddable":true,"href":"https:\/\/linitiative.ca\/International\/wp-json\/wp\/v2\/tags?post=108985"}],"curies":[{"name":"wp","href":"https:\/\/api.w.org\/{rel}","templated":true}]}}