{"id":108986,"date":"2021-01-09T17:04:35","date_gmt":"2021-01-09T22:04:35","guid":{"rendered":"https:\/\/linitiative.ca\/International\/mechichi-nira-pas-a-paris-pour-le-one-planet-summit-de-ce-lundi-cherchez-le-remaniement\/"},"modified":"2021-01-09T17:04:35","modified_gmt":"2021-01-09T22:04:35","slug":"mechichi-nira-pas-a-paris-pour-le-one-planet-summit-de-ce-lundi-cherchez-le-remaniement","status":"publish","type":"post","link":"https:\/\/linitiative.ca\/International\/mechichi-nira-pas-a-paris-pour-le-one-planet-summit-de-ce-lundi-cherchez-le-remaniement\/","title":{"rendered":"Mechichi n&rsquo;ira pas \u00e0 Paris pour le One Planet Summit de ce lundi : cherchez le remaniement"},"content":{"rendered":"<p>Il n\u2019ira pas ce dimanche \u00e0 Paris pour y conduire la d\u00e9l\u00e9gation tunisienne au <a href=\"https:\/\/www.leaders.com.tn\/article\/31196-mechichi-ce-lundi-a-paris-pour-le-one-planet-summit\">One Planet Summit pour la biodiversit\u00e9<\/a> devant se tenir ce lundi 11 janvier. Pris par le tourbillon du remaniement minist\u00e9riel qu\u2019il est sur le point de boucler, le chef du gouvernement a annul\u00e9 son d\u00e9placement dans la capitale fran\u00e7aise, pr\u00e9f\u00e9rant prendre part au sommet par visioconf\u00e9rence comme il a \u00e9t\u00e9 propos\u00e9 de faire aux d\u00e9l\u00e9gations qui le souhaitent. Hichem Mechichi, sera certes priv\u00e9 d\u2019un entretien tant souhait\u00e9 avec le pr\u00e9sident fran\u00e7ais Emmanuel Macron et des repr\u00e9sentants d\u2019autres pays ainsi que de la Banque mondiale, co-organisatrice du Sommet, mais il pourra prononcer son discours \u00e0 partir de Tunis.<\/p>\n<p>Pas de week-end cependant pour le chef du gouvernement. Il doit mettre les derni\u00e8res touches au remaniement devant \u00eatre incessamment rendu public. Outre les postes vacants \u00e0 pourvoir (Culture, Environnement et D\u00e9veloppement local, et Int\u00e9rieur), le remodelage du gouvernement porterait \u00e9galement sur au moins les minist\u00e8res de l\u2019Agriculture, de l\u2019Industrie, des Mines et de l\u2019\u00c9nergie. D\u2019autres d\u00e9partements pourraient \u00eatre concern\u00e9s \u00e9galement. Deux anciens ministres tiendraient la corde. Tout se joue dans le blindage du soutien des partis repr\u00e9sent\u00e9s \u00e0 l\u2019ARP et des groupes parlementaire, c\u2019est-\u00e0-dire dans la n\u00e9gociation\u2026 Oublions la lutte contre le Covid-19, et la vaccination, mais aussi la descente aux enfers de l\u2019\u00e9conomie et le risque terroriste, pour laisser l\u2019emporter la course aux nominations\u2026<\/p>\n<p>De folles rumeurs agitent le microcosme politique alors que les Tunisiens y demeurent indiff\u00e9rents, voire dans le d\u00e9senchantement, pour ne pas dire le m\u00e9pris du politique de cette mani\u00e8re. Quatre mois \u00e0 peine apr\u00e8s son entr\u00e9e en fonction le 2 septembre dernier, le deuxi\u00e8me gouvernement depuis moins d\u2019un an (le 29 f\u00e9vrier), est d\u00e9j\u00e0 en mode de remaniement. De quelle stabilit\u00e9 politique la Tunisie peut-elle se pr\u00e9valoir, \u00e0 quelques jours de la c\u00e9l\u00e9bration ce jeudi 14 janvier, du dixi\u00e8me anniversaire de la r\u00e9volution?<\/p>\n<p>Auteur:<br \/>\n<a href=\"https:\/\/www.leaders.com.tn\/article\/31227-mechichi-ne-partira-pas-a-paris-pour-le-one-planet-summit-de-ce-lundi-cherchez-le-remaniement\">Cliquez ici pour lire l&rsquo;article depuis sa source.<\/a><\/p>\n","protected":false},"excerpt":{"rendered":"<p>Il n\u2019ira pas ce dimanche \u00e0 Paris pour y conduire la d\u00e9l\u00e9gation tunisienne au One Planet Summit pour la biodiversit\u00e9 devant se tenir ce lundi 11 janvier. Pris par le tourbillon du remaniement minist\u00e9riel qu\u2019il est sur le point de boucler, le chef du gouvernement a annul\u00e9 son d\u00e9placement dans la capitale fran\u00e7aise, pr\u00e9f\u00e9rant prendre [&hellip;]<\/p>\n","protected":false},"author":1772,"featured_media":0,"comment_status":"closed","ping_status":"closed","sticky":false,"template":"","format":"standard","meta":{"fifu_image_url":"","fifu_image_alt":"","footnotes":""},"categories":[73,55],"tags":[],"class_list":["post-108986","post","type-post","status-publish","format-standard","hentry","category-actualite","category-tunisie"],"_links":{"self":[{"href":"https:\/\/linitiative.ca\/International\/wp-json\/wp\/v2\/posts\/108986","targetHints":{"allow":["GET"]}}],"collection":[{"href":"https:\/\/linitiative.ca\/International\/wp-json\/wp\/v2\/posts"}],"about":[{"href":"https:\/\/linitiative.ca\/International\/wp-json\/wp\/v2\/types\/post"}],"author":[{"embeddable":true,"href":"https:\/\/linitiative.ca\/International\/wp-json\/wp\/v2\/users\/1772"}],"replies":[{"embeddable":true,"href":"https:\/\/linitiative.ca\/International\/wp-json\/wp\/v2\/comments?post=108986"}],"version-history":[{"count":0,"href":"https:\/\/linitiative.ca\/International\/wp-json\/wp\/v2\/posts\/108986\/revisions"}],"wp:attachment":[{"href":"https:\/\/linitiative.ca\/International\/wp-json\/wp\/v2\/media?parent=108986"}],"wp:term":[{"taxonomy":"category","embeddable":true,"href":"https:\/\/linitiative.ca\/International\/wp-json\/wp\/v2\/categories?post=108986"},{"taxonomy":"post_tag","embeddable":true,"href":"https:\/\/linitiative.ca\/International\/wp-json\/wp\/v2\/tags?post=108986"}],"curies":[{"name":"wp","href":"https:\/\/api.w.org\/{rel}","templated":true}]}}