{"id":108988,"date":"2021-01-09T04:53:38","date_gmt":"2021-01-09T09:53:38","guid":{"rendered":"https:\/\/linitiative.ca\/International\/khalid-ait-taleb-les-preparatifs-vont-bon-train-pour-le-lancement-de-la-campagne-de-vaccination-anti-covid-19\/"},"modified":"2021-01-09T04:53:38","modified_gmt":"2021-01-09T09:53:38","slug":"khalid-ait-taleb-les-preparatifs-vont-bon-train-pour-le-lancement-de-la-campagne-de-vaccination-anti-covid-19","status":"publish","type":"post","link":"https:\/\/linitiative.ca\/International\/khalid-ait-taleb-les-preparatifs-vont-bon-train-pour-le-lancement-de-la-campagne-de-vaccination-anti-covid-19\/","title":{"rendered":"Khalid Ait Taleb : les pr\u00e9paratifs vont bon train pour le lancement de la campagne de vaccination anti-Covid-19"},"content":{"rendered":"<p><strong>Le ministre de la Sant\u00e9, Khalid A\u00eft Taleb, a soulign\u00e9 que les pr\u00e9paratifs vont bon train pour le lancement de la campagne de vaccination contre la pand\u00e9mie du Covid-19.<\/strong><\/p>\n<div class=\"c10\"\/>\n<p>Dans une allocution lue en son nom lors d\u2019une visioconf\u00e9rence organis\u00e9e, jeudi, sur le th\u00e8me \u00abTous mobilis\u00e9s pour le succ\u00e8s de la campagne nationale de vaccination contre Covid 19\u00bb, par la Soci\u00e9t\u00e9 marocaine des sciences m\u00e9dicales, la F\u00e9d\u00e9ration nationale de la sant\u00e9, en partenariat avec plusieurs organisations professionnelles et civiles, le ministre a indiqu\u00e9 que tous les pr\u00e9paratifs sont en cours pour le lancement de la campagne nationale de vaccination qui reste la seule solution pour surmonter la crise sanitaire et ses cons\u00e9quences.<\/p>\n<p><strong>Lire aussi |<\/strong><a href=\"https:\/\/www.challenge.ma\/intemperies-les-autorites-de-casablanca-settat-tiennent-une-reunion-durgence-pour-examiner-les-degats-171468\/\"><strong>Intemp\u00e9ries : les autorit\u00e9s de Casablanca-Settat tiennent une r\u00e9union d\u2019urgence pour examiner les d\u00e9g\u00e2ts<\/strong><\/a><\/p>\n<p>Il a, \u00e9galement, soulign\u00e9 que des \u00e9tapes importantes ont \u00e9t\u00e9 franchies pour r\u00e9aliser cet objectif, notamment en ce qui concerne le stade des essais cliniques et \u00e0 travers le suivi de la situation de mani\u00e8re scientifique afin que le Maroc offre \u00e0 ses citoyens un vaccin s\u00fbr et efficace, relevant que pour atteindre ce r\u00e9sultat, il \u00e9tait n\u00e9cessaire d\u2019attendre les autorisations, m\u00eame si certains ont consid\u00e9r\u00e9 cela comme une sorte de retard.<\/p>\n<p>Le ministre a, en outre, affirm\u00e9 que le succ\u00e8s de la campagne nationale de vaccination est une priorit\u00e9 nationale, c\u2019est pourquoi toutes les mesures n\u00e9cessaires ont \u00e9t\u00e9 prises pour atteindre cet objectif, ajoutant qu\u2019une s\u00e9rie de pr\u00e9cautions ont \u00e9t\u00e9 adopt\u00e9es en vue d\u2019\u00e9viter la transmission de l\u2019infection lors de l\u2019op\u00e9ration de vaccination qui sera supervis\u00e9e par des professionnels de la sant\u00e9, outre la constitution de commissions centrales et r\u00e9gionales pour le contr\u00f4le imm\u00e9diat lors de la r\u00e9ception des doses de vaccin et \u00e0 post\u00e9riori pour le suivi de la situation pour une protection globale.<\/p>\n<p><strong>Lire aussi |<\/strong><a href=\"https:\/\/www.challenge.ma\/strategie-fca-morocco-mise-sur-le-premium-lutilitaire-et-lelectrique-pour-doper-ses-parts-de-marche-171433\/\"><strong>Strat\u00e9gie : FCA Morocco mise sur le premium, l\u2019utilitaire et l\u2019\u00e9lectrique pour doper ses parts de march\u00e9<\/strong><\/a><\/p>\n<p>Plus de 3.000 points de vaccination ont \u00e9t\u00e9 mis en place, a-t-il indiqu\u00e9, rappelant dans ce cadre le r\u00f4le des h\u00f4pitaux universitaires qui assureront le vaccin des professionnels qui y travaillent, comme c\u2019est le cas pour l\u2019h\u00f4pital universitaire Ibn Rochd, qui compte 6.000 professionnels de sant\u00e9, ainsi que les unit\u00e9s mobiles qui contribueront \u00e9galement \u00e0 la r\u00e9ussite de ce chantier national.<\/p>\n<p>Le ministre a soulign\u00e9 que le Maroc proc\u00e8de avec responsabilit\u00e9 et sagesse gr\u00e2ce aux Hautes Orientations Royales pour faire face \u00e0 cette pand\u00e9mie, rappelant que le fait de disposer du vaccin ne signifie pas l\u2019abandon des mesures pr\u00e9ventives qui doivent \u00eatre respect\u00e9es jusqu\u2019\u00e0 l\u2019ach\u00e8vement de la p\u00e9riode de l\u2019op\u00e9ration avec ses deux phases.<\/p>\n<p>Avec MAP<\/p>\n<p>Auteur: challenge<br \/>\n<a href=\"https:\/\/www.challenge.ma\/khalid-ait-taleb-les-preparatifs-vont-bon-train-pour-le-lancement-de-la-campagne-de-vaccination-anti-covid-19-171494\/\">Cliquez ici pour lire l&rsquo;article depuis sa source.<\/a><\/p>\n","protected":false},"excerpt":{"rendered":"<p>Le ministre de la Sant\u00e9, Khalid A\u00eft Taleb, a soulign\u00e9 que les pr\u00e9paratifs vont bon train pour le lancement de la campagne de vaccination contre la pand\u00e9mie du Covid-19. Dans une allocution lue en son nom lors d\u2019une visioconf\u00e9rence organis\u00e9e, jeudi, sur le th\u00e8me \u00abTous mobilis\u00e9s pour le succ\u00e8s de la campagne nationale de vaccination [&hellip;]<\/p>\n","protected":false},"author":1787,"featured_media":0,"comment_status":"closed","ping_status":"closed","sticky":false,"template":"","format":"standard","meta":{"fifu_image_url":"","fifu_image_alt":"","footnotes":""},"categories":[78,54],"tags":[],"class_list":["post-108988","post","type-post","status-publish","format-standard","hentry","category-economie","category-maroc"],"_links":{"self":[{"href":"https:\/\/linitiative.ca\/International\/wp-json\/wp\/v2\/posts\/108988","targetHints":{"allow":["GET"]}}],"collection":[{"href":"https:\/\/linitiative.ca\/International\/wp-json\/wp\/v2\/posts"}],"about":[{"href":"https:\/\/linitiative.ca\/International\/wp-json\/wp\/v2\/types\/post"}],"author":[{"embeddable":true,"href":"https:\/\/linitiative.ca\/International\/wp-json\/wp\/v2\/users\/1787"}],"replies":[{"embeddable":true,"href":"https:\/\/linitiative.ca\/International\/wp-json\/wp\/v2\/comments?post=108988"}],"version-history":[{"count":0,"href":"https:\/\/linitiative.ca\/International\/wp-json\/wp\/v2\/posts\/108988\/revisions"}],"wp:attachment":[{"href":"https:\/\/linitiative.ca\/International\/wp-json\/wp\/v2\/media?parent=108988"}],"wp:term":[{"taxonomy":"category","embeddable":true,"href":"https:\/\/linitiative.ca\/International\/wp-json\/wp\/v2\/categories?post=108988"},{"taxonomy":"post_tag","embeddable":true,"href":"https:\/\/linitiative.ca\/International\/wp-json\/wp\/v2\/tags?post=108988"}],"curies":[{"name":"wp","href":"https:\/\/api.w.org\/{rel}","templated":true}]}}