{"id":108989,"date":"2021-01-09T07:53:29","date_gmt":"2021-01-09T12:53:29","guid":{"rendered":"https:\/\/linitiative.ca\/International\/festival-de-fes-des-musiques-sacrees-du-monde-la-26eme-edition-se-deroulera-en-juin-prochain\/"},"modified":"2021-01-09T07:53:29","modified_gmt":"2021-01-09T12:53:29","slug":"festival-de-fes-des-musiques-sacrees-du-monde-la-26eme-edition-se-deroulera-en-juin-prochain","status":"publish","type":"post","link":"https:\/\/linitiative.ca\/International\/festival-de-fes-des-musiques-sacrees-du-monde-la-26eme-edition-se-deroulera-en-juin-prochain\/","title":{"rendered":"Festival de F\u00e8s des Musiques Sacr\u00e9es du Monde : la 26\u00e8me \u00e9dition se d\u00e9roulera en juin prochain"},"content":{"rendered":"<p><strong>L\u2019association F\u00e8s-Sa\u00efss pour le d\u00e9veloppement culturel, social et \u00e9conomique organisera la 26e \u00e9dition du festival de F\u00e8s des musiques sacr\u00e9es du monde du 04 au 12 juin 2021 sous le th\u00e8me \u00ab Nouvelles Andalousies \u00bb.<\/strong><\/p>\n<div class=\"c10\"\/>\n<p>Cette annonce a \u00e9t\u00e9 faite \u00e0 l\u2019issue d\u2019une r\u00e9union entre le Pr\u00e9sident de l\u2019Association F\u00e8s-Sa\u00efss, Abdelhamid Benmakhlouf, le Directeur G\u00e9n\u00e9ral du Festival et de son Forum, l\u2019anthropologue Faouzi Skali et l\u2019\u00e9quipe administrative du Festival, sous la direction de Abdelkader Ouazzani.<\/p>\n<p>\u00ab\u00a0Le Festival de F\u00e8s repr\u00e9sente un patrimoine immat\u00e9riel essentiel. Il tient toute sa richesse d\u2019un mod\u00e8le de civilisation profond\u00e9ment ancr\u00e9 dans notre pays. Le Maroc a su g\u00e9rer en effet \u00e0 travers les si\u00e8cles cette alliance entre savoir et spiritualit\u00e9 ainsi que l\u2019harmonisation, dans un m\u00eame creuset unitaire, d\u2019une riche diversit\u00e9 de cultures et de religions\u00a0\u00bb, ont indiqu\u00e9 les organisateurs dans un communiqu\u00e9.<\/p>\n<p><strong>Lire aussi |<\/strong><a href=\"https:\/\/www.challenge.ma\/khalid-ait-taleb-les-preparatifs-vont-bon-train-pour-le-lancement-de-la-campagne-de-vaccination-anti-covid-19-171494\/\"><strong>Khalid Ait Taleb : les pr\u00e9paratifs vont bon train pour le lancement de la campagne de vaccination anti-Covid-19<\/strong><\/a><\/p>\n<p>\u00ab\u00a0Il s\u2019agit l\u00e0 d\u2019un axe strat\u00e9gique de la politique civilisationnelle du Royaume d\u00e9velopp\u00e9e d\u2019une mani\u00e8re continue depuis 12 si\u00e8cles et port\u00e9e aujourd\u2019hui vers l\u2019avenir et au plus haut par Sa Majest\u00e9 le Roi Mohammed VI\u00a0\u00bb, lit-on dans le communiqu\u00e9.<\/p>\n<p>Cette manifestation continuera donc d\u2019\u00eatre un moment privil\u00e9gi\u00e9, notamment \u00e0 travers son Forum : \u00ab Une \u00e2me pour la mondialisation \u00bb, pour r\u00e9fl\u00e9chir sur ce que peuvent nous apporter les ressources intellectuelles, culturelles et spirituelles de ce mod\u00e8le. Il s\u2019agit de s\u2019ouvrir sur ces nouveaux espaces qui r\u00e9inventent pour notre \u00e9poque l\u2019esprit de fraternit\u00e9 qui a pr\u00e9valu \u00e0 Al Andalus, et dont F\u00e8s et le Maroc portent aujourd\u2019hui l\u2019h\u00e9ritage vivant et le projet d\u2019avenir.<\/p>\n<p><strong>Lire aussi |<\/strong><a href=\"https:\/\/www.challenge.ma\/strategie-fca-morocco-mise-sur-le-premium-lutilitaire-et-lelectrique-pour-doper-ses-parts-de-marche-171433\/\"><strong>Strat\u00e9gie : FCA Morocco mise sur le premium, l\u2019utilitaire et l\u2019\u00e9lectrique pour doper ses parts de march\u00e9<\/strong><\/a><\/p>\n<p>Auteur: Hajar DARI<br \/>\n<a href=\"https:\/\/www.challenge.ma\/festival-de-fes-des-musiques-sacrees-du-monde-la-26eme-edition-se-deroulera-en-juin-prochain-171498\/\">Cliquez ici pour lire l&rsquo;article depuis sa source.<\/a><\/p>\n","protected":false},"excerpt":{"rendered":"<p>L\u2019association F\u00e8s-Sa\u00efss pour le d\u00e9veloppement culturel, social et \u00e9conomique organisera la 26e \u00e9dition du festival de F\u00e8s des musiques sacr\u00e9es du monde du 04 au 12 juin 2021 sous le th\u00e8me \u00ab Nouvelles Andalousies \u00bb. Cette annonce a \u00e9t\u00e9 faite \u00e0 l\u2019issue d\u2019une r\u00e9union entre le Pr\u00e9sident de l\u2019Association F\u00e8s-Sa\u00efss, Abdelhamid Benmakhlouf, le Directeur G\u00e9n\u00e9ral [&hellip;]<\/p>\n","protected":false},"author":1787,"featured_media":0,"comment_status":"closed","ping_status":"closed","sticky":false,"template":"","format":"standard","meta":{"fifu_image_url":"","fifu_image_alt":"","footnotes":""},"categories":[78,54],"tags":[],"class_list":["post-108989","post","type-post","status-publish","format-standard","hentry","category-economie","category-maroc"],"_links":{"self":[{"href":"https:\/\/linitiative.ca\/International\/wp-json\/wp\/v2\/posts\/108989","targetHints":{"allow":["GET"]}}],"collection":[{"href":"https:\/\/linitiative.ca\/International\/wp-json\/wp\/v2\/posts"}],"about":[{"href":"https:\/\/linitiative.ca\/International\/wp-json\/wp\/v2\/types\/post"}],"author":[{"embeddable":true,"href":"https:\/\/linitiative.ca\/International\/wp-json\/wp\/v2\/users\/1787"}],"replies":[{"embeddable":true,"href":"https:\/\/linitiative.ca\/International\/wp-json\/wp\/v2\/comments?post=108989"}],"version-history":[{"count":0,"href":"https:\/\/linitiative.ca\/International\/wp-json\/wp\/v2\/posts\/108989\/revisions"}],"wp:attachment":[{"href":"https:\/\/linitiative.ca\/International\/wp-json\/wp\/v2\/media?parent=108989"}],"wp:term":[{"taxonomy":"category","embeddable":true,"href":"https:\/\/linitiative.ca\/International\/wp-json\/wp\/v2\/categories?post=108989"},{"taxonomy":"post_tag","embeddable":true,"href":"https:\/\/linitiative.ca\/International\/wp-json\/wp\/v2\/tags?post=108989"}],"curies":[{"name":"wp","href":"https:\/\/api.w.org\/{rel}","templated":true}]}}