{"id":108990,"date":"2021-01-09T15:55:24","date_gmt":"2021-01-09T20:55:24","guid":{"rendered":"https:\/\/linitiative.ca\/International\/promotion-a-titre-posthume-dun-brigadier-de-police-decede-dans-lexercice-de-ses-fonctions\/"},"modified":"2021-01-09T15:55:24","modified_gmt":"2021-01-09T20:55:24","slug":"promotion-a-titre-posthume-dun-brigadier-de-police-decede-dans-lexercice-de-ses-fonctions","status":"publish","type":"post","link":"https:\/\/linitiative.ca\/International\/promotion-a-titre-posthume-dun-brigadier-de-police-decede-dans-lexercice-de-ses-fonctions\/","title":{"rendered":"Promotion \u00e0 titre posthume d\u2019un brigadier de police d\u00e9c\u00e9d\u00e9 dans l\u2019exercice de ses fonctions"},"content":{"rendered":"<p><strong>Le directeur g\u00e9n\u00e9ral de la s\u00fbret\u00e9 nationale a d\u00e9cid\u00e9 d\u2019accorder une promotion exceptionnelle au brigadier de police Mohammed Benjaouad, d\u00e9c\u00e9d\u00e9 vendredi des suites de graves blessures qu\u2019il a subies dans l\u2019exercice de ses fonctions dans un point de contr\u00f4le de la circulation, en raison d\u2019un exc\u00e8s de vitesse commis par un usager de la route.<\/strong><\/p>\n<div class=\"c10\"\/>\n<p>La Direction g\u00e9n\u00e9rale de la s\u00fbret\u00e9 nationale (DGSN) indique samedi que le DG de la s\u00fbret\u00e9 nationale a d\u00e9cid\u00e9 de promouvoir le d\u00e9funt, qui a exerc\u00e9 au corps urbain relevant du distinct de s\u00fbret\u00e9 Yaacoub Al mansour de la pr\u00e9fecture de police de Rabat, directement et \u00e0 titre et exceptionnel au grade d\u2019Officier de paix, en application des dispositions du statut particulier du personnel de la S\u00fbret\u00e9 nationale, en reconnaissance de son abn\u00e9gation et de ses grands sacrifices.<\/p>\n<p><strong>Lire aussi | <a href=\"https:\/\/www.challenge.ma\/les-grands-chantiers-de-2021-171415\/\" target=\"_blank\" rel=\"noreferrer noopener\">Les grands chantiers de 2021<\/a><\/strong><\/p>\n<p>Le d\u00e9funt a subi de multiples fractures et de graves blessures lorsqu\u2019il a \u00e9t\u00e9 d\u00e9sign\u00e9 r\u00e9guli\u00e8rement de service aux premi\u00e8res heures du mercredi 6 courant, avant d\u2019y succomber vendredi \u00e0 l\u2019h\u00f4pital, pr\u00e9cise la Direction. Outre cette promotion exceptionnelle, le Directeur de la DGSN a charg\u00e9 les services de s\u00fbret\u00e9, charg\u00e9s de la gestion des ressources humaines et des \u0153uvres sociales des fonctionnaires de la S\u00fbret\u00e9 nationale, de fournir toute l\u2019assistance n\u00e9cessaire \u00e0 la famille du regrett\u00e9 et \u00e0 ses proches et de prendre en charge les frais fun\u00e9raires, exprimant ses vives condol\u00e9ances \u00e0 tous les membres de la petite famille du d\u00e9funt et de sa grande famille, repr\u00e9sent\u00e9e par le corps de la S\u00fbret\u00e9 nationale, et implorant le Tout-Puissant de leur accorder patience et r\u00e9confort, a conclu la m\u00eame source.<\/p>\n<p>Avec MAP<\/p>\n<p>Auteur: challenge<br \/>\n<a href=\"https:\/\/www.challenge.ma\/promotion-a-titre-posthume-dun-brigadier-de-police-decede-dans-lexercice-de-ses-fonctions-171515\/\">Cliquez ici pour lire l&rsquo;article depuis sa source.<\/a><\/p>\n","protected":false},"excerpt":{"rendered":"<p>Le directeur g\u00e9n\u00e9ral de la s\u00fbret\u00e9 nationale a d\u00e9cid\u00e9 d\u2019accorder une promotion exceptionnelle au brigadier de police Mohammed Benjaouad, d\u00e9c\u00e9d\u00e9 vendredi des suites de graves blessures qu\u2019il a subies dans l\u2019exercice de ses fonctions dans un point de contr\u00f4le de la circulation, en raison d\u2019un exc\u00e8s de vitesse commis par un usager de la route. [&hellip;]<\/p>\n","protected":false},"author":1787,"featured_media":0,"comment_status":"closed","ping_status":"closed","sticky":false,"template":"","format":"standard","meta":{"fifu_image_url":"","fifu_image_alt":"","footnotes":""},"categories":[78,54],"tags":[],"class_list":["post-108990","post","type-post","status-publish","format-standard","hentry","category-economie","category-maroc"],"_links":{"self":[{"href":"https:\/\/linitiative.ca\/International\/wp-json\/wp\/v2\/posts\/108990","targetHints":{"allow":["GET"]}}],"collection":[{"href":"https:\/\/linitiative.ca\/International\/wp-json\/wp\/v2\/posts"}],"about":[{"href":"https:\/\/linitiative.ca\/International\/wp-json\/wp\/v2\/types\/post"}],"author":[{"embeddable":true,"href":"https:\/\/linitiative.ca\/International\/wp-json\/wp\/v2\/users\/1787"}],"replies":[{"embeddable":true,"href":"https:\/\/linitiative.ca\/International\/wp-json\/wp\/v2\/comments?post=108990"}],"version-history":[{"count":0,"href":"https:\/\/linitiative.ca\/International\/wp-json\/wp\/v2\/posts\/108990\/revisions"}],"wp:attachment":[{"href":"https:\/\/linitiative.ca\/International\/wp-json\/wp\/v2\/media?parent=108990"}],"wp:term":[{"taxonomy":"category","embeddable":true,"href":"https:\/\/linitiative.ca\/International\/wp-json\/wp\/v2\/categories?post=108990"},{"taxonomy":"post_tag","embeddable":true,"href":"https:\/\/linitiative.ca\/International\/wp-json\/wp\/v2\/tags?post=108990"}],"curies":[{"name":"wp","href":"https:\/\/api.w.org\/{rel}","templated":true}]}}