{"id":108992,"date":"2021-01-09T15:23:31","date_gmt":"2021-01-09T20:23:31","guid":{"rendered":"https:\/\/linitiative.ca\/International\/tunisie-avec-ce-bilan-desastreux-le-ministre-de-la-sante-peut-il-echapper-au-limogeage\/"},"modified":"2021-01-09T15:23:31","modified_gmt":"2021-01-09T20:23:31","slug":"tunisie-avec-ce-bilan-desastreux-le-ministre-de-la-sante-peut-il-echapper-au-limogeage","status":"publish","type":"post","link":"https:\/\/linitiative.ca\/International\/tunisie-avec-ce-bilan-desastreux-le-ministre-de-la-sante-peut-il-echapper-au-limogeage\/","title":{"rendered":"Tunisie \u2013 Avec ce bilan d\u00e9sastreux le ministre de la sant\u00e9 peut-il \u00e9chapper au limogeage\u00a0?"},"content":{"rendered":"<div class=\"post-cont-in left relative\">\n<div id=\"post-info-wrap\" class=\"left relative post-info-out\">\n<div class=\"post-info-img left relative\"><img loading=\"lazy\" decoding=\"async\" alt=\"\" src=\"https:\/\/secure.gravatar.com\/avatar\/96253f4a657b482a18e837c1252096c2?s=50&amp;d=mm&amp;r=g\" srcset=\"https:\/\/secure.gravatar.com\/avatar\/96253f4a657b482a18e837c1252096c2?s=100&amp;d=mm&amp;r=g 2x\" class=\"avatar avatar-50 photo\" height=\"50\" width=\"50\"\/><\/div>\n<div class=\"post-info-in\">\n<div class=\"post-info-right left relative post-info-name left relative\"><span><span class=\"post-info-text\">Par<\/span> <span class=\"author-name vcard fn author\"><a href=\"https:\/\/www.tunisienumerique.com\/author\/saber\/\" title=\"Articles par Saber .\" rel=\"author\">Saber .<\/a><\/span><\/span> <span class=\"post-date updated\"><time class=\"post-date updated\" datetime=\"2021-01-09\">\u00a0| Il y a 1 heure<\/time><\/span><\/div>\n<div class=\"left relative\"><button id=\"listenButton1\" class=\"responsivevoice-button\" type=\"button\" value=\"Play\" title=\"&#xC9;coutez l'article\"><span>\ud83d\udd0a \u00c9coutez l&rsquo;article<\/span><\/button> <\/div>\n<\/div>\n<\/div>\n<p>Le bilan macabre que retiendra l\u2019histoire, du passage de l\u2019actuel ministre de la sant\u00e9 par la case Bab Sa\u00e2doun, est sans appel.<\/p>\n<div class=\"code-block code-block-1 c4\"><ins class=\"adsbygoogle c3\" data-ad-layout=\"in-article\" data-ad-format=\"fluid\" data-ad-client=\"ca-pub-2102118777505746\" data-ad-slot=\"7301775417\"\/> <\/div>\n<p>Au moment de sa prise de fonctions, le 4 septembre 2020, le pays comptait 4.776 cas de covid+ et 93 d\u00e9c\u00e8s. Quatre mois apr\u00e8s, et \u00e0 la date du 8 janvier 2021, le bilan est pass\u00e9 \u00e0 157.514 cas de covid+, et 5.153 d\u00e9c\u00e8s. Vertigineux\u00a0!!!<\/p>\n<p>Donc, en proc\u00e9dant \u00e0 un petit calcul, l\u2019actuel ministre de la sant\u00e9 aura r\u00e9ussi l\u2019exploit de cumuler 152.738 cas d\u2019infection au covid, et 5.060 d\u00e9c\u00e8s par cette m\u00eame maladie. Ce qui lui fait la brillante moyenne de plus que 42 d\u00e9c\u00e8s par jour. Et il ne faut pas oublier que ces chiffres doivent, pour donner toute leur valeur, \u00eatre report\u00e9s \u00e0 la population tunisienne de 12 millions d\u2019\u00e2mes.<\/p>\n<p>Et, par ailleurs, le ministre de la sant\u00e9 va pouvoir assumer, tout seul, le \u00ab\u00a0m\u00e9rite\u00a0\u00bb de ce bilan. Car, il faut savoir qu\u2019il a travaill\u00e9 avec la m\u00eame \u00e9quipe qui a pu g\u00e9rer de fa\u00e7on exemplaire, le premier pic de l\u2019\u00e9pid\u00e9mie, sous la houlette de l\u2019ex-ministre, Sonia Ben Cheikh, \u00e0 part un ou deux \u00e9l\u00e9ments que le ministre Abdellatif Makki a du sacrifier pour faire plaisir \u00e0 ses amis d\u2019Ennahdha, en les nommant \u00e0 leurs places. C\u2019est dire que le probl\u00e8me est un probl\u00e8me de commandement\u00a0!<\/p>\n<p>Avec un bilan pareil, toute personne sens\u00e9e aurait, imm\u00e9diatement, pr\u00e9sent\u00e9 sa d\u00e9mission, histoire de laisser \u00e0 plus comp\u00e9tent que soi, la tache de rectifier le tir et de venir au secours de la population.<\/p>\n<p>Mais, avec ce ministre de la sant\u00e9, il ne faudrait pas attendre de d\u00e9mission. Bien au contraire, se sachant sur le d\u00e9part, lors de l\u2019imminent remaniement minist\u00e9riel, il s\u2019agrippe, il s\u2019acharne, il ne veut rien l\u00e2cher\u00a0! Il en est venu \u00e0 se r\u00e9fugier dans le giron du pr\u00e9sident de la R\u00e9publique, voulant s\u2019insinuer \u00e0 travers l\u2019\u00e9vident d\u00e9saccord que ce dernier a avec le chef du gouvernement, pour changer de camp, annoncer sa r\u00e9bellion, en laissant entendre que c\u2019est le chef du gouvernement qui refuse de se conformer \u00e0 ses directives, et que si \u00e7\u00e0 ne tenait qu\u2019\u00e0 lui, il aurait tir\u00e9 le pays, et les gens, d\u2019affaire\u00a0!<\/p>\n<p>Et la question qui se pose l\u00e0, c\u2019est de savoir si le chef de l\u2019Etat va se laisser prendre \u00e0 ce jeu, et par d\u00e9pit envers le chef du gouvernement, garder le m\u00eame ministre de la sant\u00e9, sachant pertinemment qu\u2019il est incapable de g\u00e9rer la situation, en t\u00e9moigne son bilan\u00a0? Ou, va-t-il le l\u00e2cher et faire appel \u00e0 une vraie comp\u00e9tence au secours de ses concitoyens\u00a0?<\/p>\n<div class=\"swp_social_panel swp_horizontal_panel swp_flat_fresh swp_default_full_color swp_individual_full_color swp_other_full_color scale-100 scale-\" data-min-width=\"1100\" data-float-color=\"#ffffff\" data-float=\"bottom\" data-float-mobile=\"bottom\" data-transition=\"slide\">\n<div class=\"nc_tweetContainer swp_share_button total_shares total_sharesalt\"><span class=\"swp_count\">10 <span class=\"swp_label\">Partages<\/span><\/span><\/div>\n<\/div>\n<p><strong>Que se passe-t-il en Tunisie?<\/strong><br \/>Nous expliquons sur notre <a href=\"https:\/\/www.youtube.com\/channel\/UCRzypVq0B_yBad5eGrwBx0Q?sub_confirmation=1\" target=\"_blank\" rel=\"noopener\">cha\u00eene YouTube<\/a> . <a href=\"https:\/\/www.youtube.com\/channel\/UCRzypVq0B_yBad5eGrwBx0Q?sub_confirmation=1\" target=\"_blank\" rel=\"noopener\">Abonnez-vous!<\/a><\/p>\n<div class=\"mvp-org-wrap mvp-org-logo\" itemprop=\"publisher\"><img decoding=\"async\" src=\"https:\/\/www.tunisienumerique.com\/wp-content\/uploads\/2017\/02\/logo_tunisie_numerique.png\"\/><\/div>\n<div class=\"mvp-related-posts left relative\">\n<h4 class=\"post-header\"><span class=\"post-header\">Lire aussi<\/span><\/h4>\n<\/div>\n<div id=\"article-ad\"><ins class=\"adsbygoogle c5\" data-ad-client=\"ca-pub-2102118777505746\" data-ad-slot=\"6513972734\" data-ad-format=\"auto\" data-full-width-responsive=\"true\"\/> <\/div>\n<\/div>\n<div id=\"post-sidebar-wrap\"><ins class=\"adsbygoogle c5\" data-ad-client=\"ca-pub-2102118777505746\" data-ad-slot=\"6168283410\" data-ad-format=\"auto\" data-full-width-responsive=\"true\"\/> <\/div>\n<p>Auteur: Saber .<br \/>\n<a href=\"https:\/\/www.tunisienumerique.com\/tunisie-avec-ce-bilan-desastreux-le-ministre-de-la-sante-peut-il-echapper-au-limogeage\/\">Cliquez ici pour lire l&rsquo;article depuis sa source.<\/a><\/p>\n","protected":false},"excerpt":{"rendered":"<p>Par Saber . \u00a0| Il y a 1 heure \ud83d\udd0a \u00c9coutez l&rsquo;article Le bilan macabre que retiendra l\u2019histoire, du passage de l\u2019actuel ministre de la sant\u00e9 par la case Bab Sa\u00e2doun, est sans appel. Au moment de sa prise de fonctions, le 4 septembre 2020, le pays comptait 4.776 cas de covid+ et 93 d\u00e9c\u00e8s. [&hellip;]<\/p>\n","protected":false},"author":1789,"featured_media":0,"comment_status":"closed","ping_status":"closed","sticky":false,"template":"","format":"standard","meta":{"fifu_image_url":"https:\/\/secure.gravatar.com\/avatar\/96253f4a657b482a18e837c1252096c2?s=50&d=mm&r=g","fifu_image_alt":"Tunisie \u2013 Avec ce bilan d\u00e9sastreux le ministre de la sant\u00e9 peut-il \u00e9chapper au limogeage\u00a0?","footnotes":""},"categories":[73,55],"tags":[],"class_list":["post-108992","post","type-post","status-publish","format-standard","hentry","category-actualite","category-tunisie"],"_links":{"self":[{"href":"https:\/\/linitiative.ca\/International\/wp-json\/wp\/v2\/posts\/108992","targetHints":{"allow":["GET"]}}],"collection":[{"href":"https:\/\/linitiative.ca\/International\/wp-json\/wp\/v2\/posts"}],"about":[{"href":"https:\/\/linitiative.ca\/International\/wp-json\/wp\/v2\/types\/post"}],"author":[{"embeddable":true,"href":"https:\/\/linitiative.ca\/International\/wp-json\/wp\/v2\/users\/1789"}],"replies":[{"embeddable":true,"href":"https:\/\/linitiative.ca\/International\/wp-json\/wp\/v2\/comments?post=108992"}],"version-history":[{"count":0,"href":"https:\/\/linitiative.ca\/International\/wp-json\/wp\/v2\/posts\/108992\/revisions"}],"wp:attachment":[{"href":"https:\/\/linitiative.ca\/International\/wp-json\/wp\/v2\/media?parent=108992"}],"wp:term":[{"taxonomy":"category","embeddable":true,"href":"https:\/\/linitiative.ca\/International\/wp-json\/wp\/v2\/categories?post=108992"},{"taxonomy":"post_tag","embeddable":true,"href":"https:\/\/linitiative.ca\/International\/wp-json\/wp\/v2\/tags?post=108992"}],"curies":[{"name":"wp","href":"https:\/\/api.w.org\/{rel}","templated":true}]}}