{"id":108996,"date":"2021-01-09T06:18:02","date_gmt":"2021-01-09T11:18:02","guid":{"rendered":"https:\/\/linitiative.ca\/International\/boun-khatab-sylla-et-diary-sow-se-partagent-la-une-des-quotidiens-senegalais\/"},"modified":"2021-01-09T06:18:02","modified_gmt":"2021-01-09T11:18:02","slug":"boun-khatab-sylla-et-diary-sow-se-partagent-la-une-des-quotidiens-senegalais","status":"publish","type":"post","link":"https:\/\/linitiative.ca\/International\/boun-khatab-sylla-et-diary-sow-se-partagent-la-une-des-quotidiens-senegalais\/","title":{"rendered":"Boun Khatab Sylla et Diary Sow se partagent la Une des quotidiens s\u00e9n\u00e9galais"},"content":{"rendered":"<div readability=\"32\">\n<p>Publi\u00e9 le 09.01.2021 \u00e0 12h18 par APA News<\/p>\n<\/div>\n<div readability=\"95\">\n<p>La sortie du directeur g\u00e9n\u00e9ral de la soci\u00e9t\u00e9 de transport public \u00ab Dakar Dem Dikk \u00bb, Boun Khatab Sylla, d\u00e9non\u00e7ant la gestion de son pr\u00e9d\u00e9cesseur, Me Moussa Diop, et la disparition depuis lundi de Diary Sow, meilleure \u00e9l\u00e8ve du S\u00e9n\u00e9gal en 2018 et 2018 sont les principaux sujets abord\u00e9s par les journaux parvenus ce samedi \u00e0 APA.\u00ab Oumar Boun Khatab Sylla charge Me Moussa Diop \u00bb, informe Sud Quotidien avant de donner la parole au nouveau directeur g\u00e9n\u00e9ral de \u00ab Dakar Dem Dikk \u00bb qui d\u00e9clare : \u00ab j\u2019ai h\u00e9rit\u00e9 d\u2019un service avec des pertes cumul\u00e9es de 30,6 milliards FCfa \u00bb.\u00a0<\/p>\n<p>Dans Les Echos, le Boun Khatab Diop fait cette autre r\u00e9v\u00e9lation : \u00ab Me Moussa Diop a quitt\u00e9 Dakar Dem Dikk avec une indemnit\u00e9 de 120 millions de FCfa . Il avoue m\u00eame avoir pay\u00e9 la premi\u00e8re tranche \u00e0 30 millions FCfa. Cela fait dire \u00e0 WalfQuotidien que \u00ab la nouvelle direction de Dakar Dem Dikk fonce sur Me Moussa Diop \u00bb.\u00a0<\/p>\n<p>\u00a0A travers cette sortie, Vox Populi voit \u00ab une op\u00e9ration destruction contre Me Moussa Diop \u00bb. Dans les colonnes du journal, on d\u00e9couvre que les deux plus grands restaurants de Dakar Dem Dikk \u00e9taient g\u00e9r\u00e9s par les \u00e9pouses de Me Moussa Diop et qu\u2019il y avait 200 agents fictifs \u00e0 Dakar Dem Dikk.\u00a0<\/p>\n<p>L\u2019Observateur enfonce le clou : \u00ab plus de 200 agents fictifs, des milliards de FCfa de pertes cumul\u00e9es \u00e0 Dakar Dem Dikk \u00bb. \u00ab Le nouveau Dg dresse un tableau sombre \u00bb \u00e0 Dakar Dem Dikk, conclut Le Soleil.<\/p>\n<p>La disparition sans nouvelle de la meilleure \u00e9l\u00e8ve du S\u00e9n\u00e9gal en 2018 et 2019 inqui\u00e8tent les quotidiens s\u00e9n\u00e9galais parus ce samedi. L\u2019Observateur fait le point sur l\u2019enqu\u00eate et parle \u00ab des directives du chef de l\u2019Etat Macky Sall \u00bb avant de raconter, dans les d\u00e9tails, \u00ab la r\u00e9union du Sgee avec l\u2019administration du lyc\u00e9e Louis-Le-Grand et les \u00e9l\u00e8ves s\u00e9n\u00e9galais \u00bb.<\/p>\n<p>Le journal qui recueille les t\u00e9moignages d\u2019un ancien prof de Diary et de ses camarades de \u00ables \u00e9lites s\u00e9n\u00e9galaises\u00bb revient sur le dernier entretien de Diary Sow o\u00f9 elle dit \u00ab\u00a0qu\u2019elle se sent habit\u00e9e par l\u2019esprit de plusieurs personnages\u00a0\u00bb.<\/p>\n<p>Cette interminable attente des S\u00e9n\u00e9galais est \u00e9galement \u00e0 la Une de Lib\u00e9ration qui informe que \u00ab c\u2019est le myst\u00e8re total concernant Diary Sow \u00bb. Dans les colonnes du quotidien, Amadou Fran\u00e7ois Gaye, directeur g\u00e9n\u00e9ral en charge \u00a0des S\u00e9n\u00e9galais de l\u2019ext\u00e9rieur, d\u00e9clare : \u00ab Pour le moment, nous n\u2019avons aucune nouvelle\u2026\u00bb Le journal r\u00e9fute l\u2019id\u00e9e selon laquelle, sa meilleure amie aurait disparu. La publication s\u2019est ensuite rendue \u00e0 Malicounda o\u00f9 \u00ab sa famille est sous le choc \u00bb.<\/p>\n<p>A en croire Tribune, sans nouvelles depuis des jours, la famille de Diary Sow \u00ab s\u2019en remet \u00e0 Dieu \u00bb. Et puis, Sud Quotidien se met aussi \u00e0 la recherche de Diary Sow pour noter que \u00ab les autorit\u00e9s fran\u00e7aises et s\u00e9n\u00e9galaises suivent l\u2019affaire de tr\u00e8s pr\u00e8s \u00bb.<\/p>\n<p>Sur un tout autre sujet, Le Quotidien s\u2019int\u00e9resse \u00e0 cette piq\u00fbre de rappel de l\u2019OMS qui demande aux Etats \u00ab d\u2019arr\u00eater de signer des accords bilat\u00e9raux avec les firmes et de soutenir Covax \u00bb. Le Soleil \u00e9claire sur la grippe aviaire qui a fait son apparition dans le pays et signale que \u00ab 42 000 sujets et 2723 \u0153ufs de consommation (ont \u00e9t\u00e9) d\u00e9truits \u00bb.<\/p>\n<\/div>\n<p>Auteur: APA News<br \/>\n<a href=\"https:\/\/www.journalducameroun.com\/boun-khatab-sylla-et-diary-sow-se-partagent-la-une-des-quotidiens-senegalais\/\">Cliquez ici pour lire l&rsquo;article depuis sa source.<\/a><\/p>\n","protected":false},"excerpt":{"rendered":"<p>Publi\u00e9 le 09.01.2021 \u00e0 12h18 par APA News La sortie du directeur g\u00e9n\u00e9ral de la soci\u00e9t\u00e9 de transport public \u00ab Dakar Dem Dikk \u00bb, Boun Khatab Sylla, d\u00e9non\u00e7ant la gestion de son pr\u00e9d\u00e9cesseur, Me Moussa Diop, et la disparition depuis lundi de Diary Sow, meilleure \u00e9l\u00e8ve du S\u00e9n\u00e9gal en 2018 et 2018 sont les principaux [&hellip;]<\/p>\n","protected":false},"author":1965,"featured_media":0,"comment_status":"closed","ping_status":"closed","sticky":false,"template":"","format":"standard","meta":{"fifu_image_url":"","fifu_image_alt":"","footnotes":""},"categories":[73,82],"tags":[],"class_list":["post-108996","post","type-post","status-publish","format-standard","hentry","category-actualite","category-cameroun"],"_links":{"self":[{"href":"https:\/\/linitiative.ca\/International\/wp-json\/wp\/v2\/posts\/108996","targetHints":{"allow":["GET"]}}],"collection":[{"href":"https:\/\/linitiative.ca\/International\/wp-json\/wp\/v2\/posts"}],"about":[{"href":"https:\/\/linitiative.ca\/International\/wp-json\/wp\/v2\/types\/post"}],"author":[{"embeddable":true,"href":"https:\/\/linitiative.ca\/International\/wp-json\/wp\/v2\/users\/1965"}],"replies":[{"embeddable":true,"href":"https:\/\/linitiative.ca\/International\/wp-json\/wp\/v2\/comments?post=108996"}],"version-history":[{"count":0,"href":"https:\/\/linitiative.ca\/International\/wp-json\/wp\/v2\/posts\/108996\/revisions"}],"wp:attachment":[{"href":"https:\/\/linitiative.ca\/International\/wp-json\/wp\/v2\/media?parent=108996"}],"wp:term":[{"taxonomy":"category","embeddable":true,"href":"https:\/\/linitiative.ca\/International\/wp-json\/wp\/v2\/categories?post=108996"},{"taxonomy":"post_tag","embeddable":true,"href":"https:\/\/linitiative.ca\/International\/wp-json\/wp\/v2\/tags?post=108996"}],"curies":[{"name":"wp","href":"https:\/\/api.w.org\/{rel}","templated":true}]}}