{"id":108997,"date":"2021-01-09T07:18:02","date_gmt":"2021-01-09T12:18:02","guid":{"rendered":"https:\/\/linitiative.ca\/International\/sante-economie-et-migration-au-menu-des-quotidiens-et-hebdomadaires-marocains\/"},"modified":"2021-01-09T07:18:02","modified_gmt":"2021-01-09T12:18:02","slug":"sante-economie-et-migration-au-menu-des-quotidiens-et-hebdomadaires-marocains","status":"publish","type":"post","link":"https:\/\/linitiative.ca\/International\/sante-economie-et-migration-au-menu-des-quotidiens-et-hebdomadaires-marocains\/","title":{"rendered":"Sant\u00e9, \u00e9conomie et migration au menu des quotidiens et hebdomadaires marocains"},"content":{"rendered":"<div readability=\"32\">\n<p>Publi\u00e9 le 09.01.2021 \u00e0 13h18 par APA News<\/p>\n<\/div>\n<div readability=\"111\">\n<p>La campagne de vaccination, les fortes pr\u00e9cipitations \u00e0 Casablanca, la reprise \u00e9conomique et la migration clandestine sont les principaux sujets abord\u00e9s par les quotidiens et hebdomadaires marocains parus ce samedi.+Challenge+ se demande : \u00ab O\u00f9 sont les vaccins ? On n\u2019en sait rien, ils devaient arriver en d\u00e9cembre, la logistique est pr\u00eate, d\u2019apr\u00e8s ce qu\u2019on nous dit\u2026 \u00bb.<\/p>\n<p>\u00ab Sans vaccination, nous ne retrouverons pas une activit\u00e9 \u00e9conomique viable \u00bb, pr\u00e9vient le journal, notant que \u00ab si on ne r\u00e9ussit pas \u00e0 cr\u00e9er une adh\u00e9sion autour du vaccin, le Maroc souffrira, or l\u2019adh\u00e9sion a besoin de transparence \u00bb.<\/p>\n<p>Le d\u00e9fi c\u2019est de remettre la machine en marche, car nous en avons des centaines de milliers de familles qui n\u2019ont plus aucun revenu, indique l\u2019hebdomadaire, soulignant que le sanitaire, l\u2019\u00e9conomique et le social ne peuvent plus \u00eatre segment\u00e9s, d\u2019o\u00f9 la n\u00e9cessit\u00e9 d\u2019avoir une vision d\u2019ensemble.<\/p>\n<p>\u00ab L\u2019ann\u00e9e qui s\u2019ouvre, doit obliger nos dirigeants \u00e0 r\u00e9pondre \u00e0 ces trois d\u00e9fis \u00bb, conclut-il.<\/p>\n<p>Par ailleurs, +La Vie \u00e9co+ \u00e9crit que \u00ab si les \u00e9lus de Casablanca avaient d\u00fbment planifi\u00e9, programm\u00e9 et lanc\u00e9 en temps voulu les projets de voirie, d\u2019entretien et d\u2019ouvrages n\u00e9cessaires, la ville n\u2019aurait pas \u00e9t\u00e9 litt\u00e9ralement noy\u00e9e \u00e0 cause de 35 mm de pluies \u00bb.<\/p>\n<p>Les communes qui devaient, par exemple, d\u00e9penser en 2020 quelque 13 milliards de dirhams (1 euro = 10,8 DH) dans de grands travaux n\u2019en ont utilis\u00e9 en fin de compte que 2 milliards, soit un taux de r\u00e9alisation d\u2019\u00e0 peine 16%, d\u00e9plore la publication, qui se demande sur les raisons qui poussent un \u00e9lu, un pr\u00e9sident de commune ou autre \u00e0 retarder des projets pour lesquels des budgets sont d\u00e9j\u00e0 disponibles et ne demandent qu\u2019\u00e0 \u00eatre d\u00e9caiss\u00e9s. \u00ab Et pourquoi, surtout, les Casablancais et les citoyens d\u2019autres villes devraient-ils encore faire confiance \u00e0 de tels \u00e9lus ? \u00bb, s\u2019interroge-t-il.<\/p>\n<p>Pour sa part, +Finances News Hebdo+ souligne qu\u2019\u00ab il y a au moins un \u00e9l\u00e9ment qui pr\u00eate \u00e0 l\u2019optimisme en ce d\u00e9but d\u2019ann\u00e9e 2021 : le retour des pluies ! \u00bb. Si la cl\u00e9mence du ciel, avec une bonne pluviom\u00e9trie, est un param\u00e8tre cl\u00e9 dans les d\u00e9terminants de la croissance nationale, elle reste cependant insuffisante dans le contexte actuel, nuance la publication.<\/p>\n<p>+Assahraa Al Maghribia+ rapporte que la Marine royale a port\u00e9 assistance, jeudi, \u00e0 une embarcation de fortune en difficult\u00e9 au large de Nador, avec \u00e0 bord 21 Subsahariens candidats \u00e0 la migration irr\u00e9guli\u00e8re, dont les cadavres d\u2019une femme et d\u2019un b\u00e9b\u00e9.<\/p>\n<p>Selon une source militaire, cit\u00e9 par le quotidien, les secourus ont re\u00e7u les soins n\u00e9cessaires \u00e0 bord de l\u2019unit\u00e9 de la Marine Royale avant d\u2019\u00eatre achemin\u00e9s vers le port de Nador et remis \u00e0 la Gendarmerie Royale pour les proc\u00e9dures d\u2019usage.<\/p>\n<\/div>\n<p>Auteur: APA News<br \/>\n<a href=\"https:\/\/www.journalducameroun.com\/sante-economie-et-migration-au-menu-des-quotidiens-et-hebdomadaires-marocains\/\">Cliquez ici pour lire l&rsquo;article depuis sa source.<\/a><\/p>\n","protected":false},"excerpt":{"rendered":"<p>Publi\u00e9 le 09.01.2021 \u00e0 13h18 par APA News La campagne de vaccination, les fortes pr\u00e9cipitations \u00e0 Casablanca, la reprise \u00e9conomique et la migration clandestine sont les principaux sujets abord\u00e9s par les quotidiens et hebdomadaires marocains parus ce samedi.+Challenge+ se demande : \u00ab O\u00f9 sont les vaccins ? On n\u2019en sait rien, ils devaient arriver en [&hellip;]<\/p>\n","protected":false},"author":1965,"featured_media":0,"comment_status":"closed","ping_status":"closed","sticky":false,"template":"","format":"standard","meta":{"fifu_image_url":"","fifu_image_alt":"","footnotes":""},"categories":[73,82],"tags":[],"class_list":["post-108997","post","type-post","status-publish","format-standard","hentry","category-actualite","category-cameroun"],"_links":{"self":[{"href":"https:\/\/linitiative.ca\/International\/wp-json\/wp\/v2\/posts\/108997","targetHints":{"allow":["GET"]}}],"collection":[{"href":"https:\/\/linitiative.ca\/International\/wp-json\/wp\/v2\/posts"}],"about":[{"href":"https:\/\/linitiative.ca\/International\/wp-json\/wp\/v2\/types\/post"}],"author":[{"embeddable":true,"href":"https:\/\/linitiative.ca\/International\/wp-json\/wp\/v2\/users\/1965"}],"replies":[{"embeddable":true,"href":"https:\/\/linitiative.ca\/International\/wp-json\/wp\/v2\/comments?post=108997"}],"version-history":[{"count":0,"href":"https:\/\/linitiative.ca\/International\/wp-json\/wp\/v2\/posts\/108997\/revisions"}],"wp:attachment":[{"href":"https:\/\/linitiative.ca\/International\/wp-json\/wp\/v2\/media?parent=108997"}],"wp:term":[{"taxonomy":"category","embeddable":true,"href":"https:\/\/linitiative.ca\/International\/wp-json\/wp\/v2\/categories?post=108997"},{"taxonomy":"post_tag","embeddable":true,"href":"https:\/\/linitiative.ca\/International\/wp-json\/wp\/v2\/tags?post=108997"}],"curies":[{"name":"wp","href":"https:\/\/api.w.org\/{rel}","templated":true}]}}