{"id":108998,"date":"2021-01-09T13:18:01","date_gmt":"2021-01-09T18:18:01","guid":{"rendered":"https:\/\/linitiative.ca\/International\/niger-lujpla-appelle-a-faire-cesser-sans-delai-les-actions-contre-moussa-aksar\/"},"modified":"2021-01-09T13:18:01","modified_gmt":"2021-01-09T18:18:01","slug":"niger-lujpla-appelle-a-faire-cesser-sans-delai-les-actions-contre-moussa-aksar","status":"publish","type":"post","link":"https:\/\/linitiative.ca\/International\/niger-lujpla-appelle-a-faire-cesser-sans-delai-les-actions-contre-moussa-aksar\/","title":{"rendered":"Niger: l\u2019UJPLA appelle \u00e0 faire \u00ab\u00a0cesser sans d\u00e9lai\u00a0\u00bb les actions contre Moussa Aksar"},"content":{"rendered":"<div readability=\"32\">\n<p>Publi\u00e9 le 09.01.2021 \u00e0 19h18 par APA News<\/p>\n<\/div>\n<div readability=\"79\">\n<p>L\u2019Union des journalistes de la presse libre africaine (UJPLA) appelle les autorit\u00e9s nig\u00e9riennes \u00e0 faire \u00ab\u00a0cesser sans d\u00e9lai les actions\u00a0\u00bb visant le journaliste Moussa Aksar dans l\u2019affaire de malversation financi\u00e8re au minist\u00e8re de la D\u00e9fense, dans un communiqu\u00e9 publi\u00e9 samedi.<\/p>\n<p>\u00ab\u00a0L\u2019UJPLA en appelle \u00e0 la s\u00e9r\u00e9nit\u00e9 des autorit\u00e9s nig\u00e9riennes et \u00e0 leur attachement \u00e0 la libert\u00e9 de la presse, en faisant cesser sans d\u00e9lai toutes les actions contre Moussa Aksar\u00a0\u00bb, rapporte un communiqu\u00e9 de l\u2019organisation, sign\u00e9 depuis Dakar par son porte-parole, Souleymane Thiam.\u00a0<\/p>\n<p>Le journaliste nig\u00e9rien Moussa Aksar, le directeur de publication de \u00ab L\u2019Evenement \u00bb, est reconnu par tous ses pairs sur le continent. Il pr\u00e9side la Cellule Norbert Zongo pour le journalisme d\u2019investigation en Afrique de l\u2019Ouest (CENOZO).\u00a0<\/p>\n<p>Pour l\u2019UJPLA, Moussa Aksar qui travaillait dans le cadre d\u2019une enqu\u00eate mondiale des \u00ab\u00a0FinCEN Files\u00a0\u00bb dont la CENOZO assurait le lead en Afrique, \u00ab\u00a0subit des pressions depuis que son enqu\u00eate a mis au grand jour des malversations financi\u00e8res au minist\u00e8re nig\u00e9rien de la D\u00e9fense\u00a0\u00bb. \u00a0\u00a0<\/p>\n<p>L\u2019organisation qui suit de tr\u00e8s pr\u00e8s la situation du journaliste Moussa Aksar, convoqu\u00e9 le vendredi 8 janvier 2021 par la justice nig\u00e9rienne suite \u00e0 la plainte d\u2019un citoyen nig\u00e9rien \u00e9tabli \u00e0 Bruxelles, assure qu\u2019elle ne saurait rester sans r\u00e9action face \u00e0 cette requ\u00eate.\u00a0<\/p>\n<p>Moussa Aksar est connu pour son engagement contre la mauvaise gouvernance. Pour ce faire, l\u2019UJPLA clame qu\u2019elle ne saurait le laisser \u00eatre \u00ab\u00a0le bouc \u00e9missaire ou la victime vite trouv\u00e9e dans une situation dont les vrais fautifs sont \u00e0 rechercher et identifier ailleurs\u00a0\u00bb. \u00a0 \u00a0<\/p>\n<p>L\u2019UJPLA \u00a0dont l\u2019objet est de \u00ab\u00a0d\u00e9fendre la libert\u00e9 et la s\u00e9curit\u00e9 physique, morale, mat\u00e9rielle, sociale, \u00e9conomique, culturelle, politique, d\u00e9mocratique et les int\u00e9r\u00eats des journalistes\u00a0\u00bb est dirig\u00e9e par l\u2019Ivoirien No\u00ebl Yao.<\/p>\n<\/div>\n<p>Auteur: APA News<br \/>\n<a href=\"https:\/\/www.journalducameroun.com\/niger-lujpla-appelle-a-faire-cesser-sans-delai-les-actions-contre-moussa-aksar\/\">Cliquez ici pour lire l&rsquo;article depuis sa source.<\/a><\/p>\n","protected":false},"excerpt":{"rendered":"<p>Publi\u00e9 le 09.01.2021 \u00e0 19h18 par APA News L\u2019Union des journalistes de la presse libre africaine (UJPLA) appelle les autorit\u00e9s nig\u00e9riennes \u00e0 faire \u00ab\u00a0cesser sans d\u00e9lai les actions\u00a0\u00bb visant le journaliste Moussa Aksar dans l\u2019affaire de malversation financi\u00e8re au minist\u00e8re de la D\u00e9fense, dans un communiqu\u00e9 publi\u00e9 samedi. \u00ab\u00a0L\u2019UJPLA en appelle \u00e0 la s\u00e9r\u00e9nit\u00e9 des [&hellip;]<\/p>\n","protected":false},"author":1965,"featured_media":0,"comment_status":"closed","ping_status":"closed","sticky":false,"template":"","format":"standard","meta":{"fifu_image_url":"","fifu_image_alt":"","footnotes":""},"categories":[73,82],"tags":[],"class_list":["post-108998","post","type-post","status-publish","format-standard","hentry","category-actualite","category-cameroun"],"_links":{"self":[{"href":"https:\/\/linitiative.ca\/International\/wp-json\/wp\/v2\/posts\/108998","targetHints":{"allow":["GET"]}}],"collection":[{"href":"https:\/\/linitiative.ca\/International\/wp-json\/wp\/v2\/posts"}],"about":[{"href":"https:\/\/linitiative.ca\/International\/wp-json\/wp\/v2\/types\/post"}],"author":[{"embeddable":true,"href":"https:\/\/linitiative.ca\/International\/wp-json\/wp\/v2\/users\/1965"}],"replies":[{"embeddable":true,"href":"https:\/\/linitiative.ca\/International\/wp-json\/wp\/v2\/comments?post=108998"}],"version-history":[{"count":0,"href":"https:\/\/linitiative.ca\/International\/wp-json\/wp\/v2\/posts\/108998\/revisions"}],"wp:attachment":[{"href":"https:\/\/linitiative.ca\/International\/wp-json\/wp\/v2\/media?parent=108998"}],"wp:term":[{"taxonomy":"category","embeddable":true,"href":"https:\/\/linitiative.ca\/International\/wp-json\/wp\/v2\/categories?post=108998"},{"taxonomy":"post_tag","embeddable":true,"href":"https:\/\/linitiative.ca\/International\/wp-json\/wp\/v2\/tags?post=108998"}],"curies":[{"name":"wp","href":"https:\/\/api.w.org\/{rel}","templated":true}]}}