{"id":108999,"date":"2021-01-09T15:18:02","date_gmt":"2021-01-09T20:18:02","guid":{"rendered":"https:\/\/linitiative.ca\/International\/retour-a-abidjan-de-lopposant-ivoirien-toikeusse-mabri-apres-deux-mois-dexil\/"},"modified":"2021-01-09T15:18:02","modified_gmt":"2021-01-09T20:18:02","slug":"retour-a-abidjan-de-lopposant-ivoirien-toikeusse-mabri-apres-deux-mois-dexil","status":"publish","type":"post","link":"https:\/\/linitiative.ca\/International\/retour-a-abidjan-de-lopposant-ivoirien-toikeusse-mabri-apres-deux-mois-dexil\/","title":{"rendered":"Retour \u00e0 Abidjan de l\u2019opposant ivoirien Toikeusse Mabri apr\u00e8s deux mois d\u2019exil"},"content":{"rendered":"<div readability=\"32\">\n<p>Publi\u00e9 le 09.01.2021 \u00e0 21h18 par APA News<\/p>\n<\/div>\n<div readability=\"70\">\n<p>Le pr\u00e9sident de l\u2019Union pour la d\u00e9mocratie et la paix en C\u00f4te d\u2019Ivoire (UDPCI), Dr Albert Toikeusse Mabri a regagn\u00e9, Abidjan samedi, apr\u00e8s deux mois d\u2019exil suite \u00e0 la crise post-\u00e9lectorale n\u00e9e de l\u2019\u00e9lection pr\u00e9sidentielle du 31 octobre 2020.Selon une source proche de l\u2019UDPCI, M. Mabri qui est rentr\u00e9 en fin de matin\u00e9e en compagnie de son \u00e9pouse par voie a\u00e9rienne\u00a0a re\u00e7u \u00e0 sa r\u00e9sidence la direction de son parti.<\/p>\n<p>\u00ab Al Hamdoulilah. C\u2019est avec plaisir que mon \u00e9pouse et moi avons re\u00e7u ce matin \u00e0 notre r\u00e9sidence la direction de l\u2019UDPCI. Ensemble nous rel\u00e8verons tous les d\u00e9fis \u00bb, a \u00e9crit M. Mabri sur son compte officiel Facebook apr\u00e8s cette rencontre.<\/p>\n<p>Le 06 novembre dernier, le procureur de la R\u00e9publique, Adou Richard Christophe avait annonc\u00e9 que MM. Albert Toikeusse Mabri et Pascal Affi N\u2019Guessan, tous deux membres de l\u2019ex-Conseil national de transition (CNT), un organe dit de transition cr\u00e9\u00e9 par l\u2019opposition ivoirienne, sont \u00a0\u00ab activement recherch\u00e9s \u00bb dans le cadre d\u2019une enqu\u00eate ouverte par la justice ivoirienne pour complot contre l\u2019autorit\u00e9 de l\u2019\u00c9tat et l\u2019int\u00e9grit\u00e9 du territoire national.<\/p>\n<p>\u00a0Depuis lors, M. Mabri est rest\u00e9 introuvable et n\u2019avait pas fait d\u2019apparition publique. Certaines sources l\u2019annon\u00e7aient au Ghana, quand d\u2019autres indiquaient qu\u2019il se trouvait en Europe. \u00a0<\/p>\n<p>Quant \u00e0 M. Affi, il a \u00e9t\u00e9 arr\u00eat\u00e9 dans la nuit du 06 novembre dernier pour atteinte \u00e0 la s\u00fbret\u00e9 de l\u2019Etat et remis en libert\u00e9 conditionnelle le 30 d\u00e9cembre dernier.<\/p>\n<p>Les conclusions du dialogue politique entre le gouvernement, l\u2019opposition et la soci\u00e9t\u00e9 civile, conduit par le Premier ministre Hamed Bakayoko participent depuis quelques jours \u00e0 la d\u00e9crispation de la situation socio-politique du pays.<\/p>\n<\/div>\n<p>Auteur: APA News<br \/>\n<a href=\"https:\/\/www.journalducameroun.com\/retour-a-abidjan-de-lopposant-ivoirien-toikeusse-mabri-apres-deux-mois-dexil\/\">Cliquez ici pour lire l&rsquo;article depuis sa source.<\/a><\/p>\n","protected":false},"excerpt":{"rendered":"<p>Publi\u00e9 le 09.01.2021 \u00e0 21h18 par APA News Le pr\u00e9sident de l\u2019Union pour la d\u00e9mocratie et la paix en C\u00f4te d\u2019Ivoire (UDPCI), Dr Albert Toikeusse Mabri a regagn\u00e9, Abidjan samedi, apr\u00e8s deux mois d\u2019exil suite \u00e0 la crise post-\u00e9lectorale n\u00e9e de l\u2019\u00e9lection pr\u00e9sidentielle du 31 octobre 2020.Selon une source proche de l\u2019UDPCI, M. Mabri qui [&hellip;]<\/p>\n","protected":false},"author":1965,"featured_media":0,"comment_status":"closed","ping_status":"closed","sticky":false,"template":"","format":"standard","meta":{"fifu_image_url":"","fifu_image_alt":"","footnotes":""},"categories":[73,82],"tags":[],"class_list":["post-108999","post","type-post","status-publish","format-standard","hentry","category-actualite","category-cameroun"],"_links":{"self":[{"href":"https:\/\/linitiative.ca\/International\/wp-json\/wp\/v2\/posts\/108999","targetHints":{"allow":["GET"]}}],"collection":[{"href":"https:\/\/linitiative.ca\/International\/wp-json\/wp\/v2\/posts"}],"about":[{"href":"https:\/\/linitiative.ca\/International\/wp-json\/wp\/v2\/types\/post"}],"author":[{"embeddable":true,"href":"https:\/\/linitiative.ca\/International\/wp-json\/wp\/v2\/users\/1965"}],"replies":[{"embeddable":true,"href":"https:\/\/linitiative.ca\/International\/wp-json\/wp\/v2\/comments?post=108999"}],"version-history":[{"count":0,"href":"https:\/\/linitiative.ca\/International\/wp-json\/wp\/v2\/posts\/108999\/revisions"}],"wp:attachment":[{"href":"https:\/\/linitiative.ca\/International\/wp-json\/wp\/v2\/media?parent=108999"}],"wp:term":[{"taxonomy":"category","embeddable":true,"href":"https:\/\/linitiative.ca\/International\/wp-json\/wp\/v2\/categories?post=108999"},{"taxonomy":"post_tag","embeddable":true,"href":"https:\/\/linitiative.ca\/International\/wp-json\/wp\/v2\/tags?post=108999"}],"curies":[{"name":"wp","href":"https:\/\/api.w.org\/{rel}","templated":true}]}}