{"id":109000,"date":"2021-01-09T16:18:02","date_gmt":"2021-01-09T21:18:02","guid":{"rendered":"https:\/\/linitiative.ca\/International\/david-schenker-se-felicite-des-fortes-relations-entre-le-maroc-et-les-etats-unis-damerique\/"},"modified":"2021-01-09T16:18:02","modified_gmt":"2021-01-09T21:18:02","slug":"david-schenker-se-felicite-des-fortes-relations-entre-le-maroc-et-les-etats-unis-damerique","status":"publish","type":"post","link":"https:\/\/linitiative.ca\/International\/david-schenker-se-felicite-des-fortes-relations-entre-le-maroc-et-les-etats-unis-damerique\/","title":{"rendered":"David Schenker se f\u00e9licite des fortes relations entre le Maroc et les Etats Unis d\u2019Am\u00e9rique"},"content":{"rendered":"<div readability=\"32\">\n<p>Publi\u00e9 le 09.01.2021 \u00e0 22h18 par APA News<\/p>\n<\/div>\n<div readability=\"85\">\n<p>Le Sous-secr\u00e9taire d\u2019Etat am\u00e9ricain en charge des questions du Proche-Orient et de l\u2019Afrique du Nord au d\u00e9partement d\u2019Etat, David Schenker, en visite samedi \u00e0 la ville La\u00e2youne, chef-lieu du Sahara marocain, s\u2019est f\u00e9licit\u00e9 de l\u2019excellence des relations entre son pays et le Maroc, lesquelles \u00ab n\u2019ont jamais \u00e9t\u00e9 aussi fortes \u00bb.\u00ab C\u2019est un moment cl\u00e9 dans les relations USA-Maroc. Jamais ces relations n\u2019ont \u00e9t\u00e9 aussi fortes \u00bb, a soulign\u00e9 le responsable US qui intervenait lors de la c\u00e9r\u00e9monie de lancement du centre d\u2019\u00e9ducation par le sport \u00a0\u00bb TIBU La\u00e2youne Center by US Embassy Morocco\u00a0\u00bb.<\/p>\n<p>Le responsable am\u00e9ricain a \u00e9voqu\u00e9 \u00e0 cet \u00e9gard l\u2019annonce historique faite le mois dernier par les Etats-Unis de reconnaitre la pleine souverainet\u00e9 du Royaume du Maroc sur l\u2019ensemble de la r\u00e9gion du Sahara et d\u2019ouvrir un consulat \u00e0 Dakhla.<\/p>\n<p>Le responsable US a not\u00e9 que l\u2019ann\u00e9e 2021 marque les deux cents ans depuis que les \u00c9tats-Unis ont ouvert leur premi\u00e8re mission diplomatique au Maroc. \u00ab \u00c0 Tanger, se trouve la plus ancienne installation diplomatique US dans le monde \u00bb, a-t-il rappel\u00e9.<\/p>\n<p>Le Sous-Secr\u00e9taire d\u2019Etat US a not\u00e9 que le partenariat \u00e9troit avec l\u2019ONG \u00ab TIBU Maroc \u00bb, qui \u0153uvre pour la promotion de l\u2019\u00e9ducation des jeunes, leur inclusion sociale et leur d\u00e9veloppement humain \u00e0 travers le Basketball, n\u2019est qu\u2019une partie de l\u2019engagement des Etats-Unis en faveur de la jeunesse marocaine et de l\u2019amiti\u00e9 profonde entre les deux pays.<\/p>\n<p>A ce propos, il a mis en avant le soutien de son pays au minist\u00e8re de l\u2019\u00c9ducation nationale durant plus d\u2019une d\u00e9cennie dans le chantier de la r\u00e9forme du syst\u00e8me \u00e9ducatif, avec un investissement qui s\u2019\u00e9l\u00e8ve \u00e0 250 millions de dollars, \u00e0 travers un ensemble de programmes notamment la promotion de la lecture chez les \u00e9l\u00e8ves du primaire, la formation des enseignants, en plus des programmes d\u2019apprentissage de la langue anglaise.<\/p>\n<p>C\u00f4t\u00e9 \u00e9conomie, M. Shenker a rappel\u00e9 que le Maroc est le seul pays d\u2019Afrique \u00e0 avoir un accord de libre-\u00e9change avec les \u00c9tats-Unis. \u00ab La semaine derni\u00e8re, nous avons c\u00e9l\u00e9br\u00e9 15 ans depuis que notre accord est entr\u00e9 en vigueur officiellement \u00bb, a-t-il dit.<\/p>\n<p>Il a indiqu\u00e9 que plus de 150 entreprises am\u00e9ricaines op\u00e8rent actuellement dans le Royaume, en contribuant \u00e0 la cr\u00e9ation de postes d\u2019emploi pour l\u2019\u00e9conomie marocaine.<\/p>\n<p>Il a \u00e9mis le v\u0153u de voir ces relations se d\u00e9velopper davantage dans l\u2019avenir et \u00ab continuer \u00e0 se renforcer ici \u00e0 La\u00e2youne \u00bb, se disant \u00ab ravi de faciliter l\u2019expansion de TIBU dans les provinces du Sud \u00bb.<\/p>\n<\/div>\n<p>Auteur: APA News<br \/>\n<a href=\"https:\/\/www.journalducameroun.com\/david-schenker-se-felicite-des-fortes-relations-entre-le-maroc-et-les-etats-unis-damerique\/\">Cliquez ici pour lire l&rsquo;article depuis sa source.<\/a><\/p>\n","protected":false},"excerpt":{"rendered":"<p>Publi\u00e9 le 09.01.2021 \u00e0 22h18 par APA News Le Sous-secr\u00e9taire d\u2019Etat am\u00e9ricain en charge des questions du Proche-Orient et de l\u2019Afrique du Nord au d\u00e9partement d\u2019Etat, David Schenker, en visite samedi \u00e0 la ville La\u00e2youne, chef-lieu du Sahara marocain, s\u2019est f\u00e9licit\u00e9 de l\u2019excellence des relations entre son pays et le Maroc, lesquelles \u00ab n\u2019ont jamais [&hellip;]<\/p>\n","protected":false},"author":1965,"featured_media":0,"comment_status":"closed","ping_status":"closed","sticky":false,"template":"","format":"standard","meta":{"fifu_image_url":"","fifu_image_alt":"","footnotes":""},"categories":[73,82],"tags":[],"class_list":["post-109000","post","type-post","status-publish","format-standard","hentry","category-actualite","category-cameroun"],"_links":{"self":[{"href":"https:\/\/linitiative.ca\/International\/wp-json\/wp\/v2\/posts\/109000","targetHints":{"allow":["GET"]}}],"collection":[{"href":"https:\/\/linitiative.ca\/International\/wp-json\/wp\/v2\/posts"}],"about":[{"href":"https:\/\/linitiative.ca\/International\/wp-json\/wp\/v2\/types\/post"}],"author":[{"embeddable":true,"href":"https:\/\/linitiative.ca\/International\/wp-json\/wp\/v2\/users\/1965"}],"replies":[{"embeddable":true,"href":"https:\/\/linitiative.ca\/International\/wp-json\/wp\/v2\/comments?post=109000"}],"version-history":[{"count":0,"href":"https:\/\/linitiative.ca\/International\/wp-json\/wp\/v2\/posts\/109000\/revisions"}],"wp:attachment":[{"href":"https:\/\/linitiative.ca\/International\/wp-json\/wp\/v2\/media?parent=109000"}],"wp:term":[{"taxonomy":"category","embeddable":true,"href":"https:\/\/linitiative.ca\/International\/wp-json\/wp\/v2\/categories?post=109000"},{"taxonomy":"post_tag","embeddable":true,"href":"https:\/\/linitiative.ca\/International\/wp-json\/wp\/v2\/tags?post=109000"}],"curies":[{"name":"wp","href":"https:\/\/api.w.org\/{rel}","templated":true}]}}