{"id":109001,"date":"2021-01-09T11:05:57","date_gmt":"2021-01-09T16:05:57","guid":{"rendered":"https:\/\/linitiative.ca\/International\/chan-2020-le-zimbabwe-abandonne-lidee-du-boycott-de-la-competition\/"},"modified":"2021-01-09T11:05:57","modified_gmt":"2021-01-09T16:05:57","slug":"chan-2020-le-zimbabwe-abandonne-lidee-du-boycott-de-la-competition","status":"publish","type":"post","link":"https:\/\/linitiative.ca\/International\/chan-2020-le-zimbabwe-abandonne-lidee-du-boycott-de-la-competition\/","title":{"rendered":"CHAN 2020 : le Zimbabwe abandonne l\u2019id\u00e9e du boycott de la comp\u00e9tition"},"content":{"rendered":"<p>La s\u00e9lection locale du Zimbabwe a lev\u00e9 le doute sur sa participation au 6<sup>e<\/sup>\u00a0Championnat d\u2019Afrique des Nations (CHAN) de football 2020, apr\u00e8s avoir pr\u00e9alablement demand\u00e9 \u00e0 la Conf\u00e9d\u00e9ration Africaine de Football (CAF) de reporter le tournoi, en raison de la pr\u00e9valence accrue de la pand\u00e9mie de Coronavirus sur le continent.<\/p>\n<p>La F\u00e9d\u00e9ration Zimbabw\u00e9enne de Football (ZIFA) a annonc\u00e9 dans un communiqu\u00e9 le 7 janvier dernier, qu\u2019elle avait enfin obtenu l\u2019aval du gouvernement de prendre part au tournoi, alors que celui-ci, \u00e0 travers la Commission des sports et des loisirs, l\u2019instance sup\u00e9rieure du sport zimbabw\u00e9en, avait pr\u00e9conis\u00e9 le retrait des Warriors de la comp\u00e9tition, et avait mandat\u00e9 la ZIFA d\u2019exiger son report aupr\u00e8s de la CAF.<\/p>\n<p>Cette d\u00e9cision est survenue apr\u00e8s que 15 personnes (joueurs et encadreurs) aient \u00e9t\u00e9 test\u00e9es positives au sein de la s\u00e9lection le 28 d\u00e9cembre 2020. Les nouvelles de leur \u00e9tat de sant\u00e9 sont plut\u00f4t satisfaisantes, et elles devraient subir un nouveau testing le 10 janvier 2021, pour \u00eatre d\u00e9finitivement fix\u00e9s.<\/p>\n<p>Les Warriors sont annonc\u00e9s au Cameroun le 13 janvier prochain, et trois jours apr\u00e8s, ils disputeront le match d\u2019ouverture contre le Cameroun, pays h\u00f4te, au Stade omnisports Ahmadou Ahidjo de Yaound\u00e9. En plus des Lions A\u2019, le Zimbabwe \u00e9voluera dans la poule B avec le Mali et le Burkina Faso.<\/p>\n<p>Auteur: Eco Matin<br \/>\n<a href=\"https:\/\/ecomatin.net\/chan-2020-le-zimbabwe-abandonne-lidee-du-boycott-de-la-competition\/\">Cliquez ici pour lire l&rsquo;article depuis sa source.<\/a><\/p>\n","protected":false},"excerpt":{"rendered":"<p>La s\u00e9lection locale du Zimbabwe a lev\u00e9 le doute sur sa participation au 6e\u00a0Championnat d\u2019Afrique des Nations (CHAN) de football 2020, apr\u00e8s avoir pr\u00e9alablement demand\u00e9 \u00e0 la Conf\u00e9d\u00e9ration Africaine de Football (CAF) de reporter le tournoi, en raison de la pr\u00e9valence accrue de la pand\u00e9mie de Coronavirus sur le continent. La F\u00e9d\u00e9ration Zimbabw\u00e9enne de Football [&hellip;]<\/p>\n","protected":false},"author":1969,"featured_media":0,"comment_status":"closed","ping_status":"closed","sticky":false,"template":"","format":"standard","meta":{"fifu_image_url":"","fifu_image_alt":"","footnotes":""},"categories":[82,78],"tags":[],"class_list":["post-109001","post","type-post","status-publish","format-standard","hentry","category-cameroun","category-economie"],"_links":{"self":[{"href":"https:\/\/linitiative.ca\/International\/wp-json\/wp\/v2\/posts\/109001","targetHints":{"allow":["GET"]}}],"collection":[{"href":"https:\/\/linitiative.ca\/International\/wp-json\/wp\/v2\/posts"}],"about":[{"href":"https:\/\/linitiative.ca\/International\/wp-json\/wp\/v2\/types\/post"}],"author":[{"embeddable":true,"href":"https:\/\/linitiative.ca\/International\/wp-json\/wp\/v2\/users\/1969"}],"replies":[{"embeddable":true,"href":"https:\/\/linitiative.ca\/International\/wp-json\/wp\/v2\/comments?post=109001"}],"version-history":[{"count":0,"href":"https:\/\/linitiative.ca\/International\/wp-json\/wp\/v2\/posts\/109001\/revisions"}],"wp:attachment":[{"href":"https:\/\/linitiative.ca\/International\/wp-json\/wp\/v2\/media?parent=109001"}],"wp:term":[{"taxonomy":"category","embeddable":true,"href":"https:\/\/linitiative.ca\/International\/wp-json\/wp\/v2\/categories?post=109001"},{"taxonomy":"post_tag","embeddable":true,"href":"https:\/\/linitiative.ca\/International\/wp-json\/wp\/v2\/tags?post=109001"}],"curies":[{"name":"wp","href":"https:\/\/api.w.org\/{rel}","templated":true}]}}