{"id":109002,"date":"2021-01-09T11:16:06","date_gmt":"2021-01-09T16:16:06","guid":{"rendered":"https:\/\/linitiative.ca\/International\/chan-2020-le-comite-local-dorganisation-reduit-a-25-et-50-les-taux-doccupation-des-stades-a-cause-du-coronavirus\/"},"modified":"2021-01-09T11:16:06","modified_gmt":"2021-01-09T16:16:06","slug":"chan-2020-le-comite-local-dorganisation-reduit-a-25-et-50-les-taux-doccupation-des-stades-a-cause-du-coronavirus","status":"publish","type":"post","link":"https:\/\/linitiative.ca\/International\/chan-2020-le-comite-local-dorganisation-reduit-a-25-et-50-les-taux-doccupation-des-stades-a-cause-du-coronavirus\/","title":{"rendered":"CHAN 2020 : Le comit\u00e9 local d\u2019organisation r\u00e9duit \u00e0 25 et 50% les taux d\u2019occupation des stades \u00e0 cause du Coronavirus"},"content":{"rendered":"<p>Le d\u00e9roulement du 6<sup>e<\/sup>\u00a0Championnat d\u2019Afrique des Nations (CHAN) de football 2020, dans un contexte marqu\u00e9 par la crise sanitaire mondiale due \u00e0 la pand\u00e9mie de Coronavirus, impose des r\u00e8gles de conduite notamment dans la gestion des masses. Le comit\u00e9 local d\u2019organisation en a conscience, et a d\u00e9cid\u00e9 de restreindre l\u2019acc\u00e8s au stades aux spectateurs durant la comp\u00e9tition.<\/p>\n<p>Dans un communiqu\u00e9 rendu public le vendredi 8 janvier 2021 par le pr\u00e9sident du comit\u00e9 local d\u2019organisation, Narcisse Mouelle Kombi, par ailleurs ministre des Sports et de l\u2019Education Physique, a d\u00e9fini un protocole d\u2019acc\u00e8s dans les stades, avec des taux d\u2019occupation qui sont fonction des \u00e9tapes du tournoi, conform\u00e9ment aux directives de la FIFA et de la CAF.<\/p>\n<p><em>\u00ab\u00a0La Conf\u00e9d\u00e9ration Africaine de Football et le Cameroun, en respect du protocole Covid-19 \u00e9tabli par la FIFA et la CAF, ont convenu des taux d\u2019occupation des stades lors de cette comp\u00e9tition \u00e0 savoir\u00a0: 25% pour tous les matchs de groupes, y compris le match d\u2019ouverture\u00a0; 50% pour les demi-finales et finales\u00a0\u00bb,\u00a0<\/em>lit-on dans ledit communiqu\u00e9.<\/p>\n<p>En clair, aucun des stades de comp\u00e9tition ne fera le plein d\u2019\u0153uf durant ce tournoi, et pour y acc\u00e9der, les spectateurs devront imp\u00e9rativement se soumettre au strict respect des mesures barri\u00e8res, notamment le port obligatoire du masque de protection et la distanciation physique. \u00ab\u00a0<em>Le non respect desdites mesures expose les \u00e9ventuels contrevenants au risque d\u2019expulsion du stade<\/em>\u00a0\u00bb, pr\u00e9vient le patron du COCAN, qui rench\u00e9rit que \u00ab\u00a0<em>toutes les rencontres se joueront \u00e0 guichets ferm\u00e9s\u00a0\u00bb.<\/em><\/p>\n<p>Il importe de pr\u00e9ciser que le CHAN 2020, initialement pr\u00e9vu du 4 au 25 avril derniers, avait \u00e9t\u00e9 atermoy\u00e9 en raison de la pand\u00e9mie de Coronavirus, et reprogramm\u00e9 du 16 janvier au 7 f\u00e9vrier 2021.<\/p>\n<p>Auteur: Eco Matin<br \/>\n<a href=\"https:\/\/ecomatin.net\/chan-2020-le-comite-local-dorganisation-reduit-a-25-et-50-les-taux-doccupation-des-stades-a-cause-du-coronavirus\/\">Cliquez ici pour lire l&rsquo;article depuis sa source.<\/a><\/p>\n","protected":false},"excerpt":{"rendered":"<p>Le d\u00e9roulement du 6e\u00a0Championnat d\u2019Afrique des Nations (CHAN) de football 2020, dans un contexte marqu\u00e9 par la crise sanitaire mondiale due \u00e0 la pand\u00e9mie de Coronavirus, impose des r\u00e8gles de conduite notamment dans la gestion des masses. Le comit\u00e9 local d\u2019organisation en a conscience, et a d\u00e9cid\u00e9 de restreindre l\u2019acc\u00e8s au stades aux spectateurs durant [&hellip;]<\/p>\n","protected":false},"author":1969,"featured_media":0,"comment_status":"closed","ping_status":"closed","sticky":false,"template":"","format":"standard","meta":{"fifu_image_url":"","fifu_image_alt":"","footnotes":""},"categories":[82,78],"tags":[],"class_list":["post-109002","post","type-post","status-publish","format-standard","hentry","category-cameroun","category-economie"],"_links":{"self":[{"href":"https:\/\/linitiative.ca\/International\/wp-json\/wp\/v2\/posts\/109002","targetHints":{"allow":["GET"]}}],"collection":[{"href":"https:\/\/linitiative.ca\/International\/wp-json\/wp\/v2\/posts"}],"about":[{"href":"https:\/\/linitiative.ca\/International\/wp-json\/wp\/v2\/types\/post"}],"author":[{"embeddable":true,"href":"https:\/\/linitiative.ca\/International\/wp-json\/wp\/v2\/users\/1969"}],"replies":[{"embeddable":true,"href":"https:\/\/linitiative.ca\/International\/wp-json\/wp\/v2\/comments?post=109002"}],"version-history":[{"count":0,"href":"https:\/\/linitiative.ca\/International\/wp-json\/wp\/v2\/posts\/109002\/revisions"}],"wp:attachment":[{"href":"https:\/\/linitiative.ca\/International\/wp-json\/wp\/v2\/media?parent=109002"}],"wp:term":[{"taxonomy":"category","embeddable":true,"href":"https:\/\/linitiative.ca\/International\/wp-json\/wp\/v2\/categories?post=109002"},{"taxonomy":"post_tag","embeddable":true,"href":"https:\/\/linitiative.ca\/International\/wp-json\/wp\/v2\/tags?post=109002"}],"curies":[{"name":"wp","href":"https:\/\/api.w.org\/{rel}","templated":true}]}}