{"id":109004,"date":"2021-01-10T07:20:05","date_gmt":"2021-01-10T12:20:05","guid":{"rendered":"https:\/\/linitiative.ca\/International\/une-delegation-americaine-de-haut-niveau-visite-les-locaux-du-futur-consulat-general-us-a-dakhla\/"},"modified":"2021-01-10T07:20:05","modified_gmt":"2021-01-10T12:20:05","slug":"une-delegation-americaine-de-haut-niveau-visite-les-locaux-du-futur-consulat-general-us-a-dakhla","status":"publish","type":"post","link":"https:\/\/linitiative.ca\/International\/une-delegation-americaine-de-haut-niveau-visite-les-locaux-du-futur-consulat-general-us-a-dakhla\/","title":{"rendered":"Une d\u00e9l\u00e9gation am\u00e9ricaine de Haut niveau visite les locaux du futur consulat g\u00e9n\u00e9ral US \u00e0 Dakhla"},"content":{"rendered":"<header>\n<\/header>\n<div class=\"entry-content clearfix\" readability=\"37\"><img decoding=\"async\" class=\"post_layout_5_img\" src=\"http:\/\/aujourdhui.ma\/wp-content\/uploads\/2021\/01\/David-Schenker-USA-Maroc.jpg\" alt=\"Une d&#xE9;l&#xE9;gation am&#xE9;ricaine de Haut niveau visite les locaux du futur consulat g&#xE9;n&#xE9;ral US &#xE0; Dakhla\"\/><\/p>\n<p dir=\"ltr\">Une d\u00e9l\u00e9gation am\u00e9ricaine de haut niveau, conduite par le secr\u00e9taire d\u2019Etat adjoint am\u00e9ricain en charge des questions du Proche-Orient et de l\u2019Afrique du Nord, David Schenker, a visit\u00e9 ce dimanche les locaux du futur Consulat g\u00e9n\u00e9ral des Etats-Unis d\u2019Am\u00e9rique \u00e0 Dakhla.<\/p>\n<\/div>\n<p>Auteur: ALM<br \/>\n<a href=\"https:\/\/aujourdhui.ma\/actualite\/une-delegation-americaine-de-haut-niveau-visite-les-locaux-du-futur-consulat-general-us-a-dakhla\">Cliquez ici pour lire l&rsquo;article depuis sa source.<\/a><\/p>\n","protected":false},"excerpt":{"rendered":"<p>Une d\u00e9l\u00e9gation am\u00e9ricaine de haut niveau, conduite par le secr\u00e9taire d\u2019Etat adjoint am\u00e9ricain en charge des questions du Proche-Orient et de l\u2019Afrique du Nord, David Schenker, a visit\u00e9 ce dimanche les locaux du futur Consulat g\u00e9n\u00e9ral des Etats-Unis d\u2019Am\u00e9rique \u00e0 Dakhla. Auteur: ALM Cliquez ici pour lire l&rsquo;article depuis sa source.<\/p>\n","protected":false},"author":1759,"featured_media":0,"comment_status":"closed","ping_status":"closed","sticky":false,"template":"","format":"standard","meta":{"fifu_image_url":"http:\/\/aujourdhui.ma\/wp-content\/uploads\/2021\/01\/David-Schenker-USA-Maroc.jpg","fifu_image_alt":"Une d\u00e9l\u00e9gation am\u00e9ricaine de Haut niveau visite les locaux du futur consulat g\u00e9n\u00e9ral US \u00e0 Dakhla","footnotes":""},"categories":[73,54],"tags":[],"class_list":["post-109004","post","type-post","status-publish","format-standard","hentry","category-actualite","category-maroc"],"_links":{"self":[{"href":"https:\/\/linitiative.ca\/International\/wp-json\/wp\/v2\/posts\/109004","targetHints":{"allow":["GET"]}}],"collection":[{"href":"https:\/\/linitiative.ca\/International\/wp-json\/wp\/v2\/posts"}],"about":[{"href":"https:\/\/linitiative.ca\/International\/wp-json\/wp\/v2\/types\/post"}],"author":[{"embeddable":true,"href":"https:\/\/linitiative.ca\/International\/wp-json\/wp\/v2\/users\/1759"}],"replies":[{"embeddable":true,"href":"https:\/\/linitiative.ca\/International\/wp-json\/wp\/v2\/comments?post=109004"}],"version-history":[{"count":0,"href":"https:\/\/linitiative.ca\/International\/wp-json\/wp\/v2\/posts\/109004\/revisions"}],"wp:attachment":[{"href":"https:\/\/linitiative.ca\/International\/wp-json\/wp\/v2\/media?parent=109004"}],"wp:term":[{"taxonomy":"category","embeddable":true,"href":"https:\/\/linitiative.ca\/International\/wp-json\/wp\/v2\/categories?post=109004"},{"taxonomy":"post_tag","embeddable":true,"href":"https:\/\/linitiative.ca\/International\/wp-json\/wp\/v2\/tags?post=109004"}],"curies":[{"name":"wp","href":"https:\/\/api.w.org\/{rel}","templated":true}]}}