{"id":109005,"date":"2021-01-10T09:29:15","date_gmt":"2021-01-10T14:29:15","guid":{"rendered":"https:\/\/linitiative.ca\/International\/casablanca-incendie-dans-un-depot-de-bus-de-transport-urbain-hors-dusage\/"},"modified":"2021-01-10T09:29:15","modified_gmt":"2021-01-10T14:29:15","slug":"casablanca-incendie-dans-un-depot-de-bus-de-transport-urbain-hors-dusage","status":"publish","type":"post","link":"https:\/\/linitiative.ca\/International\/casablanca-incendie-dans-un-depot-de-bus-de-transport-urbain-hors-dusage\/","title":{"rendered":"Casablanca: incendie dans un d\u00e9p\u00f4t de bus de transport urbain hors d\u2019usage"},"content":{"rendered":"<header>\n<\/header>\n<div class=\"entry-content clearfix\" readability=\"46\"><img decoding=\"async\" class=\"post_layout_5_img\" src=\"http:\/\/aujourdhui.ma\/wp-content\/uploads\/2021\/01\/Incendie-bus.jpg\" alt=\"Casablanca: incendie dans un d&#xE9;p&#xF4;t de bus de transport urbain hors d&#x2019;usage\"\/><\/p>\n<p><span class=\"c5\"><strong>Un incendie s\u2019est d\u00e9clar\u00e9 dimanche 10 janvier 2021 dans un d\u00e9p\u00f4t de bus de transport urbain hors d\u2019usage, situ\u00e9 sur la route d\u2019Azemmour, a-t-on appris aupr\u00e8s des autorit\u00e9s locales de la pr\u00e9fecture d\u2019arrondissements de Hay Hassani \u00e0 Casablanca.<\/strong><\/span><br \/><span id=\"more-365144\"\/><\/p>\n<p>Les autorit\u00e9s locales et de la s\u00fbret\u00e9 et les services de la protection civile sont intervenus pour s\u00e9curiser le p\u00e9rim\u00e8tre du d\u00e9p\u00f4t et circonscrire le feu, qui a caus\u00e9 des d\u00e9g\u00e2ts mat\u00e9riels sans enregistrer des victimes, a-t-on pr\u00e9cis\u00e9 de m\u00eame source.<\/p>\n<p>Une enqu\u00eate a \u00e9t\u00e9 ouverte par les autorit\u00e9s concern\u00e9es sous la supervision du parquet comp\u00e9tent, afin de d\u00e9terminer les circonstances du d\u00e9clenchement de cet incendie.<\/p>\n<\/div>\n<p>Auteur: ALM<br \/>\n<a href=\"https:\/\/aujourdhui.ma\/societe\/casablanca-incendie-dans-un-depot-de-bus-de-transport-urbain-hors-dusage\">Cliquez ici pour lire l&rsquo;article depuis sa source.<\/a><\/p>\n","protected":false},"excerpt":{"rendered":"<p>Un incendie s\u2019est d\u00e9clar\u00e9 dimanche 10 janvier 2021 dans un d\u00e9p\u00f4t de bus de transport urbain hors d\u2019usage, situ\u00e9 sur la route d\u2019Azemmour, a-t-on appris aupr\u00e8s des autorit\u00e9s locales de la pr\u00e9fecture d\u2019arrondissements de Hay Hassani \u00e0 Casablanca. Les autorit\u00e9s locales et de la s\u00fbret\u00e9 et les services de la protection civile sont intervenus pour [&hellip;]<\/p>\n","protected":false},"author":1759,"featured_media":0,"comment_status":"closed","ping_status":"closed","sticky":false,"template":"","format":"standard","meta":{"fifu_image_url":"http:\/\/aujourdhui.ma\/wp-content\/uploads\/2021\/01\/Incendie-bus.jpg","fifu_image_alt":"Casablanca: incendie dans un d\u00e9p\u00f4t de bus de transport urbain hors d\u2019usage","footnotes":""},"categories":[73,54],"tags":[],"class_list":["post-109005","post","type-post","status-publish","format-standard","hentry","category-actualite","category-maroc"],"_links":{"self":[{"href":"https:\/\/linitiative.ca\/International\/wp-json\/wp\/v2\/posts\/109005","targetHints":{"allow":["GET"]}}],"collection":[{"href":"https:\/\/linitiative.ca\/International\/wp-json\/wp\/v2\/posts"}],"about":[{"href":"https:\/\/linitiative.ca\/International\/wp-json\/wp\/v2\/types\/post"}],"author":[{"embeddable":true,"href":"https:\/\/linitiative.ca\/International\/wp-json\/wp\/v2\/users\/1759"}],"replies":[{"embeddable":true,"href":"https:\/\/linitiative.ca\/International\/wp-json\/wp\/v2\/comments?post=109005"}],"version-history":[{"count":0,"href":"https:\/\/linitiative.ca\/International\/wp-json\/wp\/v2\/posts\/109005\/revisions"}],"wp:attachment":[{"href":"https:\/\/linitiative.ca\/International\/wp-json\/wp\/v2\/media?parent=109005"}],"wp:term":[{"taxonomy":"category","embeddable":true,"href":"https:\/\/linitiative.ca\/International\/wp-json\/wp\/v2\/categories?post=109005"},{"taxonomy":"post_tag","embeddable":true,"href":"https:\/\/linitiative.ca\/International\/wp-json\/wp\/v2\/tags?post=109005"}],"curies":[{"name":"wp","href":"https:\/\/api.w.org\/{rel}","templated":true}]}}