{"id":109007,"date":"2021-01-10T08:17:00","date_gmt":"2021-01-10T13:17:00","guid":{"rendered":"https:\/\/linitiative.ca\/International\/reouverture-des-theatres-et-des-maisons-de-la-culture-apres-10-mois-dinactivite\/"},"modified":"2021-01-10T08:17:00","modified_gmt":"2021-01-10T13:17:00","slug":"reouverture-des-theatres-et-des-maisons-de-la-culture-apres-10-mois-dinactivite","status":"publish","type":"post","link":"https:\/\/linitiative.ca\/International\/reouverture-des-theatres-et-des-maisons-de-la-culture-apres-10-mois-dinactivite\/","title":{"rendered":"R\u00e9ouverture des th\u00e9\u00e2tres et des maisons de la Culture apr\u00e8s 10 mois d&rsquo;inactivit\u00e9"},"content":{"rendered":"<div id=\"originalText\" readability=\"70\">\n<p>La ministre de la Culture et des Arts, Malika Bendouda a donn\u00e9 une instruction pour la r\u00e9ouverture des th\u00e9\u00e2tres, des maisons de la culture et des espaces relevant des \u00e9tablissements culturels sous tutelle, ferm\u00e9s depuis plus de 10 mois en raison de la propagation de la covid-19, indique un communiqu\u00e9 du minist\u00e8re.<\/p>\n<p>La d\u00e9cision de r\u00e9ouverture de ces espaces (th\u00e9\u00e2tres, maisons de la culture et \u00e9tablissements culturels sous tutelle) intervient suite \u00ab\u00a0\u00e0 la r\u00e9union tenue r\u00e9cemment entre Mme Bendouda et les cadres du minist\u00e8re (&#8230;) et en r\u00e9ponse au besoin incessant exprim\u00e9 par les intellectuels et artistes en vue de redynamiser les activit\u00e9s culturelles et artistiques\u00a0\u00bb, note la source.<\/p>\n<p>La ministre a insist\u00e9, dans son instruction, sur \u00ab\u00a0l&rsquo;imp\u00e9ratif respect du protocole sanitaire\u00a0\u00bb afin d&rsquo;endiguer la propagation du coronavirus. La situation sanitaire, ayant impact\u00e9 plusieurs programmes culturels, a entra\u00een\u00e9 l&rsquo;annulation de nombre de manifestations et d&rsquo;\u00e9v\u00e9nements culturels dont la majorit\u00e9 avait \u00e9t\u00e9 report\u00e9e en virtuel.<\/p>\n<p>Plusieurs manifestations, activit\u00e9s et rendez-vous culturels sont programm\u00e9s au niveau des espaces culturels, \u00e0 travers la mise en place d&rsquo;un protocole sanitaire pour la protection des spectateurs et acteurs du secteur de la culture, ajoute le communiqu\u00e9.<\/p>\n<p>Le minist\u00e8re de la Culture avait annul\u00e9, le 11 mars dernier, toutes les activit\u00e9s et manifestations culturelles dans l&rsquo;ensemble de ses structures \u00e0 travers le territoire national, o\u00f9 des mesures ont \u00e9t\u00e9 prises par les autorit\u00e9s publiques dans le cadre du confinement partiel et total afin de faire face \u00e0 la pand\u00e9mie.<\/p>\n<p class=\"c6\"><strong>APS<\/strong><\/p>\n<\/div>\n<div id=\"text_core\" readability=\"70\">\n<p>La ministre de la Culture et des Arts, Malika Bendouda a donn\u00e9 une instruction pour la r\u00e9ouverture des th\u00e9\u00e2tres, des maisons de la culture et des espaces relevant des \u00e9tablissements culturels sous tutelle, ferm\u00e9s depuis plus de 10 mois en raison de la propagation de la covid-19, indique un communiqu\u00e9 du minist\u00e8re.<\/p>\n<p>La d\u00e9cision de r\u00e9ouverture de ces espaces (th\u00e9\u00e2tres, maisons de la culture et \u00e9tablissements culturels sous tutelle) intervient suite \u00ab\u00a0\u00e0 la r\u00e9union tenue r\u00e9cemment entre Mme Bendouda et les cadres du minist\u00e8re (&#8230;) et en r\u00e9ponse au besoin incessant exprim\u00e9 par les intellectuels et artistes en vue de redynamiser les activit\u00e9s culturelles et artistiques\u00a0\u00bb, note la source.<\/p>\n<p>La ministre a insist\u00e9, dans son instruction, sur \u00ab\u00a0l&rsquo;imp\u00e9ratif respect du protocole sanitaire\u00a0\u00bb afin d&rsquo;endiguer la propagation du coronavirus. La situation sanitaire, ayant impact\u00e9 plusieurs programmes culturels, a entra\u00een\u00e9 l&rsquo;annulation de nombre de manifestations et d&rsquo;\u00e9v\u00e9nements culturels dont la majorit\u00e9 avait \u00e9t\u00e9 report\u00e9e en virtuel.<\/p>\n<p>Plusieurs manifestations, activit\u00e9s et rendez-vous culturels sont programm\u00e9s au niveau des espaces culturels, \u00e0 travers la mise en place d&rsquo;un protocole sanitaire pour la protection des spectateurs et acteurs du secteur de la culture, ajoute le communiqu\u00e9.<\/p>\n<p>Le minist\u00e8re de la Culture avait annul\u00e9, le 11 mars dernier, toutes les activit\u00e9s et manifestations culturelles dans l&rsquo;ensemble de ses structures \u00e0 travers le territoire national, o\u00f9 des mesures ont \u00e9t\u00e9 prises par les autorit\u00e9s publiques dans le cadre du confinement partiel et total afin de faire face \u00e0 la pand\u00e9mie.<\/p>\n<p class=\"c6\"><strong>APS<\/strong><\/p>\n<\/div>\n<p>Auteur:<br \/>\n<a href=\"https:\/\/www.liberte-algerie.com\/actualite\/reouverture-des-theatres-et-des-maisons-de-la-culture-apres-10-mois-dinactivite-352189\">Cliquez ici pour lire l&rsquo;article depuis sa source.<\/a><\/p>\n","protected":false},"excerpt":{"rendered":"<p>La ministre de la Culture et des Arts, Malika Bendouda a donn\u00e9 une instruction pour la r\u00e9ouverture des th\u00e9\u00e2tres, des maisons de la culture et des espaces relevant des \u00e9tablissements culturels sous tutelle, ferm\u00e9s depuis plus de 10 mois en raison de la propagation de la covid-19, indique un communiqu\u00e9 du minist\u00e8re. La d\u00e9cision de [&hellip;]<\/p>\n","protected":false},"author":1742,"featured_media":0,"comment_status":"closed","ping_status":"closed","sticky":false,"template":"","format":"standard","meta":{"fifu_image_url":"","fifu_image_alt":"","footnotes":""},"categories":[73,53],"tags":[],"class_list":["post-109007","post","type-post","status-publish","format-standard","hentry","category-actualite","category-algerie"],"_links":{"self":[{"href":"https:\/\/linitiative.ca\/International\/wp-json\/wp\/v2\/posts\/109007","targetHints":{"allow":["GET"]}}],"collection":[{"href":"https:\/\/linitiative.ca\/International\/wp-json\/wp\/v2\/posts"}],"about":[{"href":"https:\/\/linitiative.ca\/International\/wp-json\/wp\/v2\/types\/post"}],"author":[{"embeddable":true,"href":"https:\/\/linitiative.ca\/International\/wp-json\/wp\/v2\/users\/1742"}],"replies":[{"embeddable":true,"href":"https:\/\/linitiative.ca\/International\/wp-json\/wp\/v2\/comments?post=109007"}],"version-history":[{"count":0,"href":"https:\/\/linitiative.ca\/International\/wp-json\/wp\/v2\/posts\/109007\/revisions"}],"wp:attachment":[{"href":"https:\/\/linitiative.ca\/International\/wp-json\/wp\/v2\/media?parent=109007"}],"wp:term":[{"taxonomy":"category","embeddable":true,"href":"https:\/\/linitiative.ca\/International\/wp-json\/wp\/v2\/categories?post=109007"},{"taxonomy":"post_tag","embeddable":true,"href":"https:\/\/linitiative.ca\/International\/wp-json\/wp\/v2\/tags?post=109007"}],"curies":[{"name":"wp","href":"https:\/\/api.w.org\/{rel}","templated":true}]}}