{"id":109009,"date":"2021-01-10T09:29:00","date_gmt":"2021-01-10T14:29:00","guid":{"rendered":"https:\/\/linitiative.ca\/International\/tebboune-retourne-en-allemagne\/"},"modified":"2021-01-10T09:29:00","modified_gmt":"2021-01-10T14:29:00","slug":"tebboune-retourne-en-allemagne","status":"publish","type":"post","link":"https:\/\/linitiative.ca\/International\/tebboune-retourne-en-allemagne\/","title":{"rendered":"Tebboune retourne en Allemagne"},"content":{"rendered":"<div id=\"originalText\" readability=\"41\">\n<p>Le pr\u00e9sident Abdelmadjid Tebboune s\u2019est envol\u00e9, ce dimanche, pour l\u2019Allemagne pour \u00ab\u00a0soigner des complications au niveau de son pied\u00bb, suite \u00e0 \u00ab\u00a0sa contamination au \u00a0Covid-19\u00a0\u00bb, a annonc\u00e9 la Pr\u00e9sidence de la r\u00e9publique dans un court communiqu\u00e9 sur sa page page facebook.<\/p>\n<p>La m\u00eame source a pr\u00e9cis\u00e9 que ces soins \u00ab\u00a0\u00e9taient programm\u00e9s\u00a0\u00bb avant le retour du chef de l\u2019Etat au pays et que sa blessure au pied ne repr\u00e9sente pas un \u00ab\u00a0cas d\u2019urgence\u00a0\u00bb.<\/p>\n<p class=\"c6\"><strong>R\u00e9daction Web\u00a0<\/strong><\/p>\n<\/div>\n<div id=\"text_core\" readability=\"41\">\n<p>Le pr\u00e9sident Abdelmadjid Tebboune s\u2019est envol\u00e9, ce dimanche, pour l\u2019Allemagne pour \u00ab\u00a0soigner des complications au niveau de son pied\u00bb, suite \u00e0 \u00ab\u00a0sa contamination au \u00a0Covid-19\u00a0\u00bb, a annonc\u00e9 la Pr\u00e9sidence de la r\u00e9publique dans un court communiqu\u00e9 sur sa page page facebook.<\/p>\n<p>La m\u00eame source a pr\u00e9cis\u00e9 que ces soins \u00ab\u00a0\u00e9taient programm\u00e9s\u00a0\u00bb avant le retour du chef de l\u2019Etat au pays et que sa blessure au pied ne repr\u00e9sente pas un \u00ab\u00a0cas d\u2019urgence\u00a0\u00bb.<\/p>\n<p class=\"c6\"><strong>R\u00e9daction Web\u00a0<\/strong><\/p>\n<\/div>\n<p>Auteur:<br \/>\n<a href=\"https:\/\/www.liberte-algerie.com\/actualite\/tebboune-retourne-en-allemagne-352191\">Cliquez ici pour lire l&rsquo;article depuis sa source.<\/a><\/p>\n","protected":false},"excerpt":{"rendered":"<p>Le pr\u00e9sident Abdelmadjid Tebboune s\u2019est envol\u00e9, ce dimanche, pour l\u2019Allemagne pour \u00ab\u00a0soigner des complications au niveau de son pied\u00bb, suite \u00e0 \u00ab\u00a0sa contamination au \u00a0Covid-19\u00a0\u00bb, a annonc\u00e9 la Pr\u00e9sidence de la r\u00e9publique dans un court communiqu\u00e9 sur sa page page facebook. La m\u00eame source a pr\u00e9cis\u00e9 que ces soins \u00ab\u00a0\u00e9taient programm\u00e9s\u00a0\u00bb avant le retour du [&hellip;]<\/p>\n","protected":false},"author":1742,"featured_media":0,"comment_status":"closed","ping_status":"closed","sticky":false,"template":"","format":"standard","meta":{"fifu_image_url":"","fifu_image_alt":"","footnotes":""},"categories":[73,53],"tags":[],"class_list":["post-109009","post","type-post","status-publish","format-standard","hentry","category-actualite","category-algerie"],"_links":{"self":[{"href":"https:\/\/linitiative.ca\/International\/wp-json\/wp\/v2\/posts\/109009","targetHints":{"allow":["GET"]}}],"collection":[{"href":"https:\/\/linitiative.ca\/International\/wp-json\/wp\/v2\/posts"}],"about":[{"href":"https:\/\/linitiative.ca\/International\/wp-json\/wp\/v2\/types\/post"}],"author":[{"embeddable":true,"href":"https:\/\/linitiative.ca\/International\/wp-json\/wp\/v2\/users\/1742"}],"replies":[{"embeddable":true,"href":"https:\/\/linitiative.ca\/International\/wp-json\/wp\/v2\/comments?post=109009"}],"version-history":[{"count":0,"href":"https:\/\/linitiative.ca\/International\/wp-json\/wp\/v2\/posts\/109009\/revisions"}],"wp:attachment":[{"href":"https:\/\/linitiative.ca\/International\/wp-json\/wp\/v2\/media?parent=109009"}],"wp:term":[{"taxonomy":"category","embeddable":true,"href":"https:\/\/linitiative.ca\/International\/wp-json\/wp\/v2\/categories?post=109009"},{"taxonomy":"post_tag","embeddable":true,"href":"https:\/\/linitiative.ca\/International\/wp-json\/wp\/v2\/tags?post=109009"}],"curies":[{"name":"wp","href":"https:\/\/api.w.org\/{rel}","templated":true}]}}