{"id":109010,"date":"2021-01-10T10:34:00","date_gmt":"2021-01-10T15:34:00","guid":{"rendered":"https:\/\/linitiative.ca\/International\/video-tebboune-evoque-le-gouvernement-et-les-assemblees-elues\/"},"modified":"2021-01-10T10:34:00","modified_gmt":"2021-01-10T15:34:00","slug":"video-tebboune-evoque-le-gouvernement-et-les-assemblees-elues","status":"publish","type":"post","link":"https:\/\/linitiative.ca\/International\/video-tebboune-evoque-le-gouvernement-et-les-assemblees-elues\/","title":{"rendered":"[ Vid\u00e9o] Tebboune \u00e9voque le gouvernement et les assembl\u00e9es \u00e9lues"},"content":{"rendered":"<div id=\"originalText\" readability=\"67\">\n<p>Le pr\u00e9sident Abdelmadjid Tebboune ne semble pas satisfait du rendement de tous les ministres du gouvernement Djerad, \u00e0 juger d\u2019une courte vid\u00e9o film\u00e9e, ce dimanche, au salon d\u2019honneur de l\u2019a\u00e9roport militaire de\u00a0 Boufarik, et diffus\u00e9e au JT de l\u2019apr\u00e8s-midi de l\u2019ENTV, peu avant son voyage en Allemagne pour des soins, en pr\u00e9sence des deux pr\u00e9sidents du parlement, du pr\u00e9sident du conseil constitutionnel, du chef d\u2019\u00e9tat-major de l\u2019arm\u00e9e et du Premier ministre. \u00a0<\/p>\n<p>\u00abL\u2019houkouma fiha wa\u00e2liha\u00a0\u00bb, comprendre que tous les ministres n\u2019affichent pas des r\u00e9sultats satisfaisants, a indiqu\u00e9 le chef de l\u2019Etat, tout en pr\u00e9cisant qu\u2019il \u00e9tait content du r\u00f4le que jouent les assembl\u00e9es \u00e9lues, ce qui laisse supposer que l\u2019option des \u00e9lections l\u00e9gislatives et communales anticip\u00e9es, mise en avant depuis quelque temps, est repouss\u00e9e. Aussi, qu\u2019il sera peut \u00eatre question d\u2019un remaniement minist\u00e9riel et non pas d\u2019un changement de gouvernement, d\u00e8s son retour au pays.<\/p>\n<p>Abdelmadjid Tebboune s\u2019est envol\u00e9, ce dimanche, pour l\u2019Allemagne pour \u00ab soigner des complications au niveau de son pied\u00bb, suite \u00e0 \u00ab sa contamination au\u00a0 Covid-19 \u00bb, avait annonc\u00e9 la Pr\u00e9sidence de la r\u00e9publique dans un court communiqu\u00e9 sur sa\u00a0page facebook.<\/p>\n<p>La m\u00eame source a pr\u00e9cis\u00e9 que ces soins \u00ab \u00e9taient programm\u00e9s \u00bb avant le retour du chef de l\u2019Etat au pays et que sa blessure au pied ne repr\u00e9sente pas un \u00ab cas d\u2019urgence \u00bb.<\/p>\n<p><iframe loading=\"lazy\" allow=\"autoplay; clipboard-write; encrypted-media; picture-in-picture; web-share\" allowfullscreen=\"true\" frameborder=\"0\" height=\"314\" scrolling=\"no\" src=\"https:\/\/www.facebook.com\/plugins\/video.php?height=314&amp;href=https%3A%2F%2Fwww.facebook.com%2Feptv.dz%2Fvideos%2F238587451161472%2F&amp;show_text=false&amp;width=560\" class=\"c6\" width=\"560\">[embedded content]<\/iframe><\/p>\n<p class=\"c7\"><strong>R\u00e9daction Web\u00a0<\/strong><\/p>\n<\/div>\n<div id=\"text_core\" readability=\"67\">\n<p>Le pr\u00e9sident Abdelmadjid Tebboune ne semble pas satisfait du rendement de tous les ministres du gouvernement Djerad, \u00e0 juger d\u2019une courte vid\u00e9o film\u00e9e, ce dimanche, au salon d\u2019honneur de l\u2019a\u00e9roport militaire de\u00a0 Boufarik, et diffus\u00e9e au JT de l\u2019apr\u00e8s-midi de l\u2019ENTV, peu avant son voyage en Allemagne pour des soins, en pr\u00e9sence des deux pr\u00e9sidents du parlement, du pr\u00e9sident du conseil constitutionnel, du chef d\u2019\u00e9tat-major de l\u2019arm\u00e9e et du Premier ministre. \u00a0<\/p>\n<p>\u00abL\u2019houkouma fiha wa\u00e2liha\u00a0\u00bb, comprendre que tous les ministres n\u2019affichent pas des r\u00e9sultats satisfaisants, a indiqu\u00e9 le chef de l\u2019Etat, tout en pr\u00e9cisant qu\u2019il \u00e9tait content du r\u00f4le que jouent les assembl\u00e9es \u00e9lues, ce qui laisse supposer que l\u2019option des \u00e9lections l\u00e9gislatives et communales anticip\u00e9es, mise en avant depuis quelque temps, est repouss\u00e9e. Aussi, qu\u2019il sera peut \u00eatre question d\u2019un remaniement minist\u00e9riel et non pas d\u2019un changement de gouvernement, d\u00e8s son retour au pays.<\/p>\n<p>Abdelmadjid Tebboune s\u2019est envol\u00e9, ce dimanche, pour l\u2019Allemagne pour \u00ab soigner des complications au niveau de son pied\u00bb, suite \u00e0 \u00ab sa contamination au\u00a0 Covid-19 \u00bb, avait annonc\u00e9 la Pr\u00e9sidence de la r\u00e9publique dans un court communiqu\u00e9 sur sa\u00a0page facebook.<\/p>\n<p>La m\u00eame source a pr\u00e9cis\u00e9 que ces soins \u00ab \u00e9taient programm\u00e9s \u00bb avant le retour du chef de l\u2019Etat au pays et que sa blessure au pied ne repr\u00e9sente pas un \u00ab cas d\u2019urgence \u00bb.<\/p>\n<p><iframe loading=\"lazy\" allow=\"autoplay; clipboard-write; encrypted-media; picture-in-picture; web-share\" allowfullscreen=\"true\" frameborder=\"0\" height=\"314\" scrolling=\"no\" src=\"https:\/\/www.facebook.com\/plugins\/video.php?height=314&amp;href=https%3A%2F%2Fwww.facebook.com%2Feptv.dz%2Fvideos%2F238587451161472%2F&amp;show_text=false&amp;width=560\" class=\"c6\" width=\"560\">[embedded content]<\/iframe><\/p>\n<p class=\"c7\"><strong>R\u00e9daction Web\u00a0<\/strong><\/p>\n<\/div>\n<p>Auteur:<br \/>\n<a href=\"https:\/\/www.liberte-algerie.com\/actualite\/video-tebboune-evoque-le-gouvernement-et-les-assemblees-elues-352192\">Cliquez ici pour lire l&rsquo;article depuis sa source.<\/a><\/p>\n","protected":false},"excerpt":{"rendered":"<p>Le pr\u00e9sident Abdelmadjid Tebboune ne semble pas satisfait du rendement de tous les ministres du gouvernement Djerad, \u00e0 juger d\u2019une courte vid\u00e9o film\u00e9e, ce dimanche, au salon d\u2019honneur de l\u2019a\u00e9roport militaire de\u00a0 Boufarik, et diffus\u00e9e au JT de l\u2019apr\u00e8s-midi de l\u2019ENTV, peu avant son voyage en Allemagne pour des soins, en pr\u00e9sence des deux pr\u00e9sidents [&hellip;]<\/p>\n","protected":false},"author":1742,"featured_media":0,"comment_status":"closed","ping_status":"closed","sticky":false,"template":"","format":"standard","meta":{"fifu_image_url":"","fifu_image_alt":"","footnotes":""},"categories":[73,53],"tags":[],"class_list":["post-109010","post","type-post","status-publish","format-standard","hentry","category-actualite","category-algerie"],"_links":{"self":[{"href":"https:\/\/linitiative.ca\/International\/wp-json\/wp\/v2\/posts\/109010","targetHints":{"allow":["GET"]}}],"collection":[{"href":"https:\/\/linitiative.ca\/International\/wp-json\/wp\/v2\/posts"}],"about":[{"href":"https:\/\/linitiative.ca\/International\/wp-json\/wp\/v2\/types\/post"}],"author":[{"embeddable":true,"href":"https:\/\/linitiative.ca\/International\/wp-json\/wp\/v2\/users\/1742"}],"replies":[{"embeddable":true,"href":"https:\/\/linitiative.ca\/International\/wp-json\/wp\/v2\/comments?post=109010"}],"version-history":[{"count":0,"href":"https:\/\/linitiative.ca\/International\/wp-json\/wp\/v2\/posts\/109010\/revisions"}],"wp:attachment":[{"href":"https:\/\/linitiative.ca\/International\/wp-json\/wp\/v2\/media?parent=109010"}],"wp:term":[{"taxonomy":"category","embeddable":true,"href":"https:\/\/linitiative.ca\/International\/wp-json\/wp\/v2\/categories?post=109010"},{"taxonomy":"post_tag","embeddable":true,"href":"https:\/\/linitiative.ca\/International\/wp-json\/wp\/v2\/tags?post=109010"}],"curies":[{"name":"wp","href":"https:\/\/api.w.org\/{rel}","templated":true}]}}