{"id":109011,"date":"2021-01-09T18:26:02","date_gmt":"2021-01-09T23:26:02","guid":{"rendered":"https:\/\/linitiative.ca\/International\/locs-se-separe-a-lamiable-de-son-joueur-zakaria-lahlali\/"},"modified":"2021-01-09T18:26:02","modified_gmt":"2021-01-09T23:26:02","slug":"locs-se-separe-a-lamiable-de-son-joueur-zakaria-lahlali","status":"publish","type":"post","link":"https:\/\/linitiative.ca\/International\/locs-se-separe-a-lamiable-de-son-joueur-zakaria-lahlali\/","title":{"rendered":"L\u2019OCS se s\u00e9pare \u00e0 l\u2019amiable de son joueur Zakaria Lahlali"},"content":{"rendered":"<div class=\"single-featured\"><img alt=\"\" data-src=\"http:\/\/www.mapmarrakech.ma\/map\/uploads\/2021\/01\/zakaria-quitte-ocs-copier.jpg\"\/><\/div>\n<div class=\"single-post-excerpt post-excerpt-bc\" readability=\"35\">\n<p>Safi \u2013 L\u2019Olympique de Safi (OCS), section football, a annonc\u00e9 avoir r\u00e9sili\u00e9 \u00e0 l\u2019amiable le contrat qui le lie au milieu d\u00e9fensif Zakaria Lahlali.<\/p>\n<\/div>\n<div class=\"entry-content clearfix single-post-content\" readability=\"51\">\n<p>Le club de la cit\u00e9 de l\u2019Oc\u00e9an avait prolong\u00e9 en octobre dernier son contrat avec ce joueur jusqu\u2019en juin 2021.<\/p>\n<p>Zakaria Lahlali, \u00e2g\u00e9 de 30 ans, \u00e9voluait au sein du club safiot depuis ao\u00fbt 2018.<\/p>\n<p>Par ailleurs, l\u2019OCS a annonc\u00e9 avoir pr\u00eat\u00e9 Abdessamad Bendaoud et Oussama Toumi au Stade Marocain jusqu\u2019\u00e0 la fin de cette ann\u00e9e sportive.<\/p>\n<p>L\u2019OCS occupe actuellement la 7\u00e8 position dans la Botola Pro D1 avec 7 points (2 victoires, 1 nul et 2 d\u00e9faites).<\/p>\n<p>Le club, qui a renforc\u00e9 ses rangs avec des joueurs de qualit\u00e9, a affich\u00e9 sa volont\u00e9 de jouer les premi\u00e8res places lors de la Botola Pro D1, saison 2020-2021.<\/p>\n<\/div>\n<p>Auteur: Meriem IGASS<br \/>\n<a href=\"http:\/\/www.mapmarrakech.ma\/fr\/locs-se-separe-a-lamiable-de-son-joueur-zakaria-lahlali\/\">Cliquez ici pour lire l&rsquo;article depuis sa source.<\/a><\/p>\n","protected":false},"excerpt":{"rendered":"<p>Safi \u2013 L\u2019Olympique de Safi (OCS), section football, a annonc\u00e9 avoir r\u00e9sili\u00e9 \u00e0 l\u2019amiable le contrat qui le lie au milieu d\u00e9fensif Zakaria Lahlali. Le club de la cit\u00e9 de l\u2019Oc\u00e9an avait prolong\u00e9 en octobre dernier son contrat avec ce joueur jusqu\u2019en juin 2021. Zakaria Lahlali, \u00e2g\u00e9 de 30 ans, \u00e9voluait au sein du club [&hellip;]<\/p>\n","protected":false},"author":1788,"featured_media":0,"comment_status":"closed","ping_status":"closed","sticky":false,"template":"","format":"standard","meta":{"fifu_image_url":"http:\/\/www.mapmarrakech.ma\/map\/uploads\/2021\/01\/zakaria-quitte-ocs-copier.jpg","fifu_image_alt":"L\u2019OCS se s\u00e9pare \u00e0 l\u2019amiable de son joueur Zakaria Lahlali","footnotes":""},"categories":[54,76],"tags":[],"class_list":["post-109011","post","type-post","status-publish","format-standard","hentry","category-maroc","category-regions"],"_links":{"self":[{"href":"https:\/\/linitiative.ca\/International\/wp-json\/wp\/v2\/posts\/109011","targetHints":{"allow":["GET"]}}],"collection":[{"href":"https:\/\/linitiative.ca\/International\/wp-json\/wp\/v2\/posts"}],"about":[{"href":"https:\/\/linitiative.ca\/International\/wp-json\/wp\/v2\/types\/post"}],"author":[{"embeddable":true,"href":"https:\/\/linitiative.ca\/International\/wp-json\/wp\/v2\/users\/1788"}],"replies":[{"embeddable":true,"href":"https:\/\/linitiative.ca\/International\/wp-json\/wp\/v2\/comments?post=109011"}],"version-history":[{"count":0,"href":"https:\/\/linitiative.ca\/International\/wp-json\/wp\/v2\/posts\/109011\/revisions"}],"wp:attachment":[{"href":"https:\/\/linitiative.ca\/International\/wp-json\/wp\/v2\/media?parent=109011"}],"wp:term":[{"taxonomy":"category","embeddable":true,"href":"https:\/\/linitiative.ca\/International\/wp-json\/wp\/v2\/categories?post=109011"},{"taxonomy":"post_tag","embeddable":true,"href":"https:\/\/linitiative.ca\/International\/wp-json\/wp\/v2\/tags?post=109011"}],"curies":[{"name":"wp","href":"https:\/\/api.w.org\/{rel}","templated":true}]}}