{"id":109012,"date":"2021-01-09T16:38:28","date_gmt":"2021-01-09T21:38:28","guid":{"rendered":"https:\/\/linitiative.ca\/International\/le-mco-se-separe-de-son-entraineur-abdeslam-ouaddou\/"},"modified":"2021-01-09T16:38:28","modified_gmt":"2021-01-09T21:38:28","slug":"le-mco-se-separe-de-son-entraineur-abdeslam-ouaddou","status":"publish","type":"post","link":"https:\/\/linitiative.ca\/International\/le-mco-se-separe-de-son-entraineur-abdeslam-ouaddou\/","title":{"rendered":"Le MCO se s\u00e9pare de son entraineur Abdeslam Ouaddou"},"content":{"rendered":"<div class=\"single-featured\"><img alt=\"\" data-src=\"http:\/\/www.mapoujda.ma\/map\/uploads\/2020\/10\/Abdeslam-Ouaddou-M750&#xD7;430-DR.jpg\"\/><\/div>\n<div class=\"entry-content clearfix single-post-content\" readability=\"48\">\n<p class=\"c4\">Le Mouloudia Club d\u2019Oujda (MCO) a annonc\u00e9 samedi le limogeage de l\u2019entraineur de l\u2019\u00e9quipe premi\u00e8re Abdeslam Ouaddou.<\/p>\n<p class=\"c4\">\u00abLe bureau directeur du MCO annonce que le club s\u2019est s\u00e9par\u00e9 l\u00e9galement de l\u2019entraineur de l\u2019\u00e9quipe premi\u00e8re Abdeslam Ouaddou\u00bb, a indiqu\u00e9 le club oujdi sur sa page Facebook officielle.<\/p>\n<p class=\"c4\">Avec un seul point au compteur, le Mouloudia se trouvait en bas du classement \u00e0 l\u2019issue de la 5\u00e8me journ\u00e9e de la Botola Pro D1 \u00ab\u00a0Inwi\u00a0\u00bb, apr\u00e8s avoir essuy\u00e9 son 4\u00e8 revers de suite en s\u2019inclinant \u00e0 domicile (1-0) dans les derniers souffles du derby de l\u2019Oriental devant la Renaissance Berkane.<\/p>\n<p class=\"c4\">L\u2019ancien international marocain Abdeslam Ouaddou avait \u00e9t\u00e9 choisi en d\u00e9but de saison pour prendre les commandes du MCO, en remplacement de l\u2019entra\u00eeneur alg\u00e9rien Abdelhak Benchikha.<\/p>\n<\/div>\n<p>Auteur: Soufiane ELAHMAR<br \/>\n<a href=\"http:\/\/www.mapoujda.ma\/fr\/le-mco-se-separe-de-son-entraineur-abdeslam-ouaddou\/\">Cliquez ici pour lire l&rsquo;article depuis sa source.<\/a><\/p>\n","protected":false},"excerpt":{"rendered":"<p>Le Mouloudia Club d\u2019Oujda (MCO) a annonc\u00e9 samedi le limogeage de l\u2019entraineur de l\u2019\u00e9quipe premi\u00e8re Abdeslam Ouaddou. \u00abLe bureau directeur du MCO annonce que le club s\u2019est s\u00e9par\u00e9 l\u00e9galement de l\u2019entraineur de l\u2019\u00e9quipe premi\u00e8re Abdeslam Ouaddou\u00bb, a indiqu\u00e9 le club oujdi sur sa page Facebook officielle. Avec un seul point au compteur, le Mouloudia se [&hellip;]<\/p>\n","protected":false},"author":1788,"featured_media":0,"comment_status":"closed","ping_status":"closed","sticky":false,"template":"","format":"standard","meta":{"fifu_image_url":"http:\/\/www.mapoujda.ma\/map\/uploads\/2020\/10\/Abdeslam-Ouaddou-M750\u00d7430-DR.jpg","fifu_image_alt":"Le MCO se s\u00e9pare de son entraineur Abdeslam Ouaddou","footnotes":""},"categories":[54,76],"tags":[],"class_list":["post-109012","post","type-post","status-publish","format-standard","hentry","category-maroc","category-regions"],"_links":{"self":[{"href":"https:\/\/linitiative.ca\/International\/wp-json\/wp\/v2\/posts\/109012","targetHints":{"allow":["GET"]}}],"collection":[{"href":"https:\/\/linitiative.ca\/International\/wp-json\/wp\/v2\/posts"}],"about":[{"href":"https:\/\/linitiative.ca\/International\/wp-json\/wp\/v2\/types\/post"}],"author":[{"embeddable":true,"href":"https:\/\/linitiative.ca\/International\/wp-json\/wp\/v2\/users\/1788"}],"replies":[{"embeddable":true,"href":"https:\/\/linitiative.ca\/International\/wp-json\/wp\/v2\/comments?post=109012"}],"version-history":[{"count":0,"href":"https:\/\/linitiative.ca\/International\/wp-json\/wp\/v2\/posts\/109012\/revisions"}],"wp:attachment":[{"href":"https:\/\/linitiative.ca\/International\/wp-json\/wp\/v2\/media?parent=109012"}],"wp:term":[{"taxonomy":"category","embeddable":true,"href":"https:\/\/linitiative.ca\/International\/wp-json\/wp\/v2\/categories?post=109012"},{"taxonomy":"post_tag","embeddable":true,"href":"https:\/\/linitiative.ca\/International\/wp-json\/wp\/v2\/tags?post=109012"}],"curies":[{"name":"wp","href":"https:\/\/api.w.org\/{rel}","templated":true}]}}