{"id":109014,"date":"2021-01-10T15:14:23","date_gmt":"2021-01-10T20:14:23","guid":{"rendered":"https:\/\/linitiative.ca\/International\/international-real-madrid-le-gros-coup-de-gueule-de-zidane\/"},"modified":"2021-01-10T15:14:23","modified_gmt":"2021-01-10T20:14:23","slug":"international-real-madrid-le-gros-coup-de-gueule-de-zidane","status":"publish","type":"post","link":"https:\/\/linitiative.ca\/International\/international-real-madrid-le-gros-coup-de-gueule-de-zidane\/","title":{"rendered":"International : Real Madrid : le gros coup de gueule de Zidane"},"content":{"rendered":"<div readability=\"32\">\n<p>Auteur : <span class=\"time\">dimanche 10 janvier 2021 16:18<\/span><\/p>\n<\/div>\n<div id=\"post_core\" readability=\"42\">\n<p>L&rsquo;Espagne fait face actuellement \u00e0 des conditions climatiques dantesques ces derni\u00e8res heures. Si la neige est tomb\u00e9e abondamment \u00e0 Madrid, l&rsquo;avion de la Casa Blanca s&rsquo;est pos\u00e9 tant bien que mal \u00e0 Pampelune vendredi soir. Malgr\u00e9 des conditions climatiques difficiles, le match a bel et bien eu lieu ce samedi soir. Enfin si l&rsquo;on peut vraiment parler d&rsquo;un match de football puisque la rencontre s&rsquo;est termin\u00e9e sur un triste 0-0. Un r\u00e9sultat qui n&rsquo;arrange gu\u00e8re les affaires de la bande \u00e0 Zinedine Zidane qui voit le Bar\u00e7a revenir tr\u00e8s fort au classement Liga. Interrog\u00e9 en conf\u00e9rence de presse, le technicien fran\u00e7ais \u00e9tait particuli\u00e8rement \u00e9nerv\u00e9. Pour lui c&rsquo;est simple, le match n&rsquo;aurait clairement pas d\u00fb se jouer. \u00abCe n&rsquo;\u00e9tait pas un match de football ce soir, le match aurait d\u00fb \u00eatre report\u00e9. Certes, ce n&rsquo;est pas une excuse, mais on ne devrait pas autoriser des matchs dans ces conditions. Nous avons fait ce que nous pouvions faire sur le terrain. On ne sait m\u00eame pas quand on pourra rentrer \u00e0 Madrid.\u00bbrapporte FootMercato. Voil\u00e0 qui est dit.<\/p>\n<p><strong>Publi\u00e9 dans :<\/strong> <span>Zidane<\/span><\/p>\n<\/div>\n<p>Auteur:<br \/>\n<a href=\"http:\/\/www.lebuteur.com\/article\/detail?titre=real-madrid-le-gros-coup-de-gueule-de-zidane&#038;id=98652&#038;utm_source=feedburner&#038;utm_medium=feed&#038;utm_campaign=Feed%3A+GalerieFArtciles+%28Les+derniers+articles++-+lebuteur.com%29\">Cliquez ici pour lire l&rsquo;article depuis sa source.<\/a><\/p>\n","protected":false},"excerpt":{"rendered":"<p>Auteur : dimanche 10 janvier 2021 16:18 L&rsquo;Espagne fait face actuellement \u00e0 des conditions climatiques dantesques ces derni\u00e8res heures. Si la neige est tomb\u00e9e abondamment \u00e0 Madrid, l&rsquo;avion de la Casa Blanca s&rsquo;est pos\u00e9 tant bien que mal \u00e0 Pampelune vendredi soir. Malgr\u00e9 des conditions climatiques difficiles, le match a bel et bien eu lieu [&hellip;]<\/p>\n","protected":false},"author":1738,"featured_media":0,"comment_status":"closed","ping_status":"closed","sticky":false,"template":"","format":"standard","meta":{"fifu_image_url":"\/\/cdn.lebuteur.com\/data\/images\/article\/thumbs\/large-real-madrid-le-gros-coup-de-gueule-de-zidane-b4180.jpg","fifu_image_alt":"International : Real Madrid : le gros coup de gueule de Zidane","footnotes":""},"categories":[53,75],"tags":[],"class_list":["post-109014","post","type-post","status-publish","format-standard","hentry","category-algerie","category-sport"],"_links":{"self":[{"href":"https:\/\/linitiative.ca\/International\/wp-json\/wp\/v2\/posts\/109014","targetHints":{"allow":["GET"]}}],"collection":[{"href":"https:\/\/linitiative.ca\/International\/wp-json\/wp\/v2\/posts"}],"about":[{"href":"https:\/\/linitiative.ca\/International\/wp-json\/wp\/v2\/types\/post"}],"author":[{"embeddable":true,"href":"https:\/\/linitiative.ca\/International\/wp-json\/wp\/v2\/users\/1738"}],"replies":[{"embeddable":true,"href":"https:\/\/linitiative.ca\/International\/wp-json\/wp\/v2\/comments?post=109014"}],"version-history":[{"count":0,"href":"https:\/\/linitiative.ca\/International\/wp-json\/wp\/v2\/posts\/109014\/revisions"}],"wp:attachment":[{"href":"https:\/\/linitiative.ca\/International\/wp-json\/wp\/v2\/media?parent=109014"}],"wp:term":[{"taxonomy":"category","embeddable":true,"href":"https:\/\/linitiative.ca\/International\/wp-json\/wp\/v2\/categories?post=109014"},{"taxonomy":"post_tag","embeddable":true,"href":"https:\/\/linitiative.ca\/International\/wp-json\/wp\/v2\/tags?post=109014"}],"curies":[{"name":"wp","href":"https:\/\/api.w.org\/{rel}","templated":true}]}}