{"id":109015,"date":"2021-01-10T15:14:24","date_gmt":"2021-01-10T20:14:24","guid":{"rendered":"https:\/\/linitiative.ca\/International\/pros-mahrez-contribue-a-la-qualif-des-foxes-en-fa-cup\/"},"modified":"2021-01-10T15:14:24","modified_gmt":"2021-01-10T20:14:24","slug":"pros-mahrez-contribue-a-la-qualif-des-foxes-en-fa-cup","status":"publish","type":"post","link":"https:\/\/linitiative.ca\/International\/pros-mahrez-contribue-a-la-qualif-des-foxes-en-fa-cup\/","title":{"rendered":"Pros : Mahrez contribue \u00e0 la qualif\u2019 des Foxes en FA Cup"},"content":{"rendered":"<div readability=\"32\">\n<p>Auteur : <span class=\"time\">dimanche 10 janvier 2021 18:22<\/span><\/p>\n<\/div>\n<div id=\"post_core\" readability=\"37\">\n<p>Riyad Mahrez a grandement contribu\u00e9 aujourd\u2019hui \u00e0 la qualif\u2019 de Manchester City pour le 3e tour de la FA Cup. Les co\u00e9quipiers du capitaine de l\u2019EN ont domin\u00e9 ce dimanche Birmingham (3-0). Mahrez a \u00e9t\u00e9 l\u2019auteur d\u2019une passe d\u00e9cisive pour Phil Foden peu apr\u00e8s la demi-heure de jeu. Il est \u00e0 noter que Mahrez a particip\u00e9 \u00e0 l\u2019int\u00e9gralit\u00e9 de cette rencontre.<\/p>\n<p><strong>Publi\u00e9 dans :<\/strong> <span>fa cup<\/span> <span>Mahrez<\/span><\/p>\n<\/div>\n<p>Auteur:<br \/>\n<a href=\"http:\/\/www.lebuteur.com\/article\/detail?titre=mahrez-contribue-a-la-qualif-des-foxes-en-fa-cup&#038;id=98653&#038;utm_source=feedburner&#038;utm_medium=feed&#038;utm_campaign=Feed%3A+GalerieFArtciles+%28Les+derniers+articles++-+lebuteur.com%29\">Cliquez ici pour lire l&rsquo;article depuis sa source.<\/a><\/p>\n","protected":false},"excerpt":{"rendered":"<p>Auteur : dimanche 10 janvier 2021 18:22 Riyad Mahrez a grandement contribu\u00e9 aujourd\u2019hui \u00e0 la qualif\u2019 de Manchester City pour le 3e tour de la FA Cup. Les co\u00e9quipiers du capitaine de l\u2019EN ont domin\u00e9 ce dimanche Birmingham (3-0). Mahrez a \u00e9t\u00e9 l\u2019auteur d\u2019une passe d\u00e9cisive pour Phil Foden peu apr\u00e8s la demi-heure de jeu. [&hellip;]<\/p>\n","protected":false},"author":1738,"featured_media":0,"comment_status":"closed","ping_status":"closed","sticky":false,"template":"","format":"standard","meta":{"fifu_image_url":"\/\/cdn.lebuteur.com\/data\/images\/article\/thumbs\/large-mahrez-contribue-a-la-qualif-des-foxes-en-fa-cup-5bff2.jpg","fifu_image_alt":"Pros : Mahrez contribue \u00e0 la qualif\u2019 des Foxes en FA Cup","footnotes":""},"categories":[53,75],"tags":[],"class_list":["post-109015","post","type-post","status-publish","format-standard","hentry","category-algerie","category-sport"],"_links":{"self":[{"href":"https:\/\/linitiative.ca\/International\/wp-json\/wp\/v2\/posts\/109015","targetHints":{"allow":["GET"]}}],"collection":[{"href":"https:\/\/linitiative.ca\/International\/wp-json\/wp\/v2\/posts"}],"about":[{"href":"https:\/\/linitiative.ca\/International\/wp-json\/wp\/v2\/types\/post"}],"author":[{"embeddable":true,"href":"https:\/\/linitiative.ca\/International\/wp-json\/wp\/v2\/users\/1738"}],"replies":[{"embeddable":true,"href":"https:\/\/linitiative.ca\/International\/wp-json\/wp\/v2\/comments?post=109015"}],"version-history":[{"count":0,"href":"https:\/\/linitiative.ca\/International\/wp-json\/wp\/v2\/posts\/109015\/revisions"}],"wp:attachment":[{"href":"https:\/\/linitiative.ca\/International\/wp-json\/wp\/v2\/media?parent=109015"}],"wp:term":[{"taxonomy":"category","embeddable":true,"href":"https:\/\/linitiative.ca\/International\/wp-json\/wp\/v2\/categories?post=109015"},{"taxonomy":"post_tag","embeddable":true,"href":"https:\/\/linitiative.ca\/International\/wp-json\/wp\/v2\/tags?post=109015"}],"curies":[{"name":"wp","href":"https:\/\/api.w.org\/{rel}","templated":true}]}}