{"id":109017,"date":"2021-01-10T15:14:29","date_gmt":"2021-01-10T20:14:29","guid":{"rendered":"https:\/\/linitiative.ca\/International\/pros-cagliari-ounas-a-rejoue-face-a-la-fiorentina\/"},"modified":"2021-01-10T15:14:29","modified_gmt":"2021-01-10T20:14:29","slug":"pros-cagliari-ounas-a-rejoue-face-a-la-fiorentina","status":"publish","type":"post","link":"https:\/\/linitiative.ca\/International\/pros-cagliari-ounas-a-rejoue-face-a-la-fiorentina\/","title":{"rendered":"Pros : Cagliari : Ounas a rejou\u00e9 face \u00e0 la Fiorentina"},"content":{"rendered":"<div readability=\"32\">\n<p>Auteur : <span class=\"time\">dimanche 10 janvier 2021 20:40<\/span><\/p>\n<\/div>\n<div id=\"post_core\" readability=\"46\">\n<p>La Fiorentina a battu dimanche soir Cagliari (1-0), \u00e0 Artemio Franchi, dans un match de la 17e journ\u00e9e de Serie A. Apr\u00e8s un penalty sarde manqu\u00e9 par Joao Pedro (37e), la Viola de Cesare Prandelli a trouv\u00e9 le chemin des filets par Dusan Vlahovic (72e). Rempla\u00e7ant \u00e0 l&rsquo;occasion de son retour sur les pelouses de Serie A, Adam Ounas est entr\u00e9 en jeu \u00e0 la 80e minute de jeu mais n&rsquo;a rien pu faire pour \u00e9viter une nouvelle d\u00e9faite \u00e0 son \u00e9quipe.<\/p>\n<p>Avec 18 points, le club florentin figure \u00e0 la douzi\u00e8me place et prend ses distances avec la zone rouge. Battu pour la quatri\u00e8me journ\u00e9e cons\u00e9cutive, Cagliari est seizi\u00e8me avec 14 points, \u00e0 deux longueurs du premier rel\u00e9gable le Torino.<\/p>\n<p><strong>Publi\u00e9 dans :<\/strong> <span>Ounas<\/span><\/p>\n<\/div>\n<p>Auteur:<br \/>\n<a href=\"http:\/\/www.lebuteur.com\/article\/detail?titre=cagliari-ounas-a-rejoue-face-a-la-fiorentina&#038;id=98655&#038;utm_source=feedburner&#038;utm_medium=feed&#038;utm_campaign=Feed%3A+GalerieFArtciles+%28Les+derniers+articles++-+lebuteur.com%29\">Cliquez ici pour lire l&rsquo;article depuis sa source.<\/a><\/p>\n","protected":false},"excerpt":{"rendered":"<p>Auteur : dimanche 10 janvier 2021 20:40 La Fiorentina a battu dimanche soir Cagliari (1-0), \u00e0 Artemio Franchi, dans un match de la 17e journ\u00e9e de Serie A. Apr\u00e8s un penalty sarde manqu\u00e9 par Joao Pedro (37e), la Viola de Cesare Prandelli a trouv\u00e9 le chemin des filets par Dusan Vlahovic (72e). Rempla\u00e7ant \u00e0 l&rsquo;occasion [&hellip;]<\/p>\n","protected":false},"author":1738,"featured_media":0,"comment_status":"closed","ping_status":"closed","sticky":false,"template":"","format":"standard","meta":{"fifu_image_url":"\/\/cdn.lebuteur.com\/data\/images\/article\/thumbs\/large-cagliari-ounas-a-rejoue-face-a-la-fiorentina-176c6.jpg","fifu_image_alt":"Pros : Cagliari : Ounas a rejou\u00e9 face \u00e0 la Fiorentina","footnotes":""},"categories":[53,75],"tags":[],"class_list":["post-109017","post","type-post","status-publish","format-standard","hentry","category-algerie","category-sport"],"_links":{"self":[{"href":"https:\/\/linitiative.ca\/International\/wp-json\/wp\/v2\/posts\/109017","targetHints":{"allow":["GET"]}}],"collection":[{"href":"https:\/\/linitiative.ca\/International\/wp-json\/wp\/v2\/posts"}],"about":[{"href":"https:\/\/linitiative.ca\/International\/wp-json\/wp\/v2\/types\/post"}],"author":[{"embeddable":true,"href":"https:\/\/linitiative.ca\/International\/wp-json\/wp\/v2\/users\/1738"}],"replies":[{"embeddable":true,"href":"https:\/\/linitiative.ca\/International\/wp-json\/wp\/v2\/comments?post=109017"}],"version-history":[{"count":0,"href":"https:\/\/linitiative.ca\/International\/wp-json\/wp\/v2\/posts\/109017\/revisions"}],"wp:attachment":[{"href":"https:\/\/linitiative.ca\/International\/wp-json\/wp\/v2\/media?parent=109017"}],"wp:term":[{"taxonomy":"category","embeddable":true,"href":"https:\/\/linitiative.ca\/International\/wp-json\/wp\/v2\/categories?post=109017"},{"taxonomy":"post_tag","embeddable":true,"href":"https:\/\/linitiative.ca\/International\/wp-json\/wp\/v2\/tags?post=109017"}],"curies":[{"name":"wp","href":"https:\/\/api.w.org\/{rel}","templated":true}]}}