{"id":109018,"date":"2021-01-10T04:00:00","date_gmt":"2021-01-10T09:00:00","guid":{"rendered":"https:\/\/linitiative.ca\/International\/ridha-ben-mosbah-sauver-la-transition-dun-nouvel-echec-qui-serait-fatal\/"},"modified":"2021-01-10T04:00:00","modified_gmt":"2021-01-10T09:00:00","slug":"ridha-ben-mosbah-sauver-la-transition-dun-nouvel-echec-qui-serait-fatal","status":"publish","type":"post","link":"https:\/\/linitiative.ca\/International\/ridha-ben-mosbah-sauver-la-transition-dun-nouvel-echec-qui-serait-fatal\/","title":{"rendered":"Ridha Ben Mosbah: Sauver la transition d\u2019un nouvel \u00e9chec qui serait fatal"},"content":{"rendered":"<p><span class=\"c2\"><strong>Par Ridha Ben Mosbah.<\/strong> <em>Ing\u00e9nieur des mines, ancien ministre, ancien ambassadeur<\/em><\/span><\/p>\n<p><strong><span class=\"c4\"><span class=\"c3\">Que retenez-vous le plus de ces dix derni\u00e8res ann\u00e9es ?<\/span><\/span><\/strong><\/p>\n<p><img decoding=\"async\" src=\"\/uploads\/FCK_files\/Couv-Dix-ans__.jpg\" alt=\"\" width=\"40%\" vspace=\"5\" hspace=\"5\" align=\"right\"\/>D\u2019abord un flashback rapide sur ces dix derni\u00e8res ann\u00e9es :<\/p>\n<p><span class=\"c2\"><strong>\u2022 2011:<\/strong><\/span> l\u2019ann\u00e9e de tous les espoirs,<\/p>\n<p><span class=\"c2\"><strong>\u2022 2012:<\/strong><\/span> l\u2019euphorie fait place \u00e0 l\u2019anxi\u00e9t\u00e9, l\u2019ann\u00e9e de l\u2019inqui\u00e9tude,<\/p>\n<p><span class=\"c2\"><strong>\u2022 2013:<\/strong><\/span> l\u2019ann\u00e9e de tous les dangers, assassinats politiques et bipolarisation de la vie politique<\/p>\n<p><span class=\"c2\"><strong>\u2022 2014:<\/strong><\/span> l\u2019ann\u00e9e du r\u00e9pit, propice \u00e0 l\u2019arrangement (deal de Paris) fondateur du consensus d\u2019une gouvernance partag\u00e9e ;<\/p>\n<p><span class=\"c2\"><strong>\u2022 2015:<\/strong><\/span> l\u2019ann\u00e9e terrible, 3 attentats terroristes d\u2019ampleur;<\/p>\n<p><span class=\"c2\"><strong>\u2022 2016:<\/strong><\/span> l\u2019ann\u00e9e du doute et de la reprise en main par le CLAN, \u00able retour de l\u2019enfant prodigue\u00bb<\/p>\n<p><span class=\"c2\"><strong>\u2022 2017-2018-2019:<\/strong><\/span> les ann\u00e9es de la d\u00e9sillusion, entre espoirs d\u00e9\u00e7us, d\u2019une reprise \u00e9conomique et d\u2019une v\u00e9ritable r\u00e9conciliation politique, les man\u0153uvres politiciennes, les luttes fratricides et les intrigues sur la succession,\u00a0 ont fini par miner la confiance avec \u00e0 la solde un rejet de l\u2019ensemble de la classe politique.<\/p>\n<p><span class=\"c2\"><strong>\u2022 2020:<\/strong><\/span> l\u2019ann\u00e9e du blocage, l\u2019alternance est incapable d\u2019apporter les solutions requises ! d\u2019autant plus que la crise politique larv\u00e9e se double d\u2019une crise sanitaire mondiale qui sape les derniers ressorts de la croissance, que sont le tourisme, les services de transport et les services en g\u00e9n\u00e9ral.<\/p>\n<p><span class=\"c3\"><span class=\"c4\"><strong>Une am\u00e8re d\u00e9sillusion &#8230;<\/strong><\/span><\/span><\/p>\n<p><span class=\"c2\"><strong>\u2022<\/strong><\/span> Malgr\u00e9 les succ\u00e8s enregistr\u00e9s, et reconnus \u00e0 l\u2019international, en termes d\u2019alternance, en termes de cons\u00e9cration du pluralisme et de repr\u00e9sentativit\u00e9 d\u00e9mocratique,<\/p>\n<p><span class=\"c2\"><strong>\u2022<\/strong><\/span> Malgr\u00e9 la vigueur de la soci\u00e9t\u00e9 civile et sa r\u00e9silience, qui nous a valu le prix Nobel,<\/p>\n<p><span class=\"c2\"><strong>\u2022<\/strong><\/span> Malgr\u00e9 un progr\u00e8s certain au niveau des libert\u00e9s individuelles et formelles,<\/p>\n<p>La transition d\u00e9mocratique en Tunisie marque le pas au niveau de sa dimension politique : blocage de la cour constitutionnelle\u2026et est \u00e0 l\u2019arr\u00eat au niveau de sa dimension \u00e9conomique. Un espoir d\u00e9\u00e7u, une profonde d\u00e9sillusion, Une lente mais constante descente aux enfers collective, avec une d\u00e9gradation de l\u2019environnement, de l\u2019infrastructure, de la qualit\u00e9 des services publics, la perte de valeurs, la prolif\u00e9ration de l\u2019\u00e9conomie informelle, un sentiment d\u2019ins\u00e9curit\u00e9 g\u00e9n\u00e9ralis\u00e9, une perte de souverainet\u00e9 ;<\/p>\n<p>Des promesses non tenues de soutien \u00e0 la jeune d\u00e9mocratie (G8 \u00e0 Deauville)<\/p>\n<p><span class=\"c4\"><span class=\"c3\"><strong>Une transition politique non aboutie<\/strong><\/span><\/span><\/p>\n<p>Un syst\u00e8me politique inachev\u00e9 et qui s\u2019av\u00e8re avec le temps inop\u00e9rant et bloque le fonctionnement de l\u2019Etat.<\/p>\n<p><span class=\"c2\"><strong>\u2022<\/strong><\/span> Une instabilit\u00e9 gouvernementale qui ne permet pas d\u2019inscrire l\u2019action dans la dur\u00e9e ;<\/p>\n<p><span class=\"c2\"><strong>\u2022<\/strong><\/span> Les politiciens ont privil\u00e9gi\u00e9 le show au d\u00e9bat, la politique-spectacle qui traduit la toute-puissance des m\u00e9dias, des r\u00e9seaux sociaux ;<br \/>Une d\u00e9ch\u00e9ance des politiciens et de la politique menant \u00e0 une sorte d\u2019apathie du Tunisien, dont la cons\u00e9quence est une perte notable de la conscience citoyenne<\/p>\n<p><span class=\"c2\"><strong>\u2022<\/strong><\/span> La perte du sens du d\u2019un destin commun \u00e0 la nation ;<\/p>\n<p><span class=\"c2\"><strong>\u2022<\/strong><\/span> La difficult\u00e9 \u00e0 coop\u00e9rer, \u00e0 travailler ensemble, \u00e0 faire une \u0153uvre collective et une excroissance des ego \u00e0 tous les niveaux ;<\/p>\n<p><span class=\"c2\"><strong>\u2022<\/strong><\/span> Une mont\u00e9e du populisme, maladie de vieilles d\u00e9mocraties qui n\u2019a pas \u00e9pargn\u00e9 la jeune d\u00e9mocratie tunisienne ;<\/p>\n<p><span class=\"c2\"><strong>\u2022<\/strong><\/span> La mont\u00e9e du corporatisme et du r\u00e9gionalisme cons\u00e9quents \u00e0 l\u2019effritement de l\u2019\u00c9tat ;<\/p>\n<p><span class=\"c2\"><strong>\u2022<\/strong><\/span> Un consensus mou qui s\u2019est impos\u00e9 et qui a \u00e9lud\u00e9 le vrai d\u00e9bat d\u00e9mocratique, serein et assagi sur l\u2019imp\u00e9ratif d\u2019un projet f\u00e9d\u00e9rateur, citoyen, en continuit\u00e9 du projet national, projet souverainiste des p\u00e8res de l\u2019ind\u00e9pendance,<\/p>\n<p>Parmi les le\u00e7ons apprises : toute r\u00e9forme politique, \u00e9conomique ou sociale doit tenir compte de la dimension culture locale ou nationale, pour r\u00e9ussir sa mise en \u0153uvre.<\/p>\n<p>En effet, la nouvelle classe politique s\u2019est rapidement coul\u00e9e dans le moule h\u00e9rit\u00e9 d\u2019une culture politique qui n\u2019a rien de d\u00e9mocratique, privil\u00e9giant la recherche de la rente, la connexit\u00e9, la famille, avec une quasi-absence de redevabilit\u00e9 depuis l\u2019ind\u00e9pendance ;<\/p>\n<p><span class=\"c3\"><span class=\"c4\"><strong>Une transition \u00e9conomique en panne<\/strong><\/span><\/span><\/p>\n<p><span class=\"c2\"><strong>\u2022<\/strong><\/span> Sur le plan \u00e9conomique, un \u00e9chec \u00e0 relancer la croissance, avec une moyenne d\u2019\u00e9volution du PIB sur la p\u00e9riode de 1% ;<\/p>\n<p><span class=\"c2\"><strong>\u2022<\/strong><\/span> L\u2019incapacit\u00e9 de r\u00e9pondre aux attentes socio\u00e9conomiques;<\/p>\n<p><span class=\"c2\"><strong>\u2022<\/strong><\/span> L\u2019appauvrissement et la quasi-disparition de la classe moyenne ;<\/p>\n<p><span class=\"c2\"><strong>\u2022<\/strong><\/span> Nous n\u2019avons pas prioris\u00e9 l\u2019avenir et d\u00e9battu des solutions \u00e0 proposer \u00e0 la nation,\u00a0 pas de remise en cause de la strat\u00e9gie de croissance \u00e9conomique aucune nouvelle id\u00e9e pour un accrochage \u00e0 la mondialisation plus soft;<\/p>\n<p><span class=\"c4\"><span class=\"c3\"><strong>Quelle relation voulons-nous avec notre partenaire europ\u00e9en, principal partenaire \u00e9conomique de notre pays?<\/strong><\/span><\/span><\/p>\n<p><span class=\"c2\"><strong>\u2022<\/strong><\/span> Ou bien l\u2019engagement sans discernement avec une adh\u00e9sion a minima aux options de lib\u00e9ralisation et d\u2019ouverture \u00e0 l\u2019ext\u00e9rieur; sans conviction ni force de mobilisation de l\u2019opinion publique ;<\/p>\n<p><span class=\"c2\"><strong>\u2022<\/strong><\/span> Ou bien le refus id\u00e9ologique cat\u00e9gorique !<\/p>\n<p>Entre les exigences de r\u00e9formes \u00e9conomiques douloureuses d\u2019inspiration lib\u00e9rale de nos partenaires, \u00e0 leur t\u00eate l\u2019Union europ\u00e9enne, et le risque d\u2019accentuer l\u2019exclusion d\u2019une partie importante de la population, tous les gouvernements ont tergivers\u00e9 et report\u00e9 ces pr\u00e9tendues r\u00e9formes aboutissant de facto \u00e0 un maintien du statu quo social et prot\u00e9geant les int\u00e9r\u00eats acquis au lieu d\u2019engager une politique qui favorise la mobilit\u00e9 des facteurs.<\/p>\n<p><span class=\"c4\"><span class=\"c3\"><strong>I) Pensez-vous que la d\u00e9mocratie demeure la v\u00e9ritable voie d\u2019avenir et \u00e0 quelles conditions?<\/strong><\/span><\/span><\/p>\n<p>Pour que la d\u00e9mocratie soit une voie d\u2019avenir : \u00abdemocracy is good but it has to deliver ; \u00abParce que la d\u00e9mocratie est une condition n\u00e9cessaire du d\u00e9veloppement \u00e9conomique, qui \u00e9tait la revendication essentielle des jeunes sortis en janvier 20111.<br \/>Notre transition d\u00e9mocratique nous impose d\u2019accompagner la transition \u00e9conomique par une lutte contre les in\u00e9galit\u00e9s\u00a0 qui risquent de saper le tissu social.<\/p>\n<p>Les conditions de r\u00e9ussite : engendrer la croissance et transformer la croissance en d\u00e9veloppement,<\/p>\n<p><span class=\"c2\"><strong>\u2022<\/strong><\/span> Des institutions politiques fortes, c\u2019est-\u00e0-dire un \u00c9tat qui d\u00e9cide, qui applique la loi ;<\/p>\n<p><span class=\"c2\"><strong>\u2022<\/strong><\/span> Des entrepreneurs qui investissent,<\/p>\n<p><span class=\"c2\"><strong>\u2022<\/strong><\/span> Des agents politiques et sociaux charg\u00e9s d\u2019une politique de redistribution et de lutte contre toutes in\u00e9galit\u00e9s, in\u00e9galit\u00e9s sociales qui sont le vrai handicap de toute d\u00e9mocratie ou d\u00e9veloppement ;<\/p>\n<p>Notre incapacit\u00e9 \u00e0 reconstruire un syst\u00e8me politique solide qui fonctionne, capable d\u2019appliquer la loi, d\u2019arbitrer entre des int\u00e9r\u00eats de lobbies et groupes aux int\u00e9r\u00eats contradictoires les uns aux autres, de d\u00e9cider de g\u00e9rer les tensions cons\u00e9cutives \u00e0 un mod\u00e8le de d\u00e9veloppement \u00e9tatiste et \u00e9puis\u00e9 nous a entra\u00een\u00e9 dans une spirale de l\u2019\u00e9conomie parall\u00e8le et clandestine, la violence et la corruption.<\/p>\n<p>Par ailleurs, la Tunisie se doit de r\u00e9inventer sa strat\u00e9gie de croissance \u00e9conomique, en lib\u00e9rant les entrepreneurs du carcan bureaucratique, en stimulant l\u2019investissement priv\u00e9 et en n\u00e9gociant au mieux notre ouverture \u00e9conomique et l\u2019in\u00e9vitable accrochage \u00e0 la mondialisation. Notre principal partenaire, l\u2019Union europ\u00e9enne, est pr\u00eat \u00e0 nous appuyer dans cette voie et amender sa proposition de l\u2019accord de libre-\u00e9change complet et approfondi pour autant que l\u2019on d\u00e9cline notre vision et nos priorit\u00e9s.<\/p>\n<p>A noter \u00e9galement que notre incapacit\u00e9 \u00e0 r\u00e9former touche le mod\u00e8le de redistribution et a perdur\u00e9 apr\u00e8s la r\u00e9volution : exemple la Caisse g\u00e9n\u00e9rale de compensation<\/p>\n<p><span class=\"c3\"><span class=\"c4\"><strong>II) \u00cates-vous confiant pour les dix prochaines ann\u00e9es?<\/strong><\/span><\/span><\/p>\n<p>Le pays vit une crise tr\u00e8s grave, la menace d\u2019une catastrophe \u00e9conomique.<\/p>\n<p>Cette crise est n\u00e9e de l\u2019attentisme du syst\u00e8me politique qui a marqu\u00e9 la d\u00e9cennie, de son incapacit\u00e9 \u00e0 impulser les r\u00e9formes difficiles, ou d\u2019arbitrer entre les demandes sociales concurrentes.<\/p>\n<p>Un grand nombre de Tunisiens n\u2019ont plus confiance dans les pouvoirs publics pour garantir leur situation et leur avenir, mettant en cause m\u00eame cette transition d\u00e9mocratique.<\/p>\n<p><span class=\"c4\"><span class=\"c3\"><strong>Quid de l\u2019avenir, des perspectives sur les dix ann\u00e9es \u00e0 venir?<\/strong><\/span><\/span><\/p>\n<p>Ni pessimiste, ni optimiste mais r\u00e9aliste, l\u2019avenir d\u00e9pend de nous, de notre capacit\u00e9 \u00e0 nous remettre en cause, \u00e0 d\u00e9finir ensemble un projet qui f\u00e9d\u00e8re les composantes du spectre politique et \u00e0 mobiliser les acteurs pour sa r\u00e9alisation, leadership et \u0153uvre collective \u2026<\/p>\n<p>A court terme, la situation est critique tant sur le plan interne qu\u2019externe (crise \u00e9conomique doubl\u00e9e d\u2019une crise sanitaire), il faut sauver la transition d\u2019un nouvel \u00e9chec qui serait fatal.<\/p>\n<p>Profitons des retomb\u00e9es de cette d\u00e9cennie qui a vu des \u00e9lites de tout le spectre politique \u00eatre associ\u00e9es \u00e0 l\u2019exercice du pouvoir et de ses contraintes pour mettre plus de r\u00e9alisme dans leur th\u00e8se, et comprendre l\u2019inanit\u00e9 du populisme, v\u00e9ritable maladie de la d\u00e9mocratie ;<\/p>\n<p>C\u2019est \u00e0 partir d\u2019un examen partag\u00e9\u00a0 par l\u2019ensemble des acteurs politiques, de nos forces et faiblesses internes, examen \u00e9tendu \u00e0 la reconnaissance de notre environnement g\u00e9ostrat\u00e9gique, des lourdes mutations en cours dans le monde, en termes de menaces qu\u2019elles rec\u00e8lent\u00a0 et des opportunit\u00e9s qu\u2019elles offrent aussi bien \u00e0\u00a0 l\u2019international\u00a0 qu\u2019au niveau r\u00e9gional, avec ses multiples dimensions, maghr\u00e9bine, m\u00e9diterran\u00e9enne, arabe et africaine, que nous devrons r\u00e9inventer le PROJET de la NATION,\u00a0 un projet du vivre-ensemble dans la diversit\u00e9, sans exclusion, et dans le respect des libert\u00e9s individuelles.<\/p>\n<p>D\u00e9montrant ainsi notre capacit\u00e9 \u00e0 nous ressaisir, \u00e0 serrer les rangs par temps de crise, et \u00e0 rebondir, nous ferions preuve de maturit\u00e9 et de cr\u00e9dibilit\u00e9 pour remobiliser notre partenaire europ\u00e9en, travers\u00e9 par le doute, sur les enjeux que porte le projet tunisien, en termes de valeurs d\u00e9mocratiques et de progr\u00e8s social, valeurs au c\u0153ur\u00a0 de l\u2019ADN du projet europ\u00e9en.<\/p>\n<p>Il y va de sa s\u00e9curit\u00e9 et sa stabilit\u00e9, dans une r\u00e9gion porteuse de tous les risques !<\/p>\n<p><span class=\"c4\"><span class=\"c3\"><strong>Quelles sont les voies qui s\u2019offrent \u00e0 nous?<\/strong><\/span><\/span><\/p>\n<p>Entre une restauration souhait\u00e9e par les uns mais porteuse de risques pour les libert\u00e9s, et la d\u00e9sinstitutionalisation larv\u00e9e en cours de l\u2019\u00c9tat, il y a une voie m\u00e9diane passante qui capitalise sur les acquis de cette d\u00e9cennie d\u2019apprentissage d\u00e9mocratique, qui capitalise sur cette soif de modernit\u00e9 exprim\u00e9e par la soci\u00e9t\u00e9 tunisienne avec ses jeunes et ses femmes r\u00e9solus \u00e0 aller de l\u2019avant, qui capitalise sur l\u2019int\u00e9r\u00eat strat\u00e9gique bien compris de nos partenaires \u00e0 l\u2019international.<\/p>\n<p>Pour ce faire nous avons besoin :<\/p>\n<p><span class=\"c2\"><strong>\u2022<\/strong><\/span> De leadership f\u00e9d\u00e9rateur pour rassemble les bonnes volont\u00e9s,\u00a0 d\u00e9passer les inimiti\u00e9s et les conflits partisans, conflits qui ont min\u00e9 la transition!<\/p>\n<p>Il faut rappeler que la d\u00e9cennie n\u2019a pas permis de purger le tr\u00e8s n\u00e9gatif solde psychologique accumul\u00e9, cons\u00e9cutif aux multiples frustrations contenues, aux ranc\u0153urs tues pendant des d\u00e9cennies et qui ont explos\u00e9 brusquement entre d\u00e9cembre 2010 et janvier 2011.<\/p>\n<p>La catharsis g\u00e9n\u00e9rale qui s\u2019en est suivie n\u2019a malheureusement pas abouti \u00e0 une r\u00e9conciliation qui reste imp\u00e9rative<\/p>\n<p>Une d\u00e9cennie perdue \u00e0 purger ce solde, les yeux riv\u00e9s sur le pass\u00e9 sans se soucier de l\u2019avenir commun.<\/p>\n<p>Nous avons besoin\u2022 de leadership f\u00e9d\u00e9rateur\u00a0 qui r\u00e9tablisse la confiance \u00e9branl\u00e9e en l\u2019Etat pour engager les r\u00e9formes \u00e9conomiques imp\u00e9ratives \u00e0 la reprise de la croissance qu\u2019aucun gouvernement n\u2019a voulu prendre, craignant le risque d\u2019impopularit\u00e9.<\/p>\n<p>Nous avons besoin<\/p>\n<p><span class=\"c2\"><strong>\u2022<\/strong><\/span> de leadership f\u00e9d\u00e9rateur pour r\u00e9pondre aux exigences d\u2019une d\u00e9mocratie que sont la citoyennet\u00e9, la repr\u00e9sentativit\u00e9 et le respect des libert\u00e9s individuelles;<\/p>\n<p>Ni optimiste ni pessimiste mais r\u00e9aliste ; la sortie de la crise subie par le pays, crise d\u2019essence \u00e9conomique remontant \u00e0 plus d\u2019une d\u00e9cennie doubl\u00e9e d\u2019une crise sanitaire mondiale hors normes, qui a mis \u00e0 genoux les \u00e9conomies de nos principaux partenaires \u00e9conomiques, ne plaide pas en faveur d\u2019un optimisme b\u00e9at.<\/p>\n<p>Nous devons faire des choix \u00e0 l\u2019issue d\u2019un d\u00e9bat serein et assagi sur l\u2019imp\u00e9ratif d\u2019un projet national autour d\u2019un \u00c9tat d\u00e9mocratique qui se caract\u00e9rise pat des institutions politiques fortes, une \u00e9conomie qui fonctionne sur la base d\u2019une entreprise lib\u00e9r\u00e9e du carcan administratif, qui reprend confiance et investit, et un syst\u00e8me de redistribution efficace.<\/p>\n<p>Puisse le nouveau dialogue national, appel\u00e9 par tous, y r\u00e9pondre.<\/p>\n<p class=\"c5\"><span class=\"c2\"><strong>Tunisie, Dix ans et dans Dix ans<\/strong><\/span><br \/><em>Ouvrage collectif sous la direction de Taoufik Habaieb<\/em><br \/>Editions Leaders, janvier 2021, 240 pages, 25 DT<\/p>\n<p class=\"c5\"><span class=\"c7\"><a href=\"http:\/\/www.leadersbooks.com.tn\"><span class=\"c6\">www.leadersbooks.com.tn<\/span><\/a><\/span><\/p>\n<p class=\"c9\"><strong>Ridha Ben Mosbah<\/strong><br \/><span class=\"c8\"><em>Ing\u00e9nieur des mines, ancien ministre, ancien ambassadeur<\/em><\/span><\/p>\n<p class=\"c5\"><strong>Lire aussi:<\/strong><\/p>\n<p><a href=\"https:\/\/www.leaders.com.tn\/article\/31218-mustapha-ben-jaafar-est-ce-l-heure-du-sursaut\" target=\"_blank\" rel=\"noopener\">Mustapha Ben Jaafar: Est-ce l\u2019heure du sursaut ?<\/a><\/p>\n<p><a href=\"https:\/\/www.leaders.com.tn\/article\/31221-yassine-brahim-plusieurs-batailles-sont-a-mener\" target=\"_blank\" rel=\"noopener\">Yassine Brahim: Plusieurs batailles sont \u00e0 mener&#8230; (Vid\u00e9o)<\/a><\/p>\n<p><a href=\"https:\/\/www.leaders.com.tn\/article\/31220-kamel-jendoubi-le-courage-d-un-peuple\" target=\"_blank\" rel=\"noopener\">Kamel Jendoubi: Le courage d\u2019un peuple<\/a><\/p>\n<p class=\"c5\"><a href=\"https:\/\/www.leaders.com.tn\/article\/31209-yadh-ben-achour-la-revolution-un-rappel-de-memoire\" target=\"_blank\" rel=\"noopener\">Yadh Ben Achour: La r\u00e9volution, un rappel de m\u00e9moire<\/a><\/p>\n<p class=\"c5\"><a href=\"https:\/\/www.leaders.com.tn\/article\/31191-mustapha-kamel-nabli-la-longue-marche-de-la-tunisie-de-l-espoir-fou-vers-le-grand-desespoir\" target=\"_blank\" rel=\"noopener\">Mustapha Kamel Nabli: La longue marche de la Tunisie de l\u2019\u00abespoir fou\u00bb vers le \u00abgrand d\u00e9sespoir\u00bb (Vid\u00e9o)<\/a><\/p>\n<p class=\"c5\"><a href=\"https:\/\/www.leaders.com.tn\/article\/31195-hakim-el-karoui-en-preface-du-livre-tunisie-dix-ans-et-dans-dix-ans-une-tunisie-democratique-libre-et-toujours-debout\" target=\"_blank\" rel=\"noopener\">Hakim El Karoui, en pr\u00e9face du livre Tunisie, Dix ans et dans Dix ans : Une Tunisie d\u00e9mocratique, libre et toujours debout<\/a><\/p>\n<p class=\"c5\"><a href=\"https:\/\/www.leaders.com.tn\/article\/31190-tunisie-2011-2021-ce-qu-il-faut-retenir-et-ce-qu-il-faut-batir-une-serie-d-interviews-video-et-un-ouvrage-collectif\" target=\"_blank\" rel=\"noopener\">Tunisie 2011 \u2013 2021 : Ce qu\u2019il faut retenir et ce qu\u2019il faut b\u00e2tir : une s\u00e9rie d\u2019interviews vid\u00e9o et un ouvrage collectif<\/a><\/p>\n<p class=\"c5\"><a href=\"https:\/\/www.leaders.com.tn\/article\/31189-mustapha-kamel-nabli-une-etroite-voie-de-sortie-existe-a-condition-video\" target=\"_blank\" rel=\"noopener\">Mustapha Kamel Nabli : Une \u00e9troite voie de sortie existe, \u00e0 condition &#8230; (Vid\u00e9o)<\/a><\/p>\n<p>Auteur:<br \/>\n<a href=\"https:\/\/www.leaders.com.tn\/article\/31226-ridha-ben-mosbah-sauver-la-transition-d-un-nouvel-echec-qui-serait-fatal\">Cliquez ici pour lire l&rsquo;article depuis sa source.<\/a><\/p>\n","protected":false},"excerpt":{"rendered":"<p>Par Ridha Ben Mosbah. Ing\u00e9nieur des mines, ancien ministre, ancien ambassadeur Que retenez-vous le plus de ces dix derni\u00e8res ann\u00e9es ? D\u2019abord un flashback rapide sur ces dix derni\u00e8res ann\u00e9es : \u2022 2011: l\u2019ann\u00e9e de tous les espoirs, \u2022 2012: l\u2019euphorie fait place \u00e0 l\u2019anxi\u00e9t\u00e9, l\u2019ann\u00e9e de l\u2019inqui\u00e9tude, \u2022 2013: l\u2019ann\u00e9e de tous les dangers, [&hellip;]<\/p>\n","protected":false},"author":1772,"featured_media":0,"comment_status":"closed","ping_status":"closed","sticky":false,"template":"","format":"standard","meta":{"fifu_image_url":"\/uploads\/FCK_files\/Couv-Dix-ans__.jpg","fifu_image_alt":"Ridha Ben Mosbah: Sauver la transition d\u2019un nouvel \u00e9chec qui serait fatal","footnotes":""},"categories":[73,55],"tags":[],"class_list":["post-109018","post","type-post","status-publish","format-standard","hentry","category-actualite","category-tunisie"],"_links":{"self":[{"href":"https:\/\/linitiative.ca\/International\/wp-json\/wp\/v2\/posts\/109018","targetHints":{"allow":["GET"]}}],"collection":[{"href":"https:\/\/linitiative.ca\/International\/wp-json\/wp\/v2\/posts"}],"about":[{"href":"https:\/\/linitiative.ca\/International\/wp-json\/wp\/v2\/types\/post"}],"author":[{"embeddable":true,"href":"https:\/\/linitiative.ca\/International\/wp-json\/wp\/v2\/users\/1772"}],"replies":[{"embeddable":true,"href":"https:\/\/linitiative.ca\/International\/wp-json\/wp\/v2\/comments?post=109018"}],"version-history":[{"count":0,"href":"https:\/\/linitiative.ca\/International\/wp-json\/wp\/v2\/posts\/109018\/revisions"}],"wp:attachment":[{"href":"https:\/\/linitiative.ca\/International\/wp-json\/wp\/v2\/media?parent=109018"}],"wp:term":[{"taxonomy":"category","embeddable":true,"href":"https:\/\/linitiative.ca\/International\/wp-json\/wp\/v2\/categories?post=109018"},{"taxonomy":"post_tag","embeddable":true,"href":"https:\/\/linitiative.ca\/International\/wp-json\/wp\/v2\/tags?post=109018"}],"curies":[{"name":"wp","href":"https:\/\/api.w.org\/{rel}","templated":true}]}}