{"id":109028,"date":"2021-01-10T04:39:20","date_gmt":"2021-01-10T09:39:20","guid":{"rendered":"https:\/\/linitiative.ca\/International\/covid-19-les-mesures-preventives-prolongees-dune-semaine-a-agadir\/"},"modified":"2021-01-10T04:39:20","modified_gmt":"2021-01-10T09:39:20","slug":"covid-19-les-mesures-preventives-prolongees-dune-semaine-a-agadir","status":"publish","type":"post","link":"https:\/\/linitiative.ca\/International\/covid-19-les-mesures-preventives-prolongees-dune-semaine-a-agadir\/","title":{"rendered":"Covid-19 : les mesures pr\u00e9ventives prolong\u00e9es d\u2019une semaine \u00e0 Agadir"},"content":{"rendered":"<p><strong>Face \u00e0 la persistance de la hausse en nombre de cas infect\u00e9s,\u00a0<\/strong><strong>les<\/strong> <strong>mesures pr\u00e9ventives pour lutter contre la propagation du Covid-19 sont maintenues pour une semaine \u00e0 Agadir.<\/strong><\/p>\n<div class=\"c10\"\/>\n<p><strong>\u00a0<\/strong>Les autorit\u00e9s locales de la pr\u00e9fecture d\u2019Agadir Ida-Outanane ont annonc\u00e9 hier, samedi 9 janvier 2021 la prorogation d\u2019une semaine de la mise en \u0153uvre des mesures d\u00e9cid\u00e9es pour pr\u00e9venir la propagation du nouveau coronavirus.\u00a0 Cette d\u00e9cision, qui entrera en vigueur dimanche 10 janvier \u00e0 21h00, intervient suite aux conclusions des autorit\u00e9s locales, suite \u00e0 leurs op\u00e9rations de suivi de l\u2019\u00e9volution de la situation \u00e9pid\u00e9miologique \u00e0 Agadir Ida-Outanane, un constat ayant \u00e9t\u00e9 fait d\u2019une hausse des cas de contamination, explique un communiqu\u00e9 du comit\u00e9 pr\u00e9fectoral de veille de la situation \u00e9pid\u00e9miologique.<\/p>\n<p><strong>Lire aussi|<a href=\"https:\/\/www.challenge.ma\/promotion-a-titre-posthume-dun-brigadier-de-police-decede-dans-lexercice-de-ses-fonctions-171515\/\">Promotion \u00e0 titre posthume d\u2019un brigadier de police d\u00e9c\u00e9d\u00e9 dans l\u2019exercice de ses fonctions<\/a><\/strong><\/p>\n<p>Le comit\u00e9 avait remarqu\u00e9 la persistance de la hausse en nombre de cas infect\u00e9s, ayant d\u00e9pass\u00e9 le seuil national (plus de 50 cas pour chaque 100.000 d\u2019habitants), poursuit le communiqu\u00e9.\u00a0 Les autorit\u00e9s locales appellent en cons\u00e9quence la population \u00e0 une adh\u00e9sion citoyenne \u00e0 ces mesures pr\u00e9ventives.<\/p>\n<p><strong>Lire aussi|<a href=\"https:\/\/www.challenge.ma\/khalid-ait-taleb-les-preparatifs-vont-bon-train-pour-le-lancement-de-la-campagne-de-vaccination-anti-covid-19-171494\/\">Khalid Ait Taleb : les pr\u00e9paratifs vont bon train pour le lancement de la campagne de vaccination anti-Covid-19<\/a><\/strong><\/p>\n<p>Auteur: challenge<br \/>\n<a href=\"https:\/\/www.challenge.ma\/covid-19-les-mesures-preventives-prolongees-dune-semaine-a-agadir-171520\/\">Cliquez ici pour lire l&rsquo;article depuis sa source.<\/a><\/p>\n","protected":false},"excerpt":{"rendered":"<p>Face \u00e0 la persistance de la hausse en nombre de cas infect\u00e9s,\u00a0les mesures pr\u00e9ventives pour lutter contre la propagation du Covid-19 sont maintenues pour une semaine \u00e0 Agadir. \u00a0Les autorit\u00e9s locales de la pr\u00e9fecture d\u2019Agadir Ida-Outanane ont annonc\u00e9 hier, samedi 9 janvier 2021 la prorogation d\u2019une semaine de la mise en \u0153uvre des mesures d\u00e9cid\u00e9es [&hellip;]<\/p>\n","protected":false},"author":1787,"featured_media":0,"comment_status":"closed","ping_status":"closed","sticky":false,"template":"","format":"standard","meta":{"fifu_image_url":"","fifu_image_alt":"","footnotes":""},"categories":[78,54],"tags":[],"class_list":["post-109028","post","type-post","status-publish","format-standard","hentry","category-economie","category-maroc"],"_links":{"self":[{"href":"https:\/\/linitiative.ca\/International\/wp-json\/wp\/v2\/posts\/109028","targetHints":{"allow":["GET"]}}],"collection":[{"href":"https:\/\/linitiative.ca\/International\/wp-json\/wp\/v2\/posts"}],"about":[{"href":"https:\/\/linitiative.ca\/International\/wp-json\/wp\/v2\/types\/post"}],"author":[{"embeddable":true,"href":"https:\/\/linitiative.ca\/International\/wp-json\/wp\/v2\/users\/1787"}],"replies":[{"embeddable":true,"href":"https:\/\/linitiative.ca\/International\/wp-json\/wp\/v2\/comments?post=109028"}],"version-history":[{"count":0,"href":"https:\/\/linitiative.ca\/International\/wp-json\/wp\/v2\/posts\/109028\/revisions"}],"wp:attachment":[{"href":"https:\/\/linitiative.ca\/International\/wp-json\/wp\/v2\/media?parent=109028"}],"wp:term":[{"taxonomy":"category","embeddable":true,"href":"https:\/\/linitiative.ca\/International\/wp-json\/wp\/v2\/categories?post=109028"},{"taxonomy":"post_tag","embeddable":true,"href":"https:\/\/linitiative.ca\/International\/wp-json\/wp\/v2\/tags?post=109028"}],"curies":[{"name":"wp","href":"https:\/\/api.w.org\/{rel}","templated":true}]}}