{"id":109030,"date":"2021-01-10T09:09:27","date_gmt":"2021-01-10T14:09:27","guid":{"rendered":"https:\/\/linitiative.ca\/International\/dakhla-une-delegation-americaine-de-haut-niveau-visite-les-locaux-du-futur-consulat-general-us-diaporama\/"},"modified":"2021-01-10T09:09:27","modified_gmt":"2021-01-10T14:09:27","slug":"dakhla-une-delegation-americaine-de-haut-niveau-visite-les-locaux-du-futur-consulat-general-us-diaporama","status":"publish","type":"post","link":"https:\/\/linitiative.ca\/International\/dakhla-une-delegation-americaine-de-haut-niveau-visite-les-locaux-du-futur-consulat-general-us-diaporama\/","title":{"rendered":"Dakhla : une d\u00e9l\u00e9gation am\u00e9ricaine de haut niveau visite les locaux du futur consulat g\u00e9n\u00e9ral US [Diaporama]"},"content":{"rendered":"<p><strong>Une d\u00e9l\u00e9gation am\u00e9ricaine de haut niveau, conduite par le secr\u00e9taire d\u2019Etat adjoint am\u00e9ricain en charge des questions du Proche-Orient et de l\u2019Afrique du Nord, David Schenker, a visit\u00e9 les locaux du futur Consulat g\u00e9n\u00e9ral des Etats-Unis d\u2019Am\u00e9rique \u00e0 Dakhla.<\/strong><\/p>\n<div class=\"c10\"\/>\n<p>La d\u00e9l\u00e9gation am\u00e9ricaine, accompagn\u00e9e du ministre des Affaires \u00e9trang\u00e8res, de la Coop\u00e9ration africaine et des Marocains r\u00e9sidant \u00e0 l\u2019\u00e9tranger, Nasser Bourita et de l\u2019ambassadeur des \u00c9tats-Unis \u00e0 Rabat, David Fischer, a effectu\u00e9 une tourn\u00e9e \u00e0 travers les diff\u00e9rentes d\u00e9pendances de cette future repr\u00e9sentation diplomatique US. Ont notamment \u00e9t\u00e9 pr\u00e9sents lors de cette visite, le wali de la r\u00e9gion Dakhla-Oued Eddahab, gouverneur de la province d\u2019Oued Eddahab, Lamine Benomar et les pr\u00e9sidents des conseils \u00e9lus. Le sous-secr\u00e9taire d\u2019\u00c9tat am\u00e9ricain en charge des questions du Proche-Orient et de l\u2019Afrique du Nord \u00e9tait arriv\u00e9 samedi apr\u00e8s-midi \u00e0 Dakhla, deuxi\u00e8me \u00e9tape d\u2019une tourn\u00e9e qu\u2019il effectue au Sahara marocain apr\u00e8s celle de La\u00e2youne.<\/p>\n<p><strong>Lire aussi | <a rel=\"noreferrer noopener\" href=\"https:\/\/www.challenge.ma\/les-grands-chantiers-de-2021-171415\/\" target=\"_blank\">Les grands chantiers de 2021<\/a><\/strong><\/p>\n<p>Le d\u00e9placement \u00e0 Dakhla de cette d\u00e9l\u00e9gation am\u00e9ricaine de haut niveau est l\u2019un des fruits de l\u2019entretien t\u00e9l\u00e9phonique, le 10 d\u00e9cembre dernier, entre S.M. le Roi Mohammed VI et le pr\u00e9sident am\u00e9ricain Donald Trump qui avait annonc\u00e9 la promulgation d\u2019un d\u00e9cret pr\u00e9sidentiel, avec ce que cet acte comporte comme force juridique et politique ind\u00e9niable et \u00e0 effet imm\u00e9diat, portant sur la d\u00e9cision des Etats-Unis d\u2019Am\u00e9rique de reconna\u00eetre, pour la premi\u00e8re fois de leur histoire, la pleine souverainet\u00e9 du Royaume du Maroc sur l\u2019ensemble de la r\u00e9gion du Sahara marocain. Dans ce cadre et \u00e0 titre de premi\u00e8re concr\u00e9tisation de leur initiative souveraine de haute importance, les Etats-Unis d\u2019Am\u00e9rique ont d\u00e9cid\u00e9 l\u2019ouverture d\u2019un consulat \u00e0 Dakhla \u00e0 vocation essentiellement \u00e9conomique, en vue d\u2019encourager les investissements am\u00e9ricains et de contribuer au d\u00e9veloppement \u00e9conomique et social, au profit notamment des habitants des provinces du Sud.<\/p>\n<div class=\"wp-block-embed__wrapper\"><iframe loading=\"lazy\" title=\"Myths and Realities: Understand the Sahara Issue\" width=\"1140\" height=\"641\" src=\"https:\/\/www.youtube.com\/embed\/dhzBD6LQZK0?feature=oembed\" frameborder=\"0\" allow=\"accelerometer; autoplay; clipboard-write; encrypted-media; gyroscope; picture-in-picture\" allowfullscreen=\"\">[embedded content]<\/iframe><\/div>\n<p><strong>Avec MAP<\/strong><\/p>\n<p>Auteur: challenge<br \/>\n<a href=\"https:\/\/www.challenge.ma\/dakhla-une-delegation-americaine-de-haut-niveau-visite-les-locaux-du-futur-consulat-general-us-171535\/\">Cliquez ici pour lire l&rsquo;article depuis sa source.<\/a><\/p>\n","protected":false},"excerpt":{"rendered":"<p>Une d\u00e9l\u00e9gation am\u00e9ricaine de haut niveau, conduite par le secr\u00e9taire d\u2019Etat adjoint am\u00e9ricain en charge des questions du Proche-Orient et de l\u2019Afrique du Nord, David Schenker, a visit\u00e9 les locaux du futur Consulat g\u00e9n\u00e9ral des Etats-Unis d\u2019Am\u00e9rique \u00e0 Dakhla. La d\u00e9l\u00e9gation am\u00e9ricaine, accompagn\u00e9e du ministre des Affaires \u00e9trang\u00e8res, de la Coop\u00e9ration africaine et des Marocains [&hellip;]<\/p>\n","protected":false},"author":1787,"featured_media":0,"comment_status":"closed","ping_status":"closed","sticky":false,"template":"","format":"standard","meta":{"fifu_image_url":"","fifu_image_alt":"","footnotes":""},"categories":[78,54],"tags":[],"class_list":["post-109030","post","type-post","status-publish","format-standard","hentry","category-economie","category-maroc"],"_links":{"self":[{"href":"https:\/\/linitiative.ca\/International\/wp-json\/wp\/v2\/posts\/109030","targetHints":{"allow":["GET"]}}],"collection":[{"href":"https:\/\/linitiative.ca\/International\/wp-json\/wp\/v2\/posts"}],"about":[{"href":"https:\/\/linitiative.ca\/International\/wp-json\/wp\/v2\/types\/post"}],"author":[{"embeddable":true,"href":"https:\/\/linitiative.ca\/International\/wp-json\/wp\/v2\/users\/1787"}],"replies":[{"embeddable":true,"href":"https:\/\/linitiative.ca\/International\/wp-json\/wp\/v2\/comments?post=109030"}],"version-history":[{"count":0,"href":"https:\/\/linitiative.ca\/International\/wp-json\/wp\/v2\/posts\/109030\/revisions"}],"wp:attachment":[{"href":"https:\/\/linitiative.ca\/International\/wp-json\/wp\/v2\/media?parent=109030"}],"wp:term":[{"taxonomy":"category","embeddable":true,"href":"https:\/\/linitiative.ca\/International\/wp-json\/wp\/v2\/categories?post=109030"},{"taxonomy":"post_tag","embeddable":true,"href":"https:\/\/linitiative.ca\/International\/wp-json\/wp\/v2\/tags?post=109030"}],"curies":[{"name":"wp","href":"https:\/\/api.w.org\/{rel}","templated":true}]}}