{"id":109034,"date":"2021-01-10T16:01:44","date_gmt":"2021-01-10T21:01:44","guid":{"rendered":"https:\/\/linitiative.ca\/International\/tunisie-audio-un-confinement-general-de-20-jours-est-devenu-imperatif-a-sfax\/"},"modified":"2021-01-10T16:01:44","modified_gmt":"2021-01-10T21:01:44","slug":"tunisie-audio-un-confinement-general-de-20-jours-est-devenu-imperatif-a-sfax","status":"publish","type":"post","link":"https:\/\/linitiative.ca\/International\/tunisie-audio-un-confinement-general-de-20-jours-est-devenu-imperatif-a-sfax\/","title":{"rendered":"Tunisie \u2013 AUDIO\u00a0: Un confinement g\u00e9n\u00e9ral de 20 jours est devenu imp\u00e9ratif \u00e0 Sfax"},"content":{"rendered":"<div class=\"post-cont-in left relative\">\n<div id=\"post-info-wrap\" class=\"left relative post-info-out\">\n<div class=\"post-info-img left relative\"><img loading=\"lazy\" decoding=\"async\" alt=\"\" src=\"https:\/\/secure.gravatar.com\/avatar\/047123be9d5e8513774383916ee72db2?s=50&amp;d=mm&amp;r=g\" srcset=\"https:\/\/secure.gravatar.com\/avatar\/047123be9d5e8513774383916ee72db2?s=100&amp;d=mm&amp;r=g 2x\" class=\"avatar avatar-50 photo\" height=\"50\" width=\"50\"\/><\/div>\n<div class=\"post-info-in\">\n<div class=\"post-info-right left relative post-info-name left relative\"><span><span class=\"post-info-text\">Par<\/span> <span class=\"author-name vcard fn author\"><a href=\"https:\/\/www.tunisienumerique.com\/author\/lm\/\" title=\"Articles par LM\" rel=\"author\">LM<\/a><\/span><\/span> <span class=\"post-date updated\"><time class=\"post-date updated\" datetime=\"2021-01-10\">\u00a0| Il y a 1 heure<\/time><\/span><\/div>\n<div class=\"left relative\"><button id=\"listenButton1\" class=\"responsivevoice-button\" type=\"button\" value=\"Play\" title=\"&#xC9;coutez l'article\"><span>\ud83d\udd0a \u00c9coutez l&rsquo;article<\/span><\/button> <\/div>\n<\/div>\n<\/div>\n<p>Le m\u00e9decin Lilia Masmoudi, exer\u00e7ant \u00e0 Sfax, a confi\u00e9 \u00e0 TunisieNumerique que la situation \u00e9pid\u00e9miologique y est devenue tr\u00e8s grave.<\/p>\n<div class=\"code-block code-block-1 c4\"><ins class=\"adsbygoogle c3\" data-ad-layout=\"in-article\" data-ad-format=\"fluid\" data-ad-client=\"ca-pub-2102118777505746\" data-ad-slot=\"7301775417\"\/> <\/div>\n<p>Elle a ajout\u00e9 que les m\u00e9decins en sont r\u00e9duits, en ce moment, \u00e0 choisir qui faire admettre en r\u00e9animation, et qui abandonner \u00e0 son sort.<\/p>\n<p>Le Dr Masmoudi a assur\u00e9 qu\u2019il est obligatoire de d\u00e9cr\u00e9ter le confinement g\u00e9n\u00e9ral dans les r\u00e9gions qui connaissent une grande diss\u00e9mination du virus, comme Sfax, Gabes ou M\u00e9denine. Elle a pr\u00e9cis\u00e9 que le confinement devrait durer, au moins, 20 jours, pour pouvoir casser la spirale des contaminations.<\/p>\n<p>Elle a, n\u00e9anmoins, reconnu que le confinement g\u00e9n\u00e9ral dans tout le pays est tr\u00e8s difficile, voire impossible \u00e0 r\u00e9aliser, vu ses retomb\u00e9es financi\u00e8res et \u00e9conomiques.<\/p>\n<p><a href=\"https:\/\/www.tunisienumerique.com\/wp-content\/uploads\/2021\/01\/Dr-Masmoudi.mp3\">https:\/\/www.tunisienumerique.com\/wp-content\/uploads\/2021\/01\/Dr-Masmoudi.mp3<\/a><\/p>\n<div class=\"swp_social_panel swp_horizontal_panel swp_flat_fresh swp_default_full_color swp_individual_full_color swp_other_full_color scale-100 scale-\" data-min-width=\"1100\" data-float-color=\"#ffffff\" data-float=\"bottom\" data-float-mobile=\"bottom\" data-transition=\"slide\">\n<div class=\"nc_tweetContainer swp_share_button total_shares total_sharesalt\"><span class=\"swp_count\">39 <span class=\"swp_label\">Partages<\/span><\/span><\/div>\n<\/div>\n<p><strong>Que se passe-t-il en Tunisie?<\/strong><br \/>Nous expliquons sur notre <a href=\"https:\/\/www.youtube.com\/channel\/UCRzypVq0B_yBad5eGrwBx0Q?sub_confirmation=1\" target=\"_blank\" rel=\"noopener\">cha\u00eene YouTube<\/a> . <a href=\"https:\/\/www.youtube.com\/channel\/UCRzypVq0B_yBad5eGrwBx0Q?sub_confirmation=1\" target=\"_blank\" rel=\"noopener\">Abonnez-vous!<\/a><\/p>\n<div class=\"mvp-org-wrap mvp-org-logo\" itemprop=\"publisher\"><img decoding=\"async\" src=\"https:\/\/www.tunisienumerique.com\/wp-content\/uploads\/2017\/02\/logo_tunisie_numerique.png\"\/><\/div>\n<div class=\"mvp-related-posts left relative\">\n<h4 class=\"post-header\"><span class=\"post-header\">Lire aussi<\/span><\/h4>\n<\/div>\n<div id=\"article-ad\"><ins class=\"adsbygoogle c5\" data-ad-client=\"ca-pub-2102118777505746\" data-ad-slot=\"6513972734\" data-ad-format=\"auto\" data-full-width-responsive=\"true\"\/> <\/div>\n<\/div>\n<div id=\"post-sidebar-wrap\"><ins class=\"adsbygoogle c5\" data-ad-client=\"ca-pub-2102118777505746\" data-ad-slot=\"6168283410\" data-ad-format=\"auto\" data-full-width-responsive=\"true\"\/> <\/div>\n<p>Auteur: LM<br \/>\n<a href=\"https:\/\/www.tunisienumerique.com\/tunisie-audio-un-confinement-general-de-20-jours-est-devenu-imperatif-a-sfax\/\">Cliquez ici pour lire l&rsquo;article depuis sa source.<\/a><\/p>\n","protected":false},"excerpt":{"rendered":"<p>Par LM \u00a0| Il y a 1 heure \ud83d\udd0a \u00c9coutez l&rsquo;article Le m\u00e9decin Lilia Masmoudi, exer\u00e7ant \u00e0 Sfax, a confi\u00e9 \u00e0 TunisieNumerique que la situation \u00e9pid\u00e9miologique y est devenue tr\u00e8s grave. Elle a ajout\u00e9 que les m\u00e9decins en sont r\u00e9duits, en ce moment, \u00e0 choisir qui faire admettre en r\u00e9animation, et qui abandonner \u00e0 son [&hellip;]<\/p>\n","protected":false},"author":1789,"featured_media":0,"comment_status":"closed","ping_status":"closed","sticky":false,"template":"","format":"standard","meta":{"fifu_image_url":"https:\/\/secure.gravatar.com\/avatar\/047123be9d5e8513774383916ee72db2?s=50&d=mm&r=g","fifu_image_alt":"Tunisie \u2013 AUDIO\u00a0: Un confinement g\u00e9n\u00e9ral de 20 jours est devenu imp\u00e9ratif \u00e0 Sfax","footnotes":""},"categories":[73,55],"tags":[],"class_list":["post-109034","post","type-post","status-publish","format-standard","hentry","category-actualite","category-tunisie"],"_links":{"self":[{"href":"https:\/\/linitiative.ca\/International\/wp-json\/wp\/v2\/posts\/109034","targetHints":{"allow":["GET"]}}],"collection":[{"href":"https:\/\/linitiative.ca\/International\/wp-json\/wp\/v2\/posts"}],"about":[{"href":"https:\/\/linitiative.ca\/International\/wp-json\/wp\/v2\/types\/post"}],"author":[{"embeddable":true,"href":"https:\/\/linitiative.ca\/International\/wp-json\/wp\/v2\/users\/1789"}],"replies":[{"embeddable":true,"href":"https:\/\/linitiative.ca\/International\/wp-json\/wp\/v2\/comments?post=109034"}],"version-history":[{"count":0,"href":"https:\/\/linitiative.ca\/International\/wp-json\/wp\/v2\/posts\/109034\/revisions"}],"wp:attachment":[{"href":"https:\/\/linitiative.ca\/International\/wp-json\/wp\/v2\/media?parent=109034"}],"wp:term":[{"taxonomy":"category","embeddable":true,"href":"https:\/\/linitiative.ca\/International\/wp-json\/wp\/v2\/categories?post=109034"},{"taxonomy":"post_tag","embeddable":true,"href":"https:\/\/linitiative.ca\/International\/wp-json\/wp\/v2\/tags?post=109034"}],"curies":[{"name":"wp","href":"https:\/\/api.w.org\/{rel}","templated":true}]}}