{"id":109036,"date":"2021-01-10T16:50:18","date_gmt":"2021-01-10T21:50:18","guid":{"rendered":"https:\/\/linitiative.ca\/International\/coordination-du-sit-in-del-kamour-a-mechichi-ne-sois-pas-comme-tes-predecesseurs\/"},"modified":"2021-01-10T16:50:18","modified_gmt":"2021-01-10T21:50:18","slug":"coordination-du-sit-in-del-kamour-a-mechichi-ne-sois-pas-comme-tes-predecesseurs","status":"publish","type":"post","link":"https:\/\/linitiative.ca\/International\/coordination-du-sit-in-del-kamour-a-mechichi-ne-sois-pas-comme-tes-predecesseurs\/","title":{"rendered":"Coordination du sit-in d\u2019El Kamour \u00e0 Mechichi: \u201cNe sois pas comme tes pr\u00e9d\u00e9cesseurs\u201d"},"content":{"rendered":"<div class=\"post-cont-in left relative\">\n<div id=\"post-info-wrap\" class=\"left relative post-info-out\">\n<div class=\"post-info-img left relative\"><img loading=\"lazy\" decoding=\"async\" alt=\"\" src=\"https:\/\/secure.gravatar.com\/avatar\/ea481d7287ad38ca1787f44b5bb1b70e?s=50&amp;d=mm&amp;r=g\" srcset=\"https:\/\/secure.gravatar.com\/avatar\/ea481d7287ad38ca1787f44b5bb1b70e?s=100&amp;d=mm&amp;r=g 2x\" class=\"avatar avatar-50 photo\" height=\"50\" width=\"50\"\/><\/div>\n<div class=\"post-info-in\">\n<div class=\"post-info-right left relative post-info-name left relative\"><span><span class=\"post-info-text\">Par<\/span> <span class=\"author-name vcard fn author\"><a href=\"https:\/\/www.tunisienumerique.com\/author\/rania-ben-slimane\/\" title=\"Articles par rania ben slimane\" rel=\"author\">rania ben slimane<\/a><\/span><\/span> <span class=\"post-date updated\"><time class=\"post-date updated\" datetime=\"2021-01-10\">\u00a0| Il y a 13 secondes<\/time><\/span><\/div>\n<div class=\"left relative\"><button id=\"listenButton1\" class=\"responsivevoice-button\" type=\"button\" value=\"Play\" title=\"&#xC9;coutez l'article\"><span>\ud83d\udd0a \u00c9coutez l&rsquo;article<\/span><\/button> <\/div>\n<\/div>\n<\/div>\n<p>La Coordination du sit-in d\u2019El Kamour s\u2019est adress\u00e9e dans une lettre ouverte publi\u00e9e sur sa page le 10 janvier 2021, au Chef du gouvernement, Hichem Mechichi, lui demandant de mettre en \u0153uvre l\u2019accord conclu, il y a deux mois.<\/p>\n<div class=\"code-block code-block-1 c4\"><ins class=\"adsbygoogle c3\" data-ad-layout=\"in-article\" data-ad-format=\"fluid\" data-ad-client=\"ca-pub-2102118777505746\" data-ad-slot=\"7301775417\"\/> <\/div>\n<p>Voici le texte de la lettre:<\/p>\n<p>\u00ab<em>Ne sois pas comme tes pr\u00e9d\u00e9cesseurs\u2026 Tu nous as fait une bonne impression au d\u00e9part, et nous tenons encore \u00e0 notre promesse.\u00a0<\/em><\/p>\n<p><em>La promesse est une dette.<\/em><\/p>\n<p><em>Deux mois depuis la signature de l\u2019accord, et la situation n\u2019a pas chang\u00e9 comme nous l\u2019avons convenu.<\/em>\u00a0\u00bb<\/p>\n<p>En effet, l\u2019application de l\u2019accord \u00e9tait pr\u00e9vue apr\u00e8s l\u2019ouverture de la vanna Application imm\u00e9diate imm\u00e9diatement apr\u00e8s l\u2019ouverture de la vanne. Selon la coordination, il stipule les points suivants\u00a0:<\/p>\n<ul>\n<li>La classification de la soci\u00e9t\u00e9 du Jardinage en tant que soci\u00e9t\u00e9 \u00e0 participation publique sous la tutelle du minist\u00e8re de l\u2019Agriculture<\/li>\n<li>L\u2019acc\u00e9l\u00e9ration du paiement des salaires des agents et cadres de la soci\u00e9t\u00e9<\/li>\n<li>Le recrutement de 1000 agents et cadres, pris en charge par les commissions r\u00e9gionales de l\u2019emploi du dossier des recrutements en garantissant la repr\u00e9sentativit\u00e9 de la d\u00e9l\u00e9gation r\u00e9gionale (phase de tri de dossiers en cours)<\/li>\n<li>Le recrutement de 236 agents aux compagnies p\u00e9troli\u00e8res<\/li>\n<li>La cr\u00e9ation de 5 soci\u00e9t\u00e9s par actions publiques dans certains secteurs<\/li>\n<li>La cr\u00e9ation de 1000 projets urgents, par action simplifi\u00e9e<\/li>\n<\/ul>\n<p>La coordination des sit-inneurs a, en outre, indiqu\u00e9 qu\u2019elle attend toujours une action favorable de la part du gouvernement.<\/p>\n<div class=\"swp_social_panel swp_horizontal_panel swp_flat_fresh swp_default_full_color swp_individual_full_color swp_other_full_color scale-100 scale-\" data-min-width=\"1100\" data-float-color=\"#ffffff\" data-float=\"bottom\" data-float-mobile=\"bottom\" data-transition=\"slide\">\n<div class=\"nc_tweetContainer swp_share_button total_shares total_sharesalt\"><span class=\"swp_count\">0 <span class=\"swp_label\">Partages<\/span><\/span><\/div>\n<\/div>\n<p><strong>Que se passe-t-il en Tunisie?<\/strong><br \/>Nous expliquons sur notre <a href=\"https:\/\/www.youtube.com\/channel\/UCRzypVq0B_yBad5eGrwBx0Q?sub_confirmation=1\" target=\"_blank\" rel=\"noopener\">cha\u00eene YouTube<\/a> . <a href=\"https:\/\/www.youtube.com\/channel\/UCRzypVq0B_yBad5eGrwBx0Q?sub_confirmation=1\" target=\"_blank\" rel=\"noopener\">Abonnez-vous!<\/a><\/p>\n<div class=\"mvp-org-wrap mvp-org-logo\" itemprop=\"publisher\"><img decoding=\"async\" src=\"https:\/\/www.tunisienumerique.com\/wp-content\/uploads\/2017\/02\/logo_tunisie_numerique.png\"\/><\/div>\n<div class=\"mvp-related-posts left relative\">\n<h4 class=\"post-header\"><span class=\"post-header\">Lire aussi<\/span><\/h4>\n<\/div>\n<div id=\"article-ad\"><ins class=\"adsbygoogle c5\" data-ad-client=\"ca-pub-2102118777505746\" data-ad-slot=\"6513972734\" data-ad-format=\"auto\" data-full-width-responsive=\"true\"\/> <\/div>\n<\/div>\n<div id=\"post-sidebar-wrap\"><ins class=\"adsbygoogle c5\" data-ad-client=\"ca-pub-2102118777505746\" data-ad-slot=\"6168283410\" data-ad-format=\"auto\" data-full-width-responsive=\"true\"\/> <\/div>\n<p>Auteur: rania ben slimane<br \/>\n<a href=\"https:\/\/www.tunisienumerique.com\/coordination-du-sit-in-del-kamour-a-mechichi-ne-sois-pas-comme-tes-predecesseurs\/\">Cliquez ici pour lire l&rsquo;article depuis sa source.<\/a><\/p>\n","protected":false},"excerpt":{"rendered":"<p>Par rania ben slimane \u00a0| Il y a 13 secondes \ud83d\udd0a \u00c9coutez l&rsquo;article La Coordination du sit-in d\u2019El Kamour s\u2019est adress\u00e9e dans une lettre ouverte publi\u00e9e sur sa page le 10 janvier 2021, au Chef du gouvernement, Hichem Mechichi, lui demandant de mettre en \u0153uvre l\u2019accord conclu, il y a deux mois. Voici le texte [&hellip;]<\/p>\n","protected":false},"author":1789,"featured_media":0,"comment_status":"closed","ping_status":"closed","sticky":false,"template":"","format":"standard","meta":{"fifu_image_url":"https:\/\/secure.gravatar.com\/avatar\/ea481d7287ad38ca1787f44b5bb1b70e?s=50&d=mm&r=g","fifu_image_alt":"Coordination du sit-in d\u2019El Kamour \u00e0 Mechichi: \u201cNe sois pas comme tes pr\u00e9d\u00e9cesseurs\u201d","footnotes":""},"categories":[73,55],"tags":[],"class_list":["post-109036","post","type-post","status-publish","format-standard","hentry","category-actualite","category-tunisie"],"_links":{"self":[{"href":"https:\/\/linitiative.ca\/International\/wp-json\/wp\/v2\/posts\/109036","targetHints":{"allow":["GET"]}}],"collection":[{"href":"https:\/\/linitiative.ca\/International\/wp-json\/wp\/v2\/posts"}],"about":[{"href":"https:\/\/linitiative.ca\/International\/wp-json\/wp\/v2\/types\/post"}],"author":[{"embeddable":true,"href":"https:\/\/linitiative.ca\/International\/wp-json\/wp\/v2\/users\/1789"}],"replies":[{"embeddable":true,"href":"https:\/\/linitiative.ca\/International\/wp-json\/wp\/v2\/comments?post=109036"}],"version-history":[{"count":0,"href":"https:\/\/linitiative.ca\/International\/wp-json\/wp\/v2\/posts\/109036\/revisions"}],"wp:attachment":[{"href":"https:\/\/linitiative.ca\/International\/wp-json\/wp\/v2\/media?parent=109036"}],"wp:term":[{"taxonomy":"category","embeddable":true,"href":"https:\/\/linitiative.ca\/International\/wp-json\/wp\/v2\/categories?post=109036"},{"taxonomy":"post_tag","embeddable":true,"href":"https:\/\/linitiative.ca\/International\/wp-json\/wp\/v2\/tags?post=109036"}],"curies":[{"name":"wp","href":"https:\/\/api.w.org\/{rel}","templated":true}]}}