{"id":109037,"date":"2021-01-10T17:10:48","date_gmt":"2021-01-10T22:10:48","guid":{"rendered":"https:\/\/linitiative.ca\/International\/le-ministre-de-leducation-le-systeme-des-groupes-a-engendre-des-repercussions-negatives-sur-le-niveau-de-leducation\/"},"modified":"2021-01-10T17:10:48","modified_gmt":"2021-01-10T22:10:48","slug":"le-ministre-de-leducation-le-systeme-des-groupes-a-engendre-des-repercussions-negatives-sur-le-niveau-de-leducation","status":"publish","type":"post","link":"https:\/\/linitiative.ca\/International\/le-ministre-de-leducation-le-systeme-des-groupes-a-engendre-des-repercussions-negatives-sur-le-niveau-de-leducation\/","title":{"rendered":"Le ministre de l\u2019\u00c9ducation : \u201cLe syst\u00e8me des groupes a engendr\u00e9 des r\u00e9percussions n\u00e9gatives sur le niveau de l\u2019\u00e9ducation\u201d"},"content":{"rendered":"<div class=\"post-cont-in left relative\">\n<div id=\"post-info-wrap\" class=\"left relative post-info-out\">\n<div class=\"post-info-img left relative\"><img loading=\"lazy\" decoding=\"async\" alt=\"\" src=\"https:\/\/secure.gravatar.com\/avatar\/ea481d7287ad38ca1787f44b5bb1b70e?s=50&amp;d=mm&amp;r=g\" srcset=\"https:\/\/secure.gravatar.com\/avatar\/ea481d7287ad38ca1787f44b5bb1b70e?s=100&amp;d=mm&amp;r=g 2x\" class=\"avatar avatar-50 photo\" height=\"50\" width=\"50\"\/><\/div>\n<div class=\"post-info-in\">\n<div class=\"post-info-right left relative post-info-name left relative\"><span><span class=\"post-info-text\">Par<\/span> <span class=\"author-name vcard fn author\"><a href=\"https:\/\/www.tunisienumerique.com\/author\/rania-ben-slimane\/\" title=\"Articles par rania ben slimane\" rel=\"author\">rania ben slimane<\/a><\/span><\/span> <span class=\"post-date updated\"><time class=\"post-date updated\" datetime=\"2021-01-10\">\u00a0| Il y a 4 minutes<\/time><\/span><\/div>\n<div class=\"left relative\"><button id=\"listenButton1\" class=\"responsivevoice-button\" type=\"button\" value=\"Play\" title=\"&#xC9;coutez l'article\"><span>\ud83d\udd0a \u00c9coutez l&rsquo;article<\/span><\/button> <\/div>\n<\/div>\n<\/div>\n<p>Le minist\u00e8re de l\u2019Education a \u00e9valu\u00e9 le premier trimestre de l\u2019ann\u00e9e scolaire en cours, d\u00e9roul\u00e9 dans un contexte sanitaire difficile. Selon\u00a0 le ministre de l\u2019\u00c9ducation Fethi Sellaouti, les r\u00e9sultats de cette \u00e9valuation ont \u00e9t\u00e9 ensuite pr\u00e9sent\u00e9s \u00e0 son partenaire syndical lors des s\u00e9ances tenues le 5 et 6 janvier 2021 pour en discuter et \u00e9changer des points de vue.<\/p>\n<div class=\"code-block code-block-1 c4\"><ins class=\"adsbygoogle c3\" data-ad-layout=\"in-article\" data-ad-format=\"fluid\" data-ad-client=\"ca-pub-2102118777505746\" data-ad-slot=\"7301775417\"\/> <\/div>\n<p>Sellaouti a pr\u00e9cis\u00e9 que cette \u00e9valuation montrait que le syst\u00e8me d\u2019enseignement par groupes, adopt\u00e9 depuis la rentr\u00e9e scolaire avait un impact n\u00e9gatif sur le niveau p\u00e9dagogique, car il \u00e9tait impossible de terminer le programme scolaire du premier trimestre dans de nombreux \u00e9tablissements \u00e9ducatifs, malgr\u00e9 l\u2019all\u00e8gement de son contenu.<\/p>\n<p>Ajoutant qu\u2019il compte sur les comp\u00e9tences du cadre p\u00e9dagogique et de tous les participants dans ce secteur pour mener \u00e0 bien ce programme.<\/p>\n<p><strong>Corona et l\u2019impact de l\u2019interruption de l\u2019enseignement pendant 7 mois<\/strong><\/p>\n<p>En r\u00e9ponse \u00e0 une question li\u00e9e \u00e0 l\u2019impact de l\u2019interruption de 7 mois de l\u2019enseignement en raison du confinement, il a indiqu\u00e9 qu\u2019en raison de la suspension des \u00e9tudes au cours du troisi\u00e8me trimestre de l\u2019ann\u00e9e scolaire pr\u00e9c\u00e9dente, les \u00e9l\u00e8ves de la premi\u00e8re ann\u00e9e primaire n\u2019ont pas appris 8 lettres de l\u2019alphabet arabe, obligeant les enseignants de la deuxi\u00e8me ann\u00e9e \u00e0 assurer leur apprentissage pendant le premier trimestre de l\u2019ann\u00e9e scolaire en cours.<\/p>\n<p>Il a estim\u00e9 que l\u2019enseignement du contenu scientifique trimestriel en un mois seulement est tr\u00e8s difficile, ce qui a emp\u00each\u00e9 l\u2019ach\u00e8vement des programmes \u00e0 100%, esp\u00e9rant de mener \u00e0 bien les cours du deuxi\u00e8me et du troisi\u00e8me trimestre.<\/p>\n<p>Il a soulign\u00e9 que le partenaire social du minist\u00e8re, repr\u00e9sent\u00e9 par l\u2019Union G\u00e9n\u00e9rale Tunisienne des Travailleurs et ses syndicats affili\u00e9s du secteur de l\u2019\u00e9ducation, avait pr\u00e9sent\u00e9 son point de vue sur l\u2019\u00e9valuation qui lui avait \u00e9t\u00e9 pr\u00e9sent\u00e9e lors des deux sessions pr\u00e9c\u00e9dentes.<\/p>\n<p>L\u2019organisation a exig\u00e9 la tenue de nouvelles r\u00e9unions pour examiner les diff\u00e9rents sc\u00e9narios possibles pour faire face \u00e0 l\u2019\u00e9volution de la situation \u00e9pid\u00e9miologique dans le pays, dont le sc\u00e9nario de suspension de l\u2019enseignement.<\/p>\n<p>Dans ce cas de figure, il est n\u00e9cessaire de trouver des solutions pour \u00e9viter la p\u00e9nurie en termes de formation et de niveau d\u2019instruction des \u00e9l\u00e8ves ainsi que d\u2019approuver des moyens alternatifs pour poursuivre le processus \u00e9ducatif, y compris la chaine t\u00e9l\u00e9vis\u00e9e \u00e9ducative.<\/p>\n<div class=\"swp_social_panel swp_horizontal_panel swp_flat_fresh swp_default_full_color swp_individual_full_color swp_other_full_color scale-100 scale-\" data-min-width=\"1100\" data-float-color=\"#ffffff\" data-float=\"bottom\" data-float-mobile=\"bottom\" data-transition=\"slide\">\n<div class=\"nc_tweetContainer swp_share_button total_shares total_sharesalt\"><span class=\"swp_count\">1 <span class=\"swp_label\">Partages<\/span><\/span><\/div>\n<\/div>\n<p><strong>Que se passe-t-il en Tunisie?<\/strong><br \/>Nous expliquons sur notre <a href=\"https:\/\/www.youtube.com\/channel\/UCRzypVq0B_yBad5eGrwBx0Q?sub_confirmation=1\" target=\"_blank\" rel=\"noopener\">cha\u00eene YouTube<\/a> . <a href=\"https:\/\/www.youtube.com\/channel\/UCRzypVq0B_yBad5eGrwBx0Q?sub_confirmation=1\" target=\"_blank\" rel=\"noopener\">Abonnez-vous!<\/a><\/p>\n<div class=\"mvp-org-wrap mvp-org-logo\" itemprop=\"publisher\"><img decoding=\"async\" src=\"https:\/\/www.tunisienumerique.com\/wp-content\/uploads\/2017\/02\/logo_tunisie_numerique.png\"\/><\/div>\n<div class=\"mvp-related-posts left relative\">\n<h4 class=\"post-header\"><span class=\"post-header\">Lire aussi<\/span><\/h4>\n<\/div>\n<div id=\"article-ad\"><ins class=\"adsbygoogle c5\" data-ad-client=\"ca-pub-2102118777505746\" data-ad-slot=\"6513972734\" data-ad-format=\"auto\" data-full-width-responsive=\"true\"\/> <\/div>\n<\/div>\n<div id=\"post-sidebar-wrap\"><ins class=\"adsbygoogle c5\" data-ad-client=\"ca-pub-2102118777505746\" data-ad-slot=\"6168283410\" data-ad-format=\"auto\" data-full-width-responsive=\"true\"\/> <\/div>\n<p>Auteur: rania ben slimane<br \/>\n<a href=\"https:\/\/www.tunisienumerique.com\/le-ministre-de-leducation-le-systeme-des-groupes-a-engendre-des-repercussions-negatives-sur-le-niveau-de-leducation\/\">Cliquez ici pour lire l&rsquo;article depuis sa source.<\/a><\/p>\n","protected":false},"excerpt":{"rendered":"<p>Par rania ben slimane \u00a0| Il y a 4 minutes \ud83d\udd0a \u00c9coutez l&rsquo;article Le minist\u00e8re de l\u2019Education a \u00e9valu\u00e9 le premier trimestre de l\u2019ann\u00e9e scolaire en cours, d\u00e9roul\u00e9 dans un contexte sanitaire difficile. Selon\u00a0 le ministre de l\u2019\u00c9ducation Fethi Sellaouti, les r\u00e9sultats de cette \u00e9valuation ont \u00e9t\u00e9 ensuite pr\u00e9sent\u00e9s \u00e0 son partenaire syndical lors des [&hellip;]<\/p>\n","protected":false},"author":1789,"featured_media":0,"comment_status":"closed","ping_status":"closed","sticky":false,"template":"","format":"standard","meta":{"fifu_image_url":"https:\/\/secure.gravatar.com\/avatar\/ea481d7287ad38ca1787f44b5bb1b70e?s=50&d=mm&r=g","fifu_image_alt":"Le ministre de l\u2019\u00c9ducation : \u201cLe syst\u00e8me des groupes a engendr\u00e9 des r\u00e9percussions n\u00e9gatives sur le niveau de l\u2019\u00e9ducation\u201d","footnotes":""},"categories":[73,55],"tags":[],"class_list":["post-109037","post","type-post","status-publish","format-standard","hentry","category-actualite","category-tunisie"],"_links":{"self":[{"href":"https:\/\/linitiative.ca\/International\/wp-json\/wp\/v2\/posts\/109037","targetHints":{"allow":["GET"]}}],"collection":[{"href":"https:\/\/linitiative.ca\/International\/wp-json\/wp\/v2\/posts"}],"about":[{"href":"https:\/\/linitiative.ca\/International\/wp-json\/wp\/v2\/types\/post"}],"author":[{"embeddable":true,"href":"https:\/\/linitiative.ca\/International\/wp-json\/wp\/v2\/users\/1789"}],"replies":[{"embeddable":true,"href":"https:\/\/linitiative.ca\/International\/wp-json\/wp\/v2\/comments?post=109037"}],"version-history":[{"count":0,"href":"https:\/\/linitiative.ca\/International\/wp-json\/wp\/v2\/posts\/109037\/revisions"}],"wp:attachment":[{"href":"https:\/\/linitiative.ca\/International\/wp-json\/wp\/v2\/media?parent=109037"}],"wp:term":[{"taxonomy":"category","embeddable":true,"href":"https:\/\/linitiative.ca\/International\/wp-json\/wp\/v2\/categories?post=109037"},{"taxonomy":"post_tag","embeddable":true,"href":"https:\/\/linitiative.ca\/International\/wp-json\/wp\/v2\/tags?post=109037"}],"curies":[{"name":"wp","href":"https:\/\/api.w.org\/{rel}","templated":true}]}}