{"id":109038,"date":"2021-01-10T14:48:24","date_gmt":"2021-01-10T19:48:24","guid":{"rendered":"https:\/\/linitiative.ca\/International\/retour-au-bercail-dalbert-mabri-toikeusseado-a-fait-sa-part-de-chemin\/"},"modified":"2021-01-10T14:48:24","modified_gmt":"2021-01-10T19:48:24","slug":"retour-au-bercail-dalbert-mabri-toikeusseado-a-fait-sa-part-de-chemin","status":"publish","type":"post","link":"https:\/\/linitiative.ca\/International\/retour-au-bercail-dalbert-mabri-toikeusseado-a-fait-sa-part-de-chemin\/","title":{"rendered":"RETOUR AU BERCAIL D\u2019ALBERT MABRI TOIKEUSSE:ADO a fait sa part de chemin"},"content":{"rendered":"<div class=\"featured-area featured-area-inner\"><img decoding=\"async\" width=\"592\" height=\"296\" src=\"https:\/\/lepays.bf\/wp-content\/uploads\/2021\/01\/jad20200514-conf-toikeusse-592x296-1589467849.jpg\" class=\"attachment-jannah-image-post size-jannah-image-post wp-post-image\" alt=\"\" loading=\"lazy\" srcset=\"https:\/\/lepays.bf\/wp-content\/uploads\/2021\/01\/jad20200514-conf-toikeusse-592x296-1589467849.jpg 592w, https:\/\/lepays.bf\/wp-content\/uploads\/2021\/01\/jad20200514-conf-toikeusse-592x296-1589467849-300x150.jpg 300w\" sizes=\"auto, (max-width: 592px) 100vw, 592px\"\/> Photo d&rsquo;illustration<\/div>\n<div class=\"entry-content entry clearfix\" readability=\"69\">\n<p class=\"c4\">S\u2019achemine-t-on vers une d\u00e9crispation de l\u2019atmosph\u00e8re socio-politique, plus que jamais tendue en C\u00f4te d\u2019Ivoire aux lendemains de la pr\u00e9sidentielle du 31 octobre dernier qui a vu la r\u00e9\u00e9lection du pr\u00e9sident Alassane Dramane Ouattara (ADO) pour un troisi\u00e8me mandat\u00a0? Cette question, plus d\u2019un observateur se la pose au regard de l\u2019\u00e9volution de la situation \u00e0 laquelle l\u2019on assiste ces derniers temps. En effet, apr\u00e8s l\u2019\u00e9largissement, en fin d\u00e9cembre dernier, de Pascal Affi N\u2019guessan, c\u2019est le leader de l\u2019Union pour la d\u00e9mocratie et la paix en C\u00f4te d\u2019Ivoire (UDPCI), Albert Mabri Toikeusse, qui a \u00e9t\u00e9 autoris\u00e9 \u00e0 rentrer au bercail et ce, apr\u00e8s plus de deux mois d\u2019exil. Il a retrouv\u00e9 les siens le 9 janvier dernier, en compagnie de son \u00e9pouse. Mieux, il a re\u00e7u, \u00e0 sa r\u00e9sidence, la direction de son parti. Rappelons qu\u2019Albert Mabri Toikeusse tout comme Pascal Affi N\u2019guessan sont poursuivis par la Justice ivoirienne, pour \u00ab\u00a0<em>complot contre l\u2019autorit\u00e9 de l\u2019Etat et l\u2019int\u00e9grit\u00e9 du territoire national\u00a0<\/em>\u00bb. Cela fait suite \u00e0 l\u2019annonce, par l\u2019opposition ivoirienne, de la cr\u00e9ation d\u2019un Conseil national de transition (CNT) pour faire contrepoids \u00e0 la r\u00e9\u00e9lection d\u2019ADO pour un troisi\u00e8me mandat jug\u00e9 anti-constitutionnel. La suite, on la conna\u00eet. Les positions \u00e9taient tellement tranch\u00e9es qu\u2019ADO, \u00e0 l\u2019issue de son investiture, avait initi\u00e9 un dialogue avec l\u2019ensemble de la classe politique.<\/p>\n<p class=\"c4\"><strong>La C\u00f4te d\u2019Ivoire a maintenant besoin de l\u2019union de ses fils et filles<\/strong><\/p>\n<p class=\"c4\">Toute chose qui a permis d\u2019aplanir quelques difficult\u00e9s. C\u2019est dans ce cadre d\u2019ailleurs que s\u2019inscrivent la lib\u00e9ration, sous contr\u00f4le judiciaire, du patron du FPI (Front populaire ivoirien) l\u00e9gal et le retour au pays du leader de l\u2019UDPCI que d\u2019aucuns annon\u00e7aient\u00a0 au Ghana ou en Europe. En tout cas, le moins que l\u2019on puisse dire, c\u2019est que le pouvoir ivoirien a fait sa part de chemin pour un retour de la paix dans le pays. Il revient maintenant\u00a0 aux acteurs de l\u2019opposition dont certains excellent dans des discours haineux, de faire la leur pour que la C\u00f4te d\u2019Ivoire puisse aller vers une v\u00e9ritable r\u00e9conciliation nationale plus que jamais n\u00e9cessaire. Surtout que la pr\u00e9sidentielle du 31 octobre dernier en a rajout\u00e9 au lot de violences pr\u00e9 et post-\u00e9lectorales. Apr\u00e8s tant d\u2019ann\u00e9es de chienlit sur fond de rejet de l\u2019autre, la C\u00f4te d\u2019Ivoire a maintenant besoin de l\u2019union de ses fils et filles pour s\u2019engager v\u00e9ritablement sur le chemin du d\u00e9veloppement. Et quelle que soit sa bonne foi, ADO ne peut pas r\u00e9ussir ce pari s\u2019il n\u2019a pas l\u2019adh\u00e9sion de ses compatriotes, notamment les leaders de l\u2019opposition politique.<\/p>\n<p class=\"c4\"><strong>\u00a0<\/strong><\/p>\n<p class=\"c4\"><strong>B.O<\/strong><\/p>\n<\/div>\n<p>Auteur: Le Pays<br \/>\n<a href=\"https:\/\/lepays.bf\/retour-au-bercail-dalbert-mabri-toikeusseado-a-fait-sa-part-de-chemin\/\">Cliquez ici pour lire l&rsquo;article depuis sa source.<\/a><\/p>\n","protected":false},"excerpt":{"rendered":"<p>Photo d&rsquo;illustration S\u2019achemine-t-on vers une d\u00e9crispation de l\u2019atmosph\u00e8re socio-politique, plus que jamais tendue en C\u00f4te d\u2019Ivoire aux lendemains de la pr\u00e9sidentielle du 31 octobre dernier qui a vu la r\u00e9\u00e9lection du pr\u00e9sident Alassane Dramane Ouattara (ADO) pour un troisi\u00e8me mandat\u00a0? Cette question, plus d\u2019un observateur se la pose au regard de l\u2019\u00e9volution de la situation [&hellip;]<\/p>\n","protected":false},"author":1813,"featured_media":0,"comment_status":"closed","ping_status":"closed","sticky":false,"template":"","format":"standard","meta":{"fifu_image_url":"https:\/\/lepays.bf\/wp-content\/uploads\/2021\/01\/jad20200514-conf-toikeusse-592x296-1589467849.jpg","fifu_image_alt":"RETOUR AU BERCAIL D\u2019ALBERT MABRI TOIKEUSSE:ADO a fait sa part de chemin","footnotes":""},"categories":[73,81],"tags":[],"class_list":["post-109038","post","type-post","status-publish","format-standard","hentry","category-actualite","category-burkina-faso"],"_links":{"self":[{"href":"https:\/\/linitiative.ca\/International\/wp-json\/wp\/v2\/posts\/109038","targetHints":{"allow":["GET"]}}],"collection":[{"href":"https:\/\/linitiative.ca\/International\/wp-json\/wp\/v2\/posts"}],"about":[{"href":"https:\/\/linitiative.ca\/International\/wp-json\/wp\/v2\/types\/post"}],"author":[{"embeddable":true,"href":"https:\/\/linitiative.ca\/International\/wp-json\/wp\/v2\/users\/1813"}],"replies":[{"embeddable":true,"href":"https:\/\/linitiative.ca\/International\/wp-json\/wp\/v2\/comments?post=109038"}],"version-history":[{"count":0,"href":"https:\/\/linitiative.ca\/International\/wp-json\/wp\/v2\/posts\/109038\/revisions"}],"wp:attachment":[{"href":"https:\/\/linitiative.ca\/International\/wp-json\/wp\/v2\/media?parent=109038"}],"wp:term":[{"taxonomy":"category","embeddable":true,"href":"https:\/\/linitiative.ca\/International\/wp-json\/wp\/v2\/categories?post=109038"},{"taxonomy":"post_tag","embeddable":true,"href":"https:\/\/linitiative.ca\/International\/wp-json\/wp\/v2\/tags?post=109038"}],"curies":[{"name":"wp","href":"https:\/\/api.w.org\/{rel}","templated":true}]}}