{"id":109039,"date":"2021-01-10T14:56:14","date_gmt":"2021-01-10T19:56:14","guid":{"rendered":"https:\/\/linitiative.ca\/International\/investiture-de-sassou-pour-un-enieme-mandat-par-le-pctnguesso-prolonge-la-souffrance-des-congolais\/"},"modified":"2021-01-10T14:56:14","modified_gmt":"2021-01-10T19:56:14","slug":"investiture-de-sassou-pour-un-enieme-mandat-par-le-pctnguesso-prolonge-la-souffrance-des-congolais","status":"publish","type":"post","link":"https:\/\/linitiative.ca\/International\/investiture-de-sassou-pour-un-enieme-mandat-par-le-pctnguesso-prolonge-la-souffrance-des-congolais\/","title":{"rendered":"INVESTITURE DE SASSOU POUR UN ENIEME MANDAT PAR LE PCT:Nguesso prolonge la souffrance des Congolais"},"content":{"rendered":"<p class=\"c4\">Alors qu\u2019il cumule d\u00e9j\u00e0 36 ans au pouvoir, Denis Sassou Nguesso a \u00e9t\u00e9 investi, sans sa pr\u00e9sence, le 8 janvier dernier, par le Parti congolais du travail (PCT), pour la pr\u00e9sidentielle de mars prochain. Certes, ce septuag\u00e9naire qui dirige son pays d\u2019une main de fer depuis plus d\u2019un quart de si\u00e8cle, n\u2019a pas encore donn\u00e9 sa r\u00e9ponse mais on la conna\u00eet d\u00e9j\u00e0.\u00a0 Il ne fait l\u2019ombre d\u2019aucun doute que Denis Sassou Nguesso acceptera volontiers de briguer pour la \u00e9ni\u00e8me fois, la magistrature supr\u00eame. Une fois sa candidature act\u00e9e, il aura, face \u00e0 lui, au moins deux candidats d\u00e9j\u00e0 d\u00e9clar\u00e9s que sont l\u2019opposant Guy-Brice Parfait Kol\u00e9las et l\u2019ancien ministre des Finances, Mathias Dzon. Mais il ne faut pas se faire d\u2019illusions\u00a0: s\u2019il se lance dans la course \u00e0 la pr\u00e9sidentielle, Sassou sera r\u00e9\u00e9lu \u00e0 coup s\u00fbr. Car, on le sait, les satrapes du continent ont bien assimil\u00e9 cette phrase de Omar Bongo, selon laquelle \u00ab\u00a0<em>on n\u2019organise pas des \u00e9lections en Afrique pour les perdre\u00a0<\/em>\u00bb.<\/p>\n<p class=\"c4\">En tout cas, ne comptez pas sur la CENI dirig\u00e9e par Henri Bouka, par ailleurs premier pr\u00e9sident de la Cour supr\u00eame congolaise, pour invalider une victoire douteuse et malpropre de Sassou Nguesso. Ce d\u2019autant que sous nos tropiques, les pr\u00e9sidents d\u2019institutions font tr\u00e8s peu preuve d\u2019ingratitude vis-\u00e0-vis des chefs d\u2019Etat qui les nomment. Le moins que l\u2019on puisse dire, c\u2019est qu\u2019avec cette candidature annonc\u00e9e de Sassou, ceux qui r\u00eavent encore d\u2019alternance au Congo Brazzaville, en sont pour leurs frais.<\/p>\n<p class=\"c4\"><strong>L\u2019homme se prend pour l\u2019Alpha et l\u2019Omega de son pays<\/strong><\/p>\n<p class=\"c4\">Car, tout porte \u00e0 croire que le r\u00eave de Sassou, c\u2019est de mourir au pouvoir ou \u00e0 d\u00e9faut, se faire succ\u00e9der par son fils Denis Christel s\u2019il en est rassasi\u00e9. On est d\u2019autant plus fond\u00e9 \u00e0 le penser que l\u2019homme aura travaill\u00e9 \u00e0 r\u00e9duire l\u2019opposition \u00e0 sa plus simple expression. Et ce n\u2019est pas le g\u00e9n\u00e9ral Jean-Marie Michel Mokoko qui a \u00e9t\u00e9 jet\u00e9 en prison tel un vulgaire bandit pour avoir contest\u00e9 la victoire de Sassou \u00e0 la pr\u00e9sidentielle de 2016, qui dira le contraire. Du reste, n\u2019e\u00fbt \u00e9t\u00e9 la forte mobilisation des mouvements de d\u00e9fense des droits de l\u2019Homme, cet ancien compagnon de Sassou devenu son plus farouche opposant, aurait d\u00e9j\u00e0 pass\u00e9 l\u2019arme \u00e0 gauche.<\/p>\n<p class=\"c4\">Apr\u00e8s 36 ans de r\u00e8gne, Sassou devrait pourtant avoir la d\u00e9cence de passer la main.\u00a0 Mais h\u00e9las\u00a0! L\u2019homme se prend pour l\u2019Alpha et l\u2019Omega de son pays. Le hic c\u2019est que sa long\u00e9vit\u00e9 au pouvoir n\u2019aura pas apport\u00e9 grand-chose au peuple congolais. Car, malgr\u00e9 ses immenses richesses, le Congo Brazzaville peine \u00e0 nourrir, \u00e0 soigner et \u00e0 \u00e9duquer ses filles et fils du fait de la mal gouvernance qui aura caract\u00e9ris\u00e9 le long et sanguinaire r\u00e8gne de l\u2019enfant d\u2019Edou. A 77 ans, que peut-il encore donner au Congo, qu\u2019il n\u2019ait pas pu lui apporter en 36 ans de pouvoir\u00a0? C\u2019est dire qu\u2019une \u00e9ventuelle r\u00e9\u00e9lection de Denis Sassou Nguesso ne ferait que prolonger la souffrance des Congolais.<\/p>\n<p class=\"c4\"><strong>\u00a0<\/strong><\/p>\n<p class=\"c4\"><strong>Dabadi ZOUMBARA<\/strong><\/p>\n<p class=\"c4\"><strong>\u00a0<\/strong><\/p>\n<p>Auteur: Le Pays<br \/>\n<a href=\"https:\/\/lepays.bf\/investiture-de-sassou-pour-un-enieme-mandat-par-le-pctnguesso-prolonge-la-souffrance-des-congolais\/\">Cliquez ici pour lire l&rsquo;article depuis sa source.<\/a><\/p>\n","protected":false},"excerpt":{"rendered":"<p>Alors qu\u2019il cumule d\u00e9j\u00e0 36 ans au pouvoir, Denis Sassou Nguesso a \u00e9t\u00e9 investi, sans sa pr\u00e9sence, le 8 janvier dernier, par le Parti congolais du travail (PCT), pour la pr\u00e9sidentielle de mars prochain. Certes, ce septuag\u00e9naire qui dirige son pays d\u2019une main de fer depuis plus d\u2019un quart de si\u00e8cle, n\u2019a pas encore donn\u00e9 [&hellip;]<\/p>\n","protected":false},"author":1813,"featured_media":0,"comment_status":"closed","ping_status":"closed","sticky":false,"template":"","format":"standard","meta":{"fifu_image_url":"","fifu_image_alt":"","footnotes":""},"categories":[73,81],"tags":[],"class_list":["post-109039","post","type-post","status-publish","format-standard","hentry","category-actualite","category-burkina-faso"],"_links":{"self":[{"href":"https:\/\/linitiative.ca\/International\/wp-json\/wp\/v2\/posts\/109039","targetHints":{"allow":["GET"]}}],"collection":[{"href":"https:\/\/linitiative.ca\/International\/wp-json\/wp\/v2\/posts"}],"about":[{"href":"https:\/\/linitiative.ca\/International\/wp-json\/wp\/v2\/types\/post"}],"author":[{"embeddable":true,"href":"https:\/\/linitiative.ca\/International\/wp-json\/wp\/v2\/users\/1813"}],"replies":[{"embeddable":true,"href":"https:\/\/linitiative.ca\/International\/wp-json\/wp\/v2\/comments?post=109039"}],"version-history":[{"count":0,"href":"https:\/\/linitiative.ca\/International\/wp-json\/wp\/v2\/posts\/109039\/revisions"}],"wp:attachment":[{"href":"https:\/\/linitiative.ca\/International\/wp-json\/wp\/v2\/media?parent=109039"}],"wp:term":[{"taxonomy":"category","embeddable":true,"href":"https:\/\/linitiative.ca\/International\/wp-json\/wp\/v2\/categories?post=109039"},{"taxonomy":"post_tag","embeddable":true,"href":"https:\/\/linitiative.ca\/International\/wp-json\/wp\/v2\/tags?post=109039"}],"curies":[{"name":"wp","href":"https:\/\/api.w.org\/{rel}","templated":true}]}}