{"id":109040,"date":"2021-01-10T15:00:43","date_gmt":"2021-01-10T20:00:43","guid":{"rendered":"https:\/\/linitiative.ca\/International\/lutte-contre-le-terrorismequand-le-drian-met-les-pays-du-sahel-face-a-leurs-responsabilites\/"},"modified":"2021-01-10T15:00:43","modified_gmt":"2021-01-10T20:00:43","slug":"lutte-contre-le-terrorismequand-le-drian-met-les-pays-du-sahel-face-a-leurs-responsabilites","status":"publish","type":"post","link":"https:\/\/linitiative.ca\/International\/lutte-contre-le-terrorismequand-le-drian-met-les-pays-du-sahel-face-a-leurs-responsabilites\/","title":{"rendered":"LUTTE CONTRE LE TERRORISME:Quand Le Drian met les pays du Sahel face \u00e0 leurs responsabilit\u00e9s"},"content":{"rendered":"<p class=\"c4\">Le ministre fran\u00e7ais des Affaires \u00e9trang\u00e8res, Jean Yves Le Drian, \u00e9tait \u00e0 <em>Kosyam<\/em> le 8 janvier dernier o\u00f9 il a rencontr\u00e9 le pr\u00e9sident du Faso, Roch Marc Christian Kabor\u00e9 avec lequel il a abord\u00e9 des sujets relatifs \u00e0 la coop\u00e9ration \u00e9conomique, sociale et surtout s\u00e9curitaire entre la France et le <em>pays des Hommes int\u00e8gres<\/em>. La France, en tant que premier partenaire bilat\u00e9ral du Burkina, entend, foi de Le Drian,\u00a0 reconduire les aides participant au d\u00e9veloppement \u00e9conomique et social de notre pays, notamment dans les domaines humanitaire et sanitaire. Le ministre fran\u00e7ais a profit\u00e9 de son s\u00e9jour ouagalais pour aborder avec son h\u00f4te, l\u2019in\u00e9vitable question de la s\u00e9curit\u00e9 dans les pays du Sahel et de la contribution de l\u2019Hexagone dans la lutte contre le terrorisme dans cet espace.<\/p>\n<p class=\"c4\">A l\u2019heure o\u00f9 la France cherche \u00e0 s\u2019extirper du bourbier sah\u00e9lien avec la r\u00e9duction annonc\u00e9e de ses troupes, Jean Yves Le Drian a opportun\u00e9ment rappel\u00e9 qu\u2019il appartenait, \u00e0 terme, aux Etats africains d\u2019assurer leur propre s\u00e9curit\u00e9, car la France qui a jusqu\u2019ici \u00e9t\u00e9 en premi\u00e8re ligne dans la d\u00e9fense de l\u2019int\u00e9grit\u00e9 territoriale de bon nombre de pays africains, est financi\u00e8rement \u00e0 bout de souffle. Si on ajoute \u00e0 cela le bilan plus que mitig\u00e9 des diff\u00e9rentes op\u00e9rations militaires de l\u2019arm\u00e9e fran\u00e7aise dans les pays du Sahel et les opinions publiques de plus en plus vent debout contre le paternalisme de la France vis-\u00e0-vis de ses anciennes colonies, on comprend ais\u00e9ment l\u2019air navr\u00e9 de Jean Yves Le Drian quand il \u00e9voque \u00e0 demi-mots la probable r\u00e9duction des effectifs de la force Barkhane, sans doute apr\u00e8s le sommet France-G5 Sahel de Ndjamena, en f\u00e9vrier prochain. C\u2019est triste de le dire,\u00a0 soixante ans apr\u00e8s les ind\u00e9pendances, si la France abandonne aujourd\u2019hui le th\u00e9\u00e2tre des op\u00e9rations aux arm\u00e9es des pays sah\u00e9liens, les terroristes risquent de gagner du terrain \u00e0 moins que nos Etats ne d\u00e9veloppent des initiatives locales comme le renforcement de la coop\u00e9ration sur les plans militaires et du renseignement, l\u2019ouverture de n\u00e9gociations entre les protagonistes et la mise en place de plans et programmes de d\u00e9veloppement des zones d\u00e9favoris\u00e9es.<\/p>\n<p class=\"c4\"><strong>Il va falloir qu\u2019on se serre les coudes pour faire face \u00e0 toutes les \u00e9ventualit\u00e9s<\/strong><\/p>\n<p class=\"c4\">Malheureusement, force est de reconnaitre que depuis que les arsenaux militaires de la Libye de Mouammar Kadhafi sont tomb\u00e9s dans de mauvaises mains \u00e0 la chute du dictateur en 2011,\u00a0 toutes les initiatives de d\u00e9veloppement endog\u00e8ne prises par les diff\u00e9rents gouvernements au profit des zones touch\u00e9es par l\u2019ins\u00e9curit\u00e9, sont aujourd\u2019hui au bord du collapse si elles n\u2019ont pas \u00e9t\u00e9 tout simplement abandonn\u00e9es. Le retour \u00e0 la paix dans nos diff\u00e9rents pays est donc plus qu\u2019un imp\u00e9ratif, et il faut reconnaitre qu\u2019il n\u2019appartient pas \u00e0 la France de jouer \u00e9ternellement le r\u00f4le de pays providentiel dans la s\u00e9curisation de nos territoires en butte aux attaques terroristes.<\/p>\n<p class=\"c4\">Si militairement, il nous est impossible de gagner cette guerre asym\u00e9trique et absurde, alors pourquoi ne pas instaurer le dialogue entre bellig\u00e9rants afin de trouver la solution\u00a0? Il y a des signes encourageants qui indiquent que les dirigeants maliens et certains groupes arm\u00e9s adh\u00e8rent d\u00e9sormais \u00e0 cette strat\u00e9gie pour sortir de la crise, comme par exemple le dialogue entre fr\u00e8res ennemis de la CMA et de la Plateforme au Mali, qui a abouti \u00e0 un accord le 8 janvier dernier, sur la gestion de la commune d\u2019Aguelhok qui a \u00e9t\u00e9 au centre de vives tensions entre les Touaregs de la r\u00e9gion de Kidal. Cette bourgade de l\u2019extr\u00eame Nord du Mali, a \u00e9t\u00e9, on s\u2019en souvient, la cible de l\u2019attaque meurtri\u00e8re qui a d\u00e9clench\u00e9e cette interminable crise malienne, qui s\u2019est sold\u00e9e par la mort de plus d\u2019une centaine de soldats maliens en janvier 2012. Depuis, Aguelhok \u00e9tait convoit\u00e9e \u00e0 la fois par les autonomistes Touaregs, les <em>desperados<\/em> salafistes et les suppl\u00e9tifs de l\u2019arm\u00e9e malienne, accentuant ainsi la d\u00e9chirure et compliquant du coup tous les efforts de pacification fournis par la communaut\u00e9 internationale \u00e0 travers le d\u00e9ploiement de la MINUSMA.<\/p>\n<p class=\"c4\">Maintenant que deux des principaux acteurs de la lutte pour le contr\u00f4le d\u2019Aguelhok, ont eu la sagesse de s\u2019asseoir sous la m\u00eame tente et de se parler de <em>mano a mano,<\/em> on a abouti \u00e0 un accord sur la gestion commune de la cit\u00e9\u00a0; ce qui va faire baisser la tension et \u00e9tendre possiblement ce mode de gestion de crise \u00e0 d\u2019autres zones crisog\u00e8nes du Mali et m\u00eame de ses voisins. Du reste, au Burkina comme au Niger, il y a des zones o\u00f9 des massacres se perp\u00e9traient de jour comme de nuit il y a seulement quelques mois, et qui peuvent aujourd\u2019hui \u00eatre consid\u00e9r\u00e9es comme \u00e9tant en convalescence de l\u2019horreur, bien que le probl\u00e8me s\u00e9curitaire soit loin d\u2019\u00eatre r\u00e9gl\u00e9. S\u2019agit-il d\u2019un cessez-le-feu en trompe-l\u2019\u0153il, ou d\u2019un retour progressif \u00e0 la paix d\u00e9finitive suite \u00e0 des n\u00e9gociations souterraines\u00a0? Bien malin qui pourra y r\u00e9pondre, mais les derniers d\u00e9veloppements dans les provinces du Yagha et du Yatenga au Burkina Faso ainsi que dans la r\u00e9gion de Tillab\u00e9ry au Niger, n\u2019incitent gu\u00e8re \u00e0 l\u2019optimisme. Il va falloir donc qu\u2019on se serre les coudes pour faire face \u00e0 toutes les \u00e9ventualit\u00e9s, comme le d\u00e9sengagement progressif de la France et la recrudescence des attaques terroristes. Car, il est paradoxal de tirer \u00e0 boulets rouges sur la France au nom d\u2019un nationalisme \u00e9triqu\u00e9, et \u00eatre incapable de d\u00e9fendre l\u2019int\u00e9grit\u00e9 de son territoire sans appeler la m\u00eame France \u00e0 la rescousse. C\u2019est ce message que le diplomate fran\u00e7ais est venu transmettre tr\u00e8s diplomatiquement au pr\u00e9sident du Faso, vendredi dernier. A bon entendeur, salut\u00a0!<\/p>\n<p class=\"c4\"><strong>\u00a0<\/strong><\/p>\n<p class=\"c4\"><strong>Hamadou GADIAGA<\/strong><\/p>\n<p>Auteur: Le Pays<br \/>\n<a href=\"https:\/\/lepays.bf\/lutte-contre-le-terrorismequand-le-drian-met-les-pays-du-sahel-face-a-leurs-responsabilites\/\">Cliquez ici pour lire l&rsquo;article depuis sa source.<\/a><\/p>\n","protected":false},"excerpt":{"rendered":"<p>Le ministre fran\u00e7ais des Affaires \u00e9trang\u00e8res, Jean Yves Le Drian, \u00e9tait \u00e0 Kosyam le 8 janvier dernier o\u00f9 il a rencontr\u00e9 le pr\u00e9sident du Faso, Roch Marc Christian Kabor\u00e9 avec lequel il a abord\u00e9 des sujets relatifs \u00e0 la coop\u00e9ration \u00e9conomique, sociale et surtout s\u00e9curitaire entre la France et le pays des Hommes int\u00e8gres. La [&hellip;]<\/p>\n","protected":false},"author":1813,"featured_media":0,"comment_status":"closed","ping_status":"closed","sticky":false,"template":"","format":"standard","meta":{"fifu_image_url":"","fifu_image_alt":"","footnotes":""},"categories":[73,81],"tags":[],"class_list":["post-109040","post","type-post","status-publish","format-standard","hentry","category-actualite","category-burkina-faso"],"_links":{"self":[{"href":"https:\/\/linitiative.ca\/International\/wp-json\/wp\/v2\/posts\/109040","targetHints":{"allow":["GET"]}}],"collection":[{"href":"https:\/\/linitiative.ca\/International\/wp-json\/wp\/v2\/posts"}],"about":[{"href":"https:\/\/linitiative.ca\/International\/wp-json\/wp\/v2\/types\/post"}],"author":[{"embeddable":true,"href":"https:\/\/linitiative.ca\/International\/wp-json\/wp\/v2\/users\/1813"}],"replies":[{"embeddable":true,"href":"https:\/\/linitiative.ca\/International\/wp-json\/wp\/v2\/comments?post=109040"}],"version-history":[{"count":0,"href":"https:\/\/linitiative.ca\/International\/wp-json\/wp\/v2\/posts\/109040\/revisions"}],"wp:attachment":[{"href":"https:\/\/linitiative.ca\/International\/wp-json\/wp\/v2\/media?parent=109040"}],"wp:term":[{"taxonomy":"category","embeddable":true,"href":"https:\/\/linitiative.ca\/International\/wp-json\/wp\/v2\/categories?post=109040"},{"taxonomy":"post_tag","embeddable":true,"href":"https:\/\/linitiative.ca\/International\/wp-json\/wp\/v2\/tags?post=109040"}],"curies":[{"name":"wp","href":"https:\/\/api.w.org\/{rel}","templated":true}]}}