{"id":109041,"date":"2021-01-10T15:06:37","date_gmt":"2021-01-10T20:06:37","guid":{"rendered":"https:\/\/linitiative.ca\/International\/crise-socio-politique-en-ex-oubangui-chariquel-avenir-pour-la-rca\/"},"modified":"2021-01-10T15:06:37","modified_gmt":"2021-01-10T20:06:37","slug":"crise-socio-politique-en-ex-oubangui-chariquel-avenir-pour-la-rca","status":"publish","type":"post","link":"https:\/\/linitiative.ca\/International\/crise-socio-politique-en-ex-oubangui-chariquel-avenir-pour-la-rca\/","title":{"rendered":"CRISE SOCIO-POLITIQUE EN EX-OUBANGUI CHARI:Quel avenir pour la RCA ?"},"content":{"rendered":"<p class=\"c4\">En R\u00e9publique centrafricaine (RCA), les jours se suivent et se ressemblent. Ils sont tous, en effet, pratiquement marqu\u00e9s par la violence et cela depuis qu\u2019une coalition de groupes arm\u00e9s, rassemblant des groupes issus de la Seleka et des milices Antibalaka, se sont entendus, comme larrons en foire, pour inscrire le pays \u00e0 l\u2019article de la mort. La coalition des patriotes pour le changement (CPC), puisque c\u2019est d\u2019elle qu\u2019il s\u2019agit, s\u2019est encore signal\u00e9e tristement \u00e0 Bouar, le 9 janvier dernier. En effet, cette localit\u00e9 situ\u00e9e \u00e0 plus de 400 km de la capitale Bangui, a, de nouveau, fait l\u2019objet d\u2019une violente attaque perp\u00e9tr\u00e9e par la CPC. La veille, c\u2019est-\u00e0-dire le 8 janvier, les pr\u00e9sidents Macron et Touad\u00e9ra se sont entretenus. A cette occasion, Emmanuel Macron a r\u00e9it\u00e9r\u00e9 <em>\u00ab\u00a0sa ferme condamnation\u00a0<\/em>\u00bb des groupes arm\u00e9s et de certains leaders dont Fran\u00e7ois Boziz\u00e9. Le grand chef des Blancs accuse particuli\u00e8rement ces derniers de <em>\u00ab\u00a0saper les accords de paix et le processus \u00e9lectoral constitutionnel<\/em>\u00a0\u00bb. Le pr\u00e9sident fran\u00e7ais a \u00e9galement pris note des r\u00e9sultats provisoires des \u00e9lections tout en soulignant la n\u00e9cessit\u00e9 d\u2019un dialogue ouvert et inclusif.<\/p>\n<p class=\"c4\"><strong>Il ne faut pas se m\u00e9prendre sur Fran\u00e7ois Boziz\u00e9<\/strong><\/p>\n<p class=\"c4\">Au plan politique et diplomatique, le pr\u00e9sident Touad\u00e9ra peut se r\u00e9jouir de cet \u00e9change avec le premier responsable de l\u2019ex-puissance coloniale. Et tous ceux qui connaissent l\u2019histoire politique de la RCA, sauront appr\u00e9cier, \u00e0 sa juste valeur, la prise de position de l\u2019Elys\u00e9e. En tout cas, le moins que l\u2019on puisse dire, c\u2019est que le point de vue de la France n\u2019a jamais compt\u00e9 pour du beurre dans les relations entre les deux pays. Et aujourd\u2019hui plus qu\u2019hier, la France ne peut se d\u00e9tourner de l\u2019ex-Oubangui Chari. Et pour cause\u00a0: la Russie de Poutine, depuis l\u2019av\u00e8nement de Touad\u00e9ra, ne cache plus son int\u00e9r\u00eat pour ce riche pays de l\u2019Afrique centrale. Et cela s\u2019est traduit par une pr\u00e9sence militaire russe significative au pays de Barth\u00e9l\u00e9my Boganda.<\/p>\n<p class=\"c4\">La France suit tout cela de pr\u00e8s et semble d\u00e9cid\u00e9e \u00e0 contrarier la Russie dans sa volont\u00e9 affich\u00e9e de prendre pied dans sa richissime ex-colonie. C\u2019est pourquoi, en plus du soutien politique et diplomatique au r\u00e9gime de Touadera, la France veut jouer sa partition militaire sur le terrain. En effet, des\u00a0 avions de chasse <em>Mirage<\/em> ont survol\u00e9, r\u00e9cemment, \u00e0 tr\u00e8s basse attitude, l\u2019Ouest de la capitale puis la route de Mbaiki \u00e0 hauteur de Bimbo, ainsi que des positions des groupes arm\u00e9s sur les routes de Boali et Damara. A cela, il faut ajouter que les chasseurs fran\u00e7ais ont appuy\u00e9 les Forces arm\u00e9es centrafricaines (FACA) et la Mission des nations unies de soutien \u00e0 la Centrafrique (MINUSCA) au camp Leclerc, \u00e0 Bouar, en effectuant trois vols dissuasifs au-dessus des positions de la coalition arm\u00e9e. En tout\u00a0 cas, il ne faut pas se m\u00e9prendre sur Fran\u00e7ois Boziz\u00e9. Seul le langage de la force doit lui \u00eatre oppos\u00e9. Et si la France veut v\u00e9ritablement aider le peuple centrafricain \u00e0 se d\u00e9barrasser de ce sinistre individu, elle a les moyens militaire et politique de le faire. Emmanuel Macron peut, par exemple, mettre \u00e0 contribution <em>\u2018\u2019l\u2019ami\u2019\u2019<\/em> \u2019Idriss Deby pour r\u00e9soudre d\u00e9finitivement l\u2019\u00e9quation Boziz\u00e9. Au-del\u00e0 de Boziz\u00e9, le Tchad a la possibilit\u00e9 et la capacit\u00e9 de faire entendre raison aux autres leaders de la coalition arm\u00e9e qui sont en train de faire des mis\u00e8res \u00e0 la RCA.<\/p>\n<p class=\"c4\"><strong>On est en droit de d\u00e9sesp\u00e9rer de la Centrafrique<\/strong><\/p>\n<p class=\"c4\">Soixante ans apr\u00e8s l\u2019ind\u00e9pendance de l\u2019ex-Oubangui Chari, l\u2019on peut trouver g\u00eanant voire ind\u00e9cent d\u2019en appeler \u00e0 la France pour permettre \u00e0 la RCA de sortir la t\u00eate hors de l\u2019eau. Cela est d\u2019autant plus infamant pour la RCA qu\u2019on conna\u00eet le nombre de d\u00e9g\u00e2ts et d\u2019ing\u00e9rences humiliantes que l\u2019ex-puissance coloniale a fait subir \u00e0 ce \u00a0pays. A l\u2019\u00e9poque coloniale d\u00e9j\u00e0, Ren\u00e9 Maran avait fait cas des brimades subies par les indig\u00e8nes de la part de l\u2019Administration coloniale. Ce t\u00e9moignage est dans son roman <em>\u00ab\u00a0Batouala\u00a0<\/em>\u00bb. La p\u00e9riode post-coloniale n\u2019a pas v\u00e9ritablement chang\u00e9 les choses quant \u00e0 la nature des rapports entre les deux pays. Mais l\u00e0 o\u00f9 on peut difficilement d\u00e9fendre les Centrafricains, c\u2019est leur refus collectif et maladif de grandir. En tout cas, on peut avoir l\u2019impression que les hommes politiques centrafricains n\u2019ont aucun grain d\u2019amour pour ce pays. Tous semblent avoir fait le serment de lui faire subir le martyre, et cela dure depuis toujours. Et ce n\u2019est pas demain la veille que l\u2019on peut s\u2019attendre \u00e0 ce qu\u2019ils battent leur coulpe en guise de repentance. De ce point de vue, l\u2019on peut affirmer sans risque de se tromper, que le Souverain pontife pr\u00eache dans le d\u00e9sert quand il appelle les acteurs politiques centrafricains \u00e0 la r\u00e9conciliation. A sa suite, un pr\u00eatre du pays a appel\u00e9 \u00e0 la m\u00eame chose. Quatre jours apr\u00e8s l\u2019appel du Pape Fran\u00e7ois, la coalition arm\u00e9e a r\u00e9pondu en attaquant violemment Bouar. De tout ce qui pr\u00e9c\u00e8de, l\u2019on est en droit de d\u00e9sesp\u00e9rer de la Centrafrique. En tout cas, l\u2019on peut se permettre de s\u2019interroger ainsi qu\u2019il suit\u00a0: quel avenir pour la Centrafrique\u00a0?<\/p>\n<p class=\"c4\"><strong>\u00a0<\/strong><\/p>\n<p class=\"c4\"><strong><em>\u00ab\u00a0Le Pays\u00a0\u00bb \u00a0\u00a0\u00a0\u00a0\u00a0\u00a0\u00a0<\/em><\/strong><\/p>\n<p>Auteur: Le Pays<br \/>\n<a href=\"https:\/\/lepays.bf\/crise-socio-politique-en-ex-oubangui-chariquel-avenir-pour-la-rca\/\">Cliquez ici pour lire l&rsquo;article depuis sa source.<\/a><\/p>\n","protected":false},"excerpt":{"rendered":"<p>En R\u00e9publique centrafricaine (RCA), les jours se suivent et se ressemblent. Ils sont tous, en effet, pratiquement marqu\u00e9s par la violence et cela depuis qu\u2019une coalition de groupes arm\u00e9s, rassemblant des groupes issus de la Seleka et des milices Antibalaka, se sont entendus, comme larrons en foire, pour inscrire le pays \u00e0 l\u2019article de la [&hellip;]<\/p>\n","protected":false},"author":1813,"featured_media":0,"comment_status":"closed","ping_status":"closed","sticky":false,"template":"","format":"standard","meta":{"fifu_image_url":"","fifu_image_alt":"","footnotes":""},"categories":[73,81],"tags":[],"class_list":["post-109041","post","type-post","status-publish","format-standard","hentry","category-actualite","category-burkina-faso"],"_links":{"self":[{"href":"https:\/\/linitiative.ca\/International\/wp-json\/wp\/v2\/posts\/109041","targetHints":{"allow":["GET"]}}],"collection":[{"href":"https:\/\/linitiative.ca\/International\/wp-json\/wp\/v2\/posts"}],"about":[{"href":"https:\/\/linitiative.ca\/International\/wp-json\/wp\/v2\/types\/post"}],"author":[{"embeddable":true,"href":"https:\/\/linitiative.ca\/International\/wp-json\/wp\/v2\/users\/1813"}],"replies":[{"embeddable":true,"href":"https:\/\/linitiative.ca\/International\/wp-json\/wp\/v2\/comments?post=109041"}],"version-history":[{"count":0,"href":"https:\/\/linitiative.ca\/International\/wp-json\/wp\/v2\/posts\/109041\/revisions"}],"wp:attachment":[{"href":"https:\/\/linitiative.ca\/International\/wp-json\/wp\/v2\/media?parent=109041"}],"wp:term":[{"taxonomy":"category","embeddable":true,"href":"https:\/\/linitiative.ca\/International\/wp-json\/wp\/v2\/categories?post=109041"},{"taxonomy":"post_tag","embeddable":true,"href":"https:\/\/linitiative.ca\/International\/wp-json\/wp\/v2\/tags?post=109041"}],"curies":[{"name":"wp","href":"https:\/\/api.w.org\/{rel}","templated":true}]}}