{"id":109044,"date":"2021-01-10T14:40:56","date_gmt":"2021-01-10T19:40:56","guid":{"rendered":"https:\/\/linitiative.ca\/International\/cooperation-bilaterale-la-france-felicite-le-president-du-faso-pour-sa-reelection\/"},"modified":"2021-01-10T14:40:56","modified_gmt":"2021-01-10T19:40:56","slug":"cooperation-bilaterale-la-france-felicite-le-president-du-faso-pour-sa-reelection","status":"publish","type":"post","link":"https:\/\/linitiative.ca\/International\/cooperation-bilaterale-la-france-felicite-le-president-du-faso-pour-sa-reelection\/","title":{"rendered":"Coop\u00e9ration bilat\u00e9rale: la France f\u00e9licite le pr\u00e9sident du Faso pour sa r\u00e9\u00e9lection"},"content":{"rendered":"<div class=\"td-post-featured-image\"><a href=\"https:\/\/www.sidwaya.info\/wp-content\/uploads\/2021\/01\/Sidwayjyld11.jpg\" data-caption=\"\"><img loading=\"lazy\" decoding=\"async\" width=\"665\" height=\"416\" class=\"entry-thumb td-modal-image\" src=\"https:\/\/www.sidwaya.info\/wp-content\/uploads\/2021\/01\/Sidwayjyld11.jpg\" srcset=\"https:\/\/www.sidwaya.info\/wp-content\/uploads\/2021\/01\/Sidwayjyld11.jpg 665w, https:\/\/www.sidwaya.info\/wp-content\/uploads\/2021\/01\/Sidwayjyld11-300x188.jpg 300w, https:\/\/www.sidwaya.info\/wp-content\/uploads\/2021\/01\/Sidwayjyld11-150x94.jpg 150w\" sizes=\"auto, (max-width: 665px) 100vw, 665px\" alt=\"\" title=\"Sidwayjyld11\"\/><\/a><\/div>\n<p><strong>Le Pr\u00e9sident du Faso, Roch Marc Christian Kabor\u00e9, a re\u00e7u en audience, le vendredi 8 janvier 2021 \u00e0 Ouagadougou, le ministre fran\u00e7ais de l\u2019Europe et des Affaires \u00e9trang\u00e8res, Jean-Yves Le Drian. Le diplomate fran\u00e7ais est venu f\u00e9liciter le Pr\u00e9sident Kabor\u00e9 et \u00e9changer avec lui sur des questions de coop\u00e9ration bilat\u00e9rale.<\/strong><\/p>\n<p>La France f\u00e9licite le Pr\u00e9sident Roch Marc Christian Kabor\u00e9, pour sa r\u00e9\u00e9lection \u00e0 l\u2019issue du scrutin du 22 novembre dernier. C\u2019est le ministre fran\u00e7ais de l\u2019Europe et des Affaires \u00e9trang\u00e8res, Jean-Yves Le Drian, qui l\u2019a signifi\u00e9 \u00e0 l\u2019issue d\u2019une audience avec le pr\u00e9sident du Faso, dans l\u2019apr\u00e8s-midi du vendredi 8 janvier 2021, au palais de Kosyam. Pour le chef de la diplomatie fran\u00e7aise, son d\u00e9placement au pays des Hommes int\u00e8gres, qui intervient apr\u00e8s la participation d\u2019une d\u00e9l\u00e9gation fran\u00e7aise \u00e0 l\u2019investiture du pr\u00e9sident du Faso, traduit \u00ab la solidit\u00e9 et l\u2019excellence \u00bb des relations d\u2019amiti\u00e9 entre les deux pays. \u00ab Ce d\u00e9placement m\u2019a permis de f\u00e9liciter de vive voix le Pr\u00e9sident Kabor\u00e9 pour sa r\u00e9\u00e9lection et de lui souhaiter tous mes v\u0153ux de succ\u00e8s dans la mission qui lui a \u00e9t\u00e9 confi\u00e9e par le peuple burkinab\u00e8 \u00bb, a d\u00e9clar\u00e9 Jean-Yves Le Drian, \u00e0 sa sortie d\u2019audience.<br \/>Il a ensuite salu\u00e9 l\u2019engagement de Roch Marc Christian Kabor\u00e9 \u00e0 \u00eatre le pr\u00e9sident de tous les Burkinab\u00e8 sans exclusive et surtout sa volont\u00e9 d\u2019\u0153uvrer pour le renforcement de la coh\u00e9sion sociale et le vivre-ensemble. Le Drian s\u2019est aussi f\u00e9licit\u00e9 du dialogue et de l\u2019esprit de responsabilit\u00e9 qui ont pr\u00e9valu, selon lui, au sein de l\u2019ensemble de la classe politique. Toute chose qui, a-t-il dit, a permis de faire aboutir le processus \u00e9lectoral dans de bonnes conditions, malgr\u00e9 le contexte s\u00e9curitaire difficile. \u00ab Cet esprit de consensus et l\u2019ancrage d\u00e9mocratique sont exemplaires \u00bb, a reconnu le chef de la diplomatie fran\u00e7aise.<br \/>S\u2019agissant des domaines de coop\u00e9ration et de d\u00e9veloppement, Jean-Yves Le Drian a signifi\u00e9 que son pays intervient en priorit\u00e9 dans le cadre du Programme d\u2019urgence pour le Sahel (PUS), de l\u2019humanitaire et dans la lutte contre le coronavirus. \u00ab Pour faire face aux besoins humanitaires croissants, la France va augmenter ses engagements financiers. En 2020, l\u2019aide humanitaire fran\u00e7aise s\u2019est \u00e9lev\u00e9e \u00e0 plus de 10 millions d\u2019euros et elle sera reconduite en 2021 \u00e0 cette hauteur \u00bb, a-t-il promis.<br \/>Sur les questions de s\u00e9curit\u00e9, qui ont aussi fait l\u2019objet d\u2019\u00e9change avec le pr\u00e9sident du Faso, Jean-Yves Le Drian a indiqu\u00e9 que la France demeure d\u00e9termin\u00e9e \u00e0 accompagner le Burkina Faso dans le domaine de la s\u00e9curit\u00e9 et dans sa politique de d\u00e9veloppement \u00e9conomique et social.<br \/>Au sujet de la lutte contre le terrorisme, le ministre fran\u00e7ais des Affaires \u00e9trang\u00e8res a soutenu que la mobilisation internationale, apr\u00e8s la rencontre de Pau et les actions de la Coalition internationale pour le Sahel ont permis d\u2019engranger des r\u00e9sultats probants, notamment dans la zone dite des trois fronti\u00e8res.<\/p>\n<p>Souma\u00efla BONKOUNGOU &amp;<br \/>Lati Fatou TARBANGDO<br \/>(Stagiaire)<\/p>\n<div class=\"td-a-rec td-a-rec-id-content_bottom tdi_33_d4d td_block_template_1\"><img loading=\"lazy\" decoding=\"async\" class=\"aligncenter size-full wp-image-27454\" src=\"https:\/\/www.sidwaya.info\/wp-content\/uploads\/2020\/10\/PUB-Bandeau-paiement-mobile-siteweb.jpg\" alt=\"\" width=\"728\" height=\"90\"\/><\/div>\n<p>Auteur: BM. Sidwaya<br \/>\n<a href=\"https:\/\/www.sidwaya.info\/blog\/2021\/01\/10\/cooperation-bilaterale-la-france-felicite-le-president-du-faso-pour-sa-reelection\/\">Cliquez ici pour lire l&rsquo;article depuis sa source.<\/a><\/p>\n","protected":false},"excerpt":{"rendered":"<p>Le Pr\u00e9sident du Faso, Roch Marc Christian Kabor\u00e9, a re\u00e7u en audience, le vendredi 8 janvier 2021 \u00e0 Ouagadougou, le ministre fran\u00e7ais de l\u2019Europe et des Affaires \u00e9trang\u00e8res, Jean-Yves Le Drian. Le diplomate fran\u00e7ais est venu f\u00e9liciter le Pr\u00e9sident Kabor\u00e9 et \u00e9changer avec lui sur des questions de coop\u00e9ration bilat\u00e9rale. La France f\u00e9licite le Pr\u00e9sident [&hellip;]<\/p>\n","protected":false},"author":1816,"featured_media":0,"comment_status":"closed","ping_status":"closed","sticky":false,"template":"","format":"standard","meta":{"fifu_image_url":"https:\/\/www.sidwaya.info\/wp-content\/uploads\/2021\/01\/Sidwayjyld11.jpg","fifu_image_alt":"Coop\u00e9ration bilat\u00e9rale: la France f\u00e9licite le pr\u00e9sident du Faso pour sa r\u00e9\u00e9lection","footnotes":""},"categories":[73,81],"tags":[],"class_list":["post-109044","post","type-post","status-publish","format-standard","hentry","category-actualite","category-burkina-faso"],"_links":{"self":[{"href":"https:\/\/linitiative.ca\/International\/wp-json\/wp\/v2\/posts\/109044","targetHints":{"allow":["GET"]}}],"collection":[{"href":"https:\/\/linitiative.ca\/International\/wp-json\/wp\/v2\/posts"}],"about":[{"href":"https:\/\/linitiative.ca\/International\/wp-json\/wp\/v2\/types\/post"}],"author":[{"embeddable":true,"href":"https:\/\/linitiative.ca\/International\/wp-json\/wp\/v2\/users\/1816"}],"replies":[{"embeddable":true,"href":"https:\/\/linitiative.ca\/International\/wp-json\/wp\/v2\/comments?post=109044"}],"version-history":[{"count":0,"href":"https:\/\/linitiative.ca\/International\/wp-json\/wp\/v2\/posts\/109044\/revisions"}],"wp:attachment":[{"href":"https:\/\/linitiative.ca\/International\/wp-json\/wp\/v2\/media?parent=109044"}],"wp:term":[{"taxonomy":"category","embeddable":true,"href":"https:\/\/linitiative.ca\/International\/wp-json\/wp\/v2\/categories?post=109044"},{"taxonomy":"post_tag","embeddable":true,"href":"https:\/\/linitiative.ca\/International\/wp-json\/wp\/v2\/tags?post=109044"}],"curies":[{"name":"wp","href":"https:\/\/api.w.org\/{rel}","templated":true}]}}