{"id":109047,"date":"2021-01-10T10:18:02","date_gmt":"2021-01-10T15:18:02","guid":{"rendered":"https:\/\/linitiative.ca\/International\/washington-determinee-a-approfondir-ses-relations-avec-le-maroc-responsable-americain\/"},"modified":"2021-01-10T10:18:02","modified_gmt":"2021-01-10T15:18:02","slug":"washington-determinee-a-approfondir-ses-relations-avec-le-maroc-responsable-americain","status":"publish","type":"post","link":"https:\/\/linitiative.ca\/International\/washington-determinee-a-approfondir-ses-relations-avec-le-maroc-responsable-americain\/","title":{"rendered":"Washington d\u00e9termin\u00e9e \u00e0 approfondir ses relations avec le Maroc (responsable am\u00e9ricain)"},"content":{"rendered":"<div readability=\"32\">\n<p>Publi\u00e9 le 10.01.2021 \u00e0 16h18 par APA News<\/p>\n<\/div>\n<div readability=\"138\">\n<p>Par Hicham Alaoui\u2013 Le sous-secr\u00e9taire d\u2019Etat am\u00e9ricain en charge des questions du Proche-Orient et de l\u2019Afrique du Nord, David Schenker a affirm\u00e9 que son pays est d\u00e9termin\u00e9 \u00e0 approfondir et \u00e0 renforcer ses relations avec le Maroc dans divers domaines.Lors d\u2019une conf\u00e9rence, tenue \u00e0 Dakhla, perle des provinces du Sud du Royaume, \u00e0 l\u2019issue de ses entretiens avec le ministre marocain des Affaires \u00e9trang\u00e8res, Nasser Bourita, le responsable am\u00e9ricain a annonc\u00e9 avec beaucoup d\u2019enthousiasme que \u00ab les relations entre les \u00c9tats-Unis et le Maroc sont toujours fortes et continuent de prosp\u00e9rer. Ces relations connaitront de meilleures ann\u00e9es \u00bb.<\/p>\n<p>Revenant sur l\u2019aspect historique des relations bilat\u00e9rales, M. Schenker a soulign\u00e9 que l\u2019ann\u00e9e 2021 marque le 200e anniversaire de l\u2019ouverture de la premi\u00e8re mission diplomatique des \u00c9tats-Unis au Maroc \u00a0\u2013 la plus ancienne installation diplomatique US au monde se trouve \u00e0 Tanger. \u00ab Il y a pr\u00e8s de 80 ans, les Am\u00e9ricains, les soldats nord-africains et nos alli\u00e9s europ\u00e9ens ont contr\u00e9 la mar\u00e9e nazie en for\u00e7ant les forces allemandes \u00e0 se retirer de Bizerte en Tunisie\u00a0\u00bb, s\u2019est-il rem\u00e9mor\u00e9. \u00a0\u00ab\u00a0Aujourd\u2019hui, nous voyons le Maroc comme un carrefour des peuples, d\u2019id\u00e9es et d\u2019innovation \u00bb, a-t-il rappel\u00e9.<\/p>\n<p>Selon lui, le Royaume est un \u00ab partenaire essentiel pour la stabilit\u00e9 r\u00e9gionale \u00bb, du fait que les deux pays b\u00e9n\u00e9ficient d\u2019un large partenariat militaire, relevant que le Maroc est \u00e9galement le seul pays d\u2019Afrique avec lequel Washington avait conclu l\u2019accord de libre-\u00e9change, qui a doubl\u00e9 les exportations marocaines vers les \u00c9tats-Unis depuis son entr\u00e9e en vigueur de l\u2019accord en 2006. La valeur des \u00e9changes bilat\u00e9raux a quintupl\u00e9 dans le m\u00eame laps de temps.<\/p>\n<p>Evoquant le dossier du Sahara, le sous-secr\u00e9taire d\u2019Etat am\u00e9ricain a rappel\u00e9 que le pr\u00e9sident Donald Trump a annonc\u00e9 en d\u00e9cembre dernier que les \u00c9tats-Unis reconnaissent la souverainet\u00e9 marocaine sur le Sahara et qu\u2019Isra\u00ebl et le Maroc, renforcent leurs relations diplomatiques. \u00ab Ce sont l\u00e0 quelques-uns des d\u00e9veloppements les plus importants des deux si\u00e8cles d\u2019amiti\u00e9 entre les \u00c9tats-Unis et le Maroc \u00bb, a-t-il not\u00e9.<\/p>\n<p>Pour sa part, le ministre marocain des Affaires \u00e9trang\u00e8res, Nasser Bourita a affirm\u00e9 que le renforcement des relations entre le Maroc et les Etats-Unis seront mis \u00e0 contribution pour la paix et la stabilit\u00e9 dans les r\u00e9gions de l\u2019Afrique du Nord et du Moyen Orient.<\/p>\n<p>Pour lui, les relations entre Rabat et Washington se d\u00e9veloppent selon un \u00ab rythme sans pr\u00e9c\u00e9dent \u00bb et connaissent un d\u00e9veloppement tr\u00e8s important que ce soit au niveau des \u00e9changes de visites, la signature de nombre d\u2019accords bilat\u00e9raux ou la concertation commune.<\/p>\n<p>\u00ab Les relations bilat\u00e9rales sont bien ancr\u00e9es dans l\u2019histoire, depuis la proclamation de l\u2019ind\u00e9pendance des Etats Unis d\u2019Am\u00e9rique, et ont pu accompagner les diff\u00e9rents d\u00e9fis qu\u2019a connu le monde \u00bb, a-t-il fait observer.<\/p>\n<p>Elles reposent des constantes : une histoire commune, des valeurs communes, int\u00e9r\u00eats communes et vision synergique vis-\u00e0-vis de nombreuses questions internationales, a-t-il soulign\u00e9, rappelant que les relations bilat\u00e9rales sont \u00ab fortes \u00bb \u00e0 la faveur de nombreux m\u00e9canismes notamment l\u2019accord de Libre-\u00e9change sign\u00e9 en 2006, le dialogue strat\u00e9gique, le Millenium Challenge, le Maroc est un partenaire des USA en dehors de l\u2019OTAN et de nombreux accords touchant divers domaines.<\/p>\n<p>\u00ab Les Etats-Unis est un partenaire exceptionnel pour le Maroc \u00bb, a-t-il encore insist\u00e9, pr\u00e9cisant que les relations entre les deux pays est bas\u00e9e sur quatre piliers. Le premier \u00e0 caract\u00e8re politico-diplomatique \u00e0 travers le dialogue strat\u00e9gique et la coordination des positions, lesquelles sont tr\u00e8s proches dans nombre de questions (Iran, Venezuela, la Libye, le Sahel et la stabilit\u00e9 en Afrique).<\/p>\n<p>Le deuxi\u00e8me pilier a trait s\u00e9curitaire et militaire notamment dans la lutte contre le terrorisme et le crime organis\u00e9, la coordination entre les services s\u00e9curitaires des deux pays. Pour ce qui est du volet militaire, Rabat et Washington ont sign\u00e9 en octobre dernier l\u2019accord militaire strat\u00e9gique qui s\u2019\u00e9tale sur une p\u00e9riode de dix ans. La semaine prochaine le comit\u00e9 consultatif militaire se r\u00e9unira pour mettre en \u0153uvre cet accord, a fait savoir M. Bourita.<\/p>\n<p>En mati\u00e8re \u00e9conomique, l\u2019accord de libre-\u00e9change a permis de booster les \u00e9changes commerciaux entre les deux pays dans la mesure o\u00f9 le volume des \u00e9changes est pass\u00e9 de 1 milliard \u00e0, 5 milliards de dollars r\u00e9cemment. Ces \u00e9changes devront connaitre un bond consid\u00e9rable \u00e0 la faveur de l\u2019Afrique.<\/p>\n<p>Le quatri\u00e8me pilier \u00e0 caract\u00e8re humanitaire. En effet, les \u00e9coles am\u00e9ricaines sont implant\u00e9es dans plusieurs du Royaume, et les deux pays sont li\u00e9s par des accords culturels et autres.<\/p>\n<p>\u00ab Ces piliers conf\u00e8rent une particularit\u00e9 dans les relations entre le Maroc et les Etats Unis, des relations appel\u00e9es \u00e0 se d\u00e9velopper de plus en plus et connaitre un futur meilleur \u00bb, a-t-il le ministre marocain.<\/p>\n<\/div>\n<p>Auteur: APA News<br \/>\n<a href=\"https:\/\/www.journalducameroun.com\/washington-determinee-a-approfondir-ses-relations-avec-le-maroc-responsable-americain\/\">Cliquez ici pour lire l&rsquo;article depuis sa source.<\/a><\/p>\n","protected":false},"excerpt":{"rendered":"<p>Publi\u00e9 le 10.01.2021 \u00e0 16h18 par APA News Par Hicham Alaoui\u2013 Le sous-secr\u00e9taire d\u2019Etat am\u00e9ricain en charge des questions du Proche-Orient et de l\u2019Afrique du Nord, David Schenker a affirm\u00e9 que son pays est d\u00e9termin\u00e9 \u00e0 approfondir et \u00e0 renforcer ses relations avec le Maroc dans divers domaines.Lors d\u2019une conf\u00e9rence, tenue \u00e0 Dakhla, perle des [&hellip;]<\/p>\n","protected":false},"author":1965,"featured_media":0,"comment_status":"closed","ping_status":"closed","sticky":false,"template":"","format":"standard","meta":{"fifu_image_url":"","fifu_image_alt":"","footnotes":""},"categories":[73,82],"tags":[],"class_list":["post-109047","post","type-post","status-publish","format-standard","hentry","category-actualite","category-cameroun"],"_links":{"self":[{"href":"https:\/\/linitiative.ca\/International\/wp-json\/wp\/v2\/posts\/109047","targetHints":{"allow":["GET"]}}],"collection":[{"href":"https:\/\/linitiative.ca\/International\/wp-json\/wp\/v2\/posts"}],"about":[{"href":"https:\/\/linitiative.ca\/International\/wp-json\/wp\/v2\/types\/post"}],"author":[{"embeddable":true,"href":"https:\/\/linitiative.ca\/International\/wp-json\/wp\/v2\/users\/1965"}],"replies":[{"embeddable":true,"href":"https:\/\/linitiative.ca\/International\/wp-json\/wp\/v2\/comments?post=109047"}],"version-history":[{"count":0,"href":"https:\/\/linitiative.ca\/International\/wp-json\/wp\/v2\/posts\/109047\/revisions"}],"wp:attachment":[{"href":"https:\/\/linitiative.ca\/International\/wp-json\/wp\/v2\/media?parent=109047"}],"wp:term":[{"taxonomy":"category","embeddable":true,"href":"https:\/\/linitiative.ca\/International\/wp-json\/wp\/v2\/categories?post=109047"},{"taxonomy":"post_tag","embeddable":true,"href":"https:\/\/linitiative.ca\/International\/wp-json\/wp\/v2\/tags?post=109047"}],"curies":[{"name":"wp","href":"https:\/\/api.w.org\/{rel}","templated":true}]}}